{"id":7849,"date":"2017-06-28T08:45:25","date_gmt":"2017-06-28T06:45:25","guid":{"rendered":"http:\/\/www.ladislavjakl.cz\/?p=7849"},"modified":"2017-06-28T08:45:25","modified_gmt":"2017-06-28T06:45:25","slug":"stefan-svec-nobihemik","status":"publish","type":"post","link":"https:\/\/www.ladislavjakl.cz\/?p=7849","title":{"rendered":"\u0160tefan \u0160vec: Nob\u00edhem\u00edk"},"content":{"rendered":"<p>Kdy\u017e si Stanislav Gross nechal kolem d\u00e1lnic pov\u011bsit billboardy Mysl\u00edm to up\u0159\u00edmn\u011b, byla to nov\u00e1 \u00farove\u0148 pokrytectv\u00ed. Kdy\u017e se po Brn\u011b proch\u00e1z\u00ed banda n\u00e1ck\u016f v&nbsp;tri\u010dk\u00e1ch Slu\u0161n\u00ed lid\u00e9, je to nov\u00fd level neslu\u0161nosti. Co si ale myslet o&nbsp;tom, kdy\u017e Tomio Okamura ve Sn\u011bmovn\u011b za\u0161ti\u0165uje semin\u00e1\u0159 o&nbsp;diskriminaci b\u00edl\u00e9ho mu\u017ee, to fakt nev\u00edm.<\/p>\n<p><!--more--><\/p>\n<p>Hnut\u00ed na podporu norm\u00e1ln\u00edho b\u00edl\u00e9ho heterosexu\u00e1ln\u00edho mu\u017ee je mi sympatick\u00e9. Bojuje p\u0159ece za m\u011b. Tro\u0161ku m\u011b jen mate, \u017ee ho s&nbsp;podporou na\u017eloutl\u00e9ho p\u0159edsedy SPD vedou b\u00fdval\u00fd hradn\u00ed tajemn\u00edk Ladislav Jakl (zarudl\u00fd) a&nbsp;ne\u00fasp\u011b\u0161n\u00fd politik Petr Hampl (st\u0159\u00eddav\u011b \u0161ed\u00fd a&nbsp;hn\u011bd\u00fd). Vedle nich se tu objevuje pan\u00ed Weidnerov\u00e1, jej\u00ed\u017e b\u00e9\u017eovost m\u016f\u017eeme pominout, proto\u017ee snad ani nen\u00ed \u00fapln\u011b mu\u017eem. (Pokud v\u00e1m p\u0159ijde blb\u00e9 komentovat barvu n\u011b\u010d\u00ed k\u016f\u017ee, tak jste podle v\u0161ech zm\u00edn\u011bn\u00fdch jen ob\u011bt\u00ed \u00fatlaku politick\u00e9 korektnosti).<\/p>\n<p>Dal\u0161\u00edmi bojovn\u00edky, na kter\u00e9 se norm\u00e1ln\u00ed b\u00edl\u00fd heterosexu\u00e1ln\u00ed mu\u017e (tzv. <em>nob\u00edhem\u00edk<\/em>) m\u016f\u017ee v&nbsp;dne\u0161n\u00ed t\u011b\u017ek\u00e9 dob\u011b spolehnout, jsou t\u0159eba adoptovan\u00fd indi\u00e1n Mnislav Zelen\u00fd (sic!), podivuhodn\u00fd katolick\u00fd farizeus Michal Sem\u00edn nebo vyklada\u010d talmudu Benjamin Kuras.<\/p>\n<p>Heterosexualitu t\u011bchto p\u00e1n\u016f mysl\u00edm nem\u00e1 \u017e\u00e1dn\u00fd soudn\u00fd mu\u017e z\u00e1jem zpochyb\u0148ovat. Pot\u00ed\u017e je s&nbsp;posledn\u00edm p\u0159\u00edvlastkem, kter\u00fd tihle neziskov\u00ed aktivist\u00e9 h\u00e1j\u00ed. Za \u201enorm\u00e1ln\u00ed\u201c mu\u017ee se zde zasazuje sociolog, kter\u00fd v\u00e1\u017en\u011b tvrd\u00ed, \u017ee \u201eevropsk\u00e1 justice fakticky vyhl\u00e1sila pr\u00e1vo isl\u00e1msk\u00fdch kolonist\u016f zn\u00e1silnit ka\u017ed\u00e9ho, koho se jim zl\u00edb\u00ed\u201c (viz Hampl\u016fv text <em>Pro\u010d jsme vyhl\u00e1sili Mezin\u00e1rodn\u00ed den heterosexu\u00e1ln\u00edho b\u00edl\u00e9ho mu\u017ee<\/em>), d\u00e1le spisovatel, co je\u0161t\u011b v&nbsp;prosinci 2016 v\u011b\u0159il, \u017ee prezident Obama m\u00e1 pot\u00ed\u017ee prok\u00e1zat sv\u016fj americk\u00fd p\u016fvod a&nbsp;osm let jeho prezidentstv\u00ed m\u016f\u017ee b\u00fdt anulov\u00e1no v\u010detn\u011b v\u0161ech z\u00e1kon\u016f (Kuras\u016fv \u010dl\u00e1nek <em>Tento prezident pr\u00fd v\u016fbec nem\u011bl b\u00fdt prezidentem. Bude se p\u0159episovat historie?<\/em>), nebo cestovatel, kter\u00fd prohla\u0161uje, \u017ee v&nbsp;Evrop\u011b doch\u00e1z\u00ed ke genocid\u011b b\u011bloch\u016f a&nbsp;\u017ee v&nbsp;SSSR to za Stalina bylo v&nbsp;mnoh\u00e9m lep\u0161\u00ed (Zelen\u00e9ho koment\u00e1\u0159 <em>Je na \u0159ad\u011b genocida b\u011bloch\u016f v&nbsp;Evrop\u011b?<\/em>). Co na to \u0159\u00edct? Snad jen to, jak je u\u0161lechtil\u00e9, \u017ee p\u00e1nov\u00e9 bojuj\u00ed za skupinu \u201enorm\u00e1ln\u00edch\u201c, do n\u00ed\u017e sami nepat\u0159\u00ed.<\/p>\n<p>Ladislav Jakl v&nbsp;burcuj\u00edc\u00edm videu na DVTV uvedl jako jedin\u00fd konkr\u00e9tn\u00ed p\u0159\u00edpad diskriminace mu\u017e\u016f to, \u017ee je p\u0159\u00edpustn\u00e9 si z&nbsp;nich d\u011blat p\u0159ed 22. hodinou v&nbsp;televizi legraci, zvl\u00e1\u0161\u0165 kv\u016fli nep\u0159esn\u00e9mu \u010dur\u00e1n\u00ed mimo m\u00edsu. Pravdou je, \u017ee pr\u00e1v\u011b to m\u011b jako <em>nob\u00edhem\u00edka <\/em>tr\u00e1p\u00ed na sv\u011bt\u011b nejv\u00edc. Tak\u017ee: D\u00edky, Ladislave Jakle!<\/p>\n<p><a href=\"https:\/\/www.novinky.cz\/kultura\/salon\/440425-stefan-svec-nobihemik.html?utm_source=tapito&amp;utm_medium=app_android&amp;utm_campaign=tapito_article\">Zdroj<\/a><\/p>\n","protected":false},"excerpt":{"rendered":"<p>Kdy\u017e si Stanislav Gross nechal kolem d\u00e1lnic pov\u011bsit billboardy Mysl\u00edm to up\u0159\u00edmn\u011b, byla to nov\u00e1 \u00farove\u0148 pokrytectv\u00ed. Kdy\u017e se po Brn\u011b proch\u00e1z\u00ed banda n\u00e1ck\u016f v&nbsp;tri\u010dk\u00e1ch Slu\u0161n\u00ed lid\u00e9, je to nov\u00fd level neslu\u0161nosti. Co si ale myslet o&nbsp;tom, kdy\u017e Tomio Okamura ve Sn\u011bmovn\u011b za\u0161ti\u0165uje semin\u00e1\u0159 o&nbsp;diskriminaci b\u00edl\u00e9ho mu\u017ee, to fakt nev\u00edm.<\/p>\n","protected":false},"author":1,"featured_media":0,"comment_status":"open","ping_status":"open","sticky":false,"template":"","format":"standard","meta":{"ngg_post_thumbnail":0,"footnotes":""},"categories":[11],"tags":[],"class_list":["post-7849","post","type-post","status-publish","format-standard","hentry","category-ozvena"],"_links":{"self":[{"href":"https:\/\/www.ladislavjakl.cz\/index.php?rest_route=\/wp\/v2\/posts\/7849","targetHints":{"allow":["GET"]}}],"collection":[{"href":"https:\/\/www.ladislavjakl.cz\/index.php?rest_route=\/wp\/v2\/posts"}],"about":[{"href":"https:\/\/www.ladislavjakl.cz\/index.php?rest_route=\/wp\/v2\/types\/post"}],"author":[{"embeddable":true,"href":"https:\/\/www.ladislavjakl.cz\/index.php?rest_route=\/wp\/v2\/users\/1"}],"replies":[{"embeddable":true,"href":"https:\/\/www.ladislavjakl.cz\/index.php?rest_route=%2Fwp%2Fv2%2Fcomments&post=7849"}],"version-history":[{"count":1,"href":"https:\/\/www.ladislavjakl.cz\/index.php?rest_route=\/wp\/v2\/posts\/7849\/revisions"}],"predecessor-version":[{"id":7850,"href":"https:\/\/www.ladislavjakl.cz\/index.php?rest_route=\/wp\/v2\/posts\/7849\/revisions\/7850"}],"wp:attachment":[{"href":"https:\/\/www.ladislavjakl.cz\/index.php?rest_route=%2Fwp%2Fv2%2Fmedia&parent=7849"}],"wp:term":[{"taxonomy":"category","embeddable":true,"href":"https:\/\/www.ladislavjakl.cz\/index.php?rest_route=%2Fwp%2Fv2%2Fcategories&post=7849"},{"taxonomy":"post_tag","embeddable":true,"href":"https:\/\/www.ladislavjakl.cz\/index.php?rest_route=%2Fwp%2Fv2%2Ftags&post=7849"}],"curies":[{"name":"wp","href":"https:\/\/api.w.org\/{rel}","templated":true}]}}