{"id":7851,"date":"2017-06-28T08:46:27","date_gmt":"2017-06-28T06:46:27","guid":{"rendered":"http:\/\/www.ladislavjakl.cz\/?p=7851"},"modified":"2017-06-28T08:46:27","modified_gmt":"2017-06-28T06:46:27","slug":"bili-muzi-na-tahu-klaus-ml-a-spol-citi-ze-nadesel-jejich-cas","status":"publish","type":"post","link":"https:\/\/www.ladislavjakl.cz\/?p=7851","title":{"rendered":"B\u00edl\u00ed mu\u017ei na tahu. Klaus ml. a spol. c\u00edt\u00ed, \u017ee nade\u0161el jejich \u010das"},"content":{"rendered":"<p class=\"article-komentar__preview\">Zat\u00edmco politick\u00e1 reprezentace zprava doleva \u0159e\u0161ila vl\u00e1dn\u00ed krizi, na n\u00e1m\u011bst\u00edch \u010desk\u00fdch m\u011bst demonstrovaly tis\u00edce ob\u010dan\u016f za lep\u0161\u00ed \u010cesko bez Babi\u0161e a prezident republiky se chystal na cestu do bratrsk\u00e9 \u010c\u00edny, se\u0161la se ve \u010dtvrtek 11. kv\u011btna&nbsp;v parlamentn\u00ed kav\u00e1rn\u011b Demokracie skupina lid\u00ed, j\u00ed\u017e le\u017e\u00ed na srdci docela jin\u00e9 probl\u00e9my. Na p\u0159edn\u00e1\u0161ce s n\u00e1zvem \u201e\u0160ance norm\u00e1ln\u00edho mu\u017ee ve v\u011bku politick\u00e9 korektnosti\u201c, konan\u00e9 na sn\u011bmovn\u00ed p\u016fd\u011b pod z\u00e1\u0161titou Tomia Okamury, si daly sraz vesm\u011bs zn\u00e1m\u00e9 postavy n\u00e1zorov\u011b konzervativn\u00edho proudu ve\u0159ejn\u00e9ho d\u011bn\u00ed.<\/p>\n<p class=\"article-komentar__preview\"><!--more--><\/p>\n<p class=\"article-komentar__preview\">T\u00e9matem bylo \u00fadajn\u011b ohro\u017een\u00e9 postaven\u00ed b\u00edl\u00fdch heterosexu\u00e1ln\u00edch mu\u017e\u016f v modern\u00ed spole\u010dnosti. N\u00e1prava \u00fadajn\u00e9ho \u00fatisku b\u00edl\u00fdch mu\u017e\u016f ve st\u00e1t\u011b, kde p\u0159es devades\u00e1t procent obyvatelstva tvo\u0159\u00ed etni\u010dt\u00ed \u010ce\u0161i, je ov\u0161em jen jedn\u00edm&nbsp;z t\u00e9mat, kter\u00e1 chce tuzemsk\u00e1 konzervativn\u00ed sc\u00e9na protla\u010dit nejprve do ve\u0159ejn\u00e9 diskuse a pak p\u0159edev\u0161\u00edm do re\u00e1ln\u00e9 politiky. C\u00edt\u00ed toti\u017e, \u017ee \u00e9ra Donalda Trumpa, Viktora Orb\u00e1na&nbsp;\u010di britsk\u00e9ho odchodu z EU&nbsp;by mohla b\u00fdt k jejich recept\u016fm na uspo\u0159\u00e1d\u00e1n\u00ed spole\u010dnosti naklon\u011bna&nbsp;p\u0159\u00edzniv\u011bji&nbsp;ne\u017e liberalismus p\u0159edchoz\u00edch dvou dek\u00e1d.<\/p>\n<p class=\"article-komentar__preview\">Obvykl\u00ed podez\u0159el\u00ed. A dost!<\/p>\n<p class=\"article-komentar__preview\">Na soar\u00e9 v kav\u00e1rn\u011b Demokracie byli&nbsp;k vid\u011bn\u00ed v\u011bt\u0161inou \u201eobvykl\u00ed podez\u0159el\u00ed\u201c konzervativn\u00ed sc\u00e9ny, vesm\u011bs lid\u00e9 z okruhu akce DOST, p\u0159\u00edpadn\u011b spolupracovn\u00edci exprezidenta Klause. Po \u00favodu Tomia Okamury promluvila spisovatelka V\u011bra Noskov\u00e1, autorka knihy <em>Chra\u0148me mu\u017ee<\/em>, a nast\u00ednila apokalyptickou vizi spole\u010dnosti bez mu\u017e\u016f, v n\u00ed\u017e&nbsp;by bez dohledu in\u017een\u00fdr\u016f z\u00e1hy&nbsp;explodovala parn\u00ed potrub\u00ed, bez kontroly v\u011bdc\u016f se p\u0159eh\u0159\u00e1ly reaktory jadern\u00fdch elektr\u00e1ren a z nebe by pr\u0161ela letadla, ne\u0159\u00edzen\u00e1 p\u00e1ny piloty.<\/p>\n<p class=\"article-komentar__preview\">Po bizarn\u00edm sci-fi v\u00fdletu do odmaskulizovan\u00e9 spole\u010dnosti se slova ujal spisovatel a novin\u00e1\u0159 Benjamin Kuras a satiricky pohl\u00e9dl na zoubek genderov\u00e9 problematice, p\u0159edev\u0161\u00edm m\u00f3d\u011b p\u0159id\u00e1v\u00e1n\u00ed dal\u0161\u00edch a dal\u0161\u00edch konfigurac\u00ed sexu\u00e1ln\u00ed identity, \u0161\u00ed\u0159en\u00e9 zejm\u00e9na z americk\u00fdch univerzit. Konzervativn\u00ed katol\u00edk Michal Sem\u00edn, \u0159editel Institutu svat\u00e9ho Josefa, zase pohovo\u0159il o totalitn\u00ed povaze feminismu. Z publika projev\u016fm p\u0159ihl\u00ed\u017eel nap\u0159\u00edklad dlouholet\u00fd kolega V\u00e1clava Klause, hudebn\u00edk a pivn\u00ed znalec Ladislav Jakl. Ideov\u00fdm otcem cel\u00e9 akce pak byl&nbsp;drobn\u00fd podnikatel a dal\u0161\u00ed ze signat\u00e1\u0159\u016f DOST&nbsp;Petr Hampl.<\/p>\n<p class=\"article-komentar__preview\">Leitmotiv setk\u00e1n\u00ed byl jasn\u00fd \u2013 Z\u00e1pad je v rozkladu, ovl\u00e1dly ho zhoubn\u00e9 ideologie feminismu, kulturn\u00edho marxismu a fale\u0161n\u00e9ho humanrightismu a&nbsp;v\u016fbec nejv\u00edc to schyt\u00e1v\u00e1 ml\u00e1de\u017e, kter\u00e1 se pro sam\u00e9 iPhony, hip hopy a genderov\u011b nestabiln\u00ed hv\u011bzdy showbyznysu u\u017e zcela odrodila a&nbsp;nerespektuje vlastenectv\u00ed ani&nbsp;p\u0159irozen\u00fd \u0159\u00e1d v\u011bc\u00ed, v jeho\u017e j\u00e1dru stoj\u00ed rodina, \u0159\u00edzen\u00e1 patriarchou (pochopiteln\u011b heterosexu\u00e1ln\u00edm a b\u00edl\u00fdm). Tento obecn\u00fd rozklad pak nejv\u00edce dol\u00e9h\u00e1 na norm\u00e1ln\u00ed mu\u017ee&nbsp;\u2013&nbsp;po\u0159\u00e1dn\u00ed chlapi ze star\u00e9 \u0161koly jsou u\u017e ohro\u017een\u00fdm druhem.<\/p>\n<p class=\"article-komentar__preview\">Na akci se dostavilo i n\u011bkolik mlad\u00fdch novin\u00e1\u0159ek z n\u00e1zorov\u011b levicov\u00fdch m\u00e9di\u00ed: jedna z nich, dokumentaristka a \u017eurnalistka Apolena Rychl\u00edkov\u00e1, si sm\u011brem k diskut\u00e9r\u016fm, s v\u00fdjimkou pan\u00ed Noskov\u00e9 d\u016fstojn\u00fdch p\u00e1n\u016f v nejlep\u0161\u00edch letech, neodpustila nep\u011bkn\u00e9 pozn\u00e1me\u010dky: zda pr\u00fd se tu \u0159e\u0161\u00ed obecn\u00fd deficit mu\u017enosti ve spole\u010dnosti, nebo sp\u00ed\u0161 p\u0159irozen\u00fd \u00fabytek testosteronu p\u00e1n\u016f \u0159e\u010dn\u00edk\u016f.<\/p>\n<p class=\"article-komentar__preview\">Sn\u011bmovn\u00ed p\u0159edn\u00e1\u0161ka o ohro\u017een\u00ed chlap\u016f r\u016f\u017eovou kastruj\u00edc\u00ed arm\u00e1dou feministek, gay\u016f, transsexu\u00e1l\u016f a lid\u00ed z neziskovek mohla na \u010dlov\u011bka z velkom\u011bstsky liber\u00e1ln\u00ed soci\u00e1ln\u00ed bubliny p\u016fsobit pon\u011bkud obskurn\u011b. Nicm\u00e9n\u011b nen\u00ed pochyb, \u017ee podobn\u011b zabarven\u00e1 vypr\u00e1v\u011bn\u00ed nab\u00edraj\u00ed v r\u00e1mci Z\u00e1padu na popularit\u011b, a to i mezi nejmlad\u0161\u00ed voli\u010dskou demografi\u00ed. Po cel\u00e9 Evrop\u011b i USA&nbsp;maj\u00ed tyto p\u0159\u00edb\u011bhy v\u017edy trochu odli\u0161n\u00e9 zabarven\u00ed i jin\u00e9 vyprav\u011b\u010de, ale k velk\u00e9mu revivalu konzervativn\u00edho my\u0161len\u00ed, zejm\u00e9na ve spole\u010densk\u00fdch ot\u00e1zk\u00e1ch, z\u0159ejm\u011b skute\u010dn\u011b doch\u00e1z\u00ed.<\/p>\n<p class=\"article-komentar__preview\"><a href=\"http:\/\/echo24.cz\/a\/ijxfj\/bili-muzi-na-tahu-klaus-ml-a-spol-citi-ze-nadesel-jejich-cas\">Zdroj<\/a><\/p>\n","protected":false},"excerpt":{"rendered":"<p>Zat\u00edmco politick\u00e1 reprezentace zprava doleva \u0159e\u0161ila vl\u00e1dn\u00ed krizi, na n\u00e1m\u011bst\u00edch \u010desk\u00fdch m\u011bst demonstrovaly tis\u00edce ob\u010dan\u016f za lep\u0161\u00ed \u010cesko bez Babi\u0161e a prezident republiky se chystal na cestu do bratrsk\u00e9 \u010c\u00edny, se\u0161la se ve \u010dtvrtek 11. kv\u011btna&nbsp;v parlamentn\u00ed kav\u00e1rn\u011b Demokracie skupina lid\u00ed, j\u00ed\u017e le\u017e\u00ed na srdci docela jin\u00e9 probl\u00e9my. Na p\u0159edn\u00e1\u0161ce s n\u00e1zvem \u201e\u0160ance norm\u00e1ln\u00edho mu\u017ee [&hellip;]<\/p>\n","protected":false},"author":1,"featured_media":0,"comment_status":"open","ping_status":"open","sticky":false,"template":"","format":"standard","meta":{"ngg_post_thumbnail":0,"footnotes":""},"categories":[11],"tags":[],"class_list":["post-7851","post","type-post","status-publish","format-standard","hentry","category-ozvena"],"_links":{"self":[{"href":"https:\/\/www.ladislavjakl.cz\/index.php?rest_route=\/wp\/v2\/posts\/7851","targetHints":{"allow":["GET"]}}],"collection":[{"href":"https:\/\/www.ladislavjakl.cz\/index.php?rest_route=\/wp\/v2\/posts"}],"about":[{"href":"https:\/\/www.ladislavjakl.cz\/index.php?rest_route=\/wp\/v2\/types\/post"}],"author":[{"embeddable":true,"href":"https:\/\/www.ladislavjakl.cz\/index.php?rest_route=\/wp\/v2\/users\/1"}],"replies":[{"embeddable":true,"href":"https:\/\/www.ladislavjakl.cz\/index.php?rest_route=%2Fwp%2Fv2%2Fcomments&post=7851"}],"version-history":[{"count":1,"href":"https:\/\/www.ladislavjakl.cz\/index.php?rest_route=\/wp\/v2\/posts\/7851\/revisions"}],"predecessor-version":[{"id":7852,"href":"https:\/\/www.ladislavjakl.cz\/index.php?rest_route=\/wp\/v2\/posts\/7851\/revisions\/7852"}],"wp:attachment":[{"href":"https:\/\/www.ladislavjakl.cz\/index.php?rest_route=%2Fwp%2Fv2%2Fmedia&parent=7851"}],"wp:term":[{"taxonomy":"category","embeddable":true,"href":"https:\/\/www.ladislavjakl.cz\/index.php?rest_route=%2Fwp%2Fv2%2Fcategories&post=7851"},{"taxonomy":"post_tag","embeddable":true,"href":"https:\/\/www.ladislavjakl.cz\/index.php?rest_route=%2Fwp%2Fv2%2Ftags&post=7851"}],"curies":[{"name":"wp","href":"https:\/\/api.w.org\/{rel}","templated":true}]}}