{"id":7864,"date":"2017-06-29T14:35:37","date_gmt":"2017-06-29T12:35:37","guid":{"rendered":"http:\/\/www.ladislavjakl.cz\/?p=7864"},"modified":"2017-06-29T14:35:37","modified_gmt":"2017-06-29T12:35:37","slug":"zastavi-trump-klimaticke-silenstvi","status":"publish","type":"post","link":"https:\/\/www.ladislavjakl.cz\/?p=7864","title":{"rendered":"Zastav\u00ed Trump klimatick\u00e9 \u0161\u00edlenstv\u00ed?"},"content":{"rendered":"<p>Glob\u00e1ln\u00ed klimatick\u00e9 t\u0159e\u0161t\u011bn\u00ed je postaveno na jenom z\u00e1kladn\u00edm spole\u010densk\u00e9m fenom\u00e9nu. A t\u00edm je fungov\u00e1n\u00ed koncentrovan\u00e9ho a rozpt\u00fdlen\u00e9ho z\u00e1jmu. Zjednodu\u0161en\u011b \u0159e\u010deno: pokud na n\u011bjak\u00e9m opat\u0159en\u00ed vyd\u011bl\u00e1m deset milion\u016f, proto\u017ee ka\u017ed\u00fd \u010cech mi povinn\u011b doplat\u00ed korunu, budu j\u00e1 nositelem z\u00e1jmu koncentrovan\u00e9ho a v\u0161ichni ostatn\u00ed z\u00e1jmu rozpt\u00fdlen\u00e9ho.<\/p>\n<p><!--more--><\/p>\n<p>Nositel\u00e9 koncentrovan\u00e9ho z\u00e1jmu mohou hodn\u011b vyd\u011blat, proto jsou vysoce motivov\u00e1ni a dob\u0159e organizov\u00e1ni. Vid\u00edme to na nejr\u016fzn\u011bj\u0161\u00edch z\u00e1jmov\u00fdch n\u00e1tlakov\u00fdch skupin\u00e1ch. Ty um\u011bj\u00ed st\u00e1t \u201epodojit\u201c, proto\u017ee jim potenci\u00e1ln\u00ed profit stoj\u00ed za n\u00e1mahu, za \u00fasil\u00ed s&nbsp;c\u00edlem st\u00e1t donutit, aby jim vydal pen\u00edze poplatn\u00edk\u016f.<\/p>\n<p>Nositel\u00e9 rozpt\u00fdlen\u00e9ho z\u00e1jmu \u010dasto ani nev\u011bd\u00ed, \u017ee jsou od\u00edr\u00e1ni. V&nbsp;onom \u201em\u00e9m\u201c p\u0159\u00edpad\u011b p\u0159ijde ka\u017ed\u00fd jen o korunu. A i kdyby p\u0159i\u0161el t\u0159eba a\u017e o p\u00e1r stovek, za n\u011bjakou efektivn\u00ed obrannou reakci mu to stejn\u011b nestoj\u00ed. Jen\u017ee si nev\u0161imne, \u017ee takhle ho obere jednou tahle z\u00e1jmov\u00e1 skupina, p\u0159\u00ed\u0161t\u011b zas jin\u00e1.<\/p>\n<p>Na klimatick\u00fd pr\u016fmysl jsou napojeny nejsofistikovan\u011bj\u0161\u00ed z\u00e1jmov\u00e9 skupiny a jejich profit je ohromn\u00fd. Cel\u00e9 klimatick\u00e9 t\u0159e\u0161t\u011bn\u00ed je jedn\u00edm velik\u00fdm strojem na jejich uspokojov\u00e1n\u00ed na \u00fakor v\u0161ech ostatn\u00edch.<\/p>\n<p>Jak m\u016f\u017ee takto praxe pokra\u010dovat d\u00e1l a d\u00e1l i pot\u00e9, co byly jej\u00ed \u201ev\u011bdeck\u00e9\u201c, ekonomick\u00e9 a teoretick\u00e9 z\u00e1klady d\u00e1vno opakovan\u011b vyvr\u00e1ceny? Poh\u00e1n\u00ed ji v\u016fle a mo\u017enosti motivovan\u00fdch nositel\u016f koncentrovan\u00e9ho z\u00e1jmu.<\/p>\n<p>Americk\u00fd prezident Trump si jako prvn\u00ed u\u017e v&nbsp;kampani v\u0161iml, \u017ee se b\u011bhem klimatick\u00e9ho klondajku potichu zformovala dal\u0161\u00ed skupina s&nbsp;potenci\u00e1lem nositele koncentrovan\u00e9ho z\u00e1jmu: zam\u011bstnanci pr\u016fmyslov\u00fdch podnik\u016f, pracovn\u00edci v&nbsp;doprav\u011b, zem\u011bd\u011blci. Ti v\u0161ichni na opat\u0159en\u00ed v&nbsp;r\u00e1mci boje proti podneb\u00ed dopl\u00e1cej\u00ed u\u017e nikoli nen\u00e1padn\u011b, ale p\u0159\u00edmo existen\u010dn\u011b. A tak je Trump vyu\u017eil jako politickou s\u00edlu v&nbsp;kampani a nyn\u00ed i p\u0159i sv\u00e9 politice, kter\u00fd vyvrcholila av\u00edzovan\u00fdm vypov\u011bzen\u00edm \u201ePa\u0159\u00ed\u017esk\u00e9ho akordu\u201c.<\/p>\n<p>Ne, klimatick\u00e9 t\u0159e\u0161t\u011bn\u00ed t\u00edm ur\u010dit\u011b neskon\u010d\u00ed. Ani neza\u010dne b\u00fdt z\u00e1sadn\u011b p\u0159ehodnocov\u00e1no. Sp\u00ed\u0161e se nejd\u0159\u00edv naopak je\u0161t\u011b urychl\u00ed v&nbsp;zoufal\u00e9 snaze vym\u00e1\u010dknout z&nbsp;boje s&nbsp;klimatem je\u0161t\u011b n\u011bjak\u00fd profit. Zrod z\u00e1jmov\u00e9 skupiny, kter\u00e9 to nen\u00ed po chuti, ale n\u011b\u010d\u00edm nov\u00fdm je. A tento trend v&nbsp;sob\u011b nese nad\u011bji.<\/p>\n<p>Klimatick\u00e9 t\u0159e\u0161t\u011bn\u00ed skon\u010d\u00ed teprve tehdy, a\u017e se proti dosavadn\u00edm nositel\u016fm koncentrovan\u00e9ho z\u00e1jmu postav\u00ed stejn\u011b siln\u00e9, ba je\u0161t\u011b siln\u011bj\u0161\u00ed nositel\u00e9 koncentrovan\u00e9ho z\u00e1jmu s&nbsp;opa\u010dn\u00fdm c\u00edlem: zastavit boj s&nbsp;oteplov\u00e1n\u00edm. Ne, ropn\u00e9 \u010di uheln\u00e9 firmy to nebudou. Ty maj\u00ed sv\u00e9 pod\u00edly v \u201eobnoviteln\u00e9\u201c energetice d\u00e1vno a Trumpovo rozhodnut\u00ed sp\u00ed\u0161e kritizuj\u00ed.<\/p>\n<p>Budou do skupiny zam\u011bstnanc\u016f, spot\u0159ebitel\u016f, poplatn\u00edk\u016f, prost\u011b n\u00e1s, kte\u0159\u00ed zjist\u00edme, \u017ee \u00fajma, klimatick\u00fdm t\u0159e\u0161t\u011bn\u00edm n\u00e1m zp\u016fsobovan\u00e1, u\u017e nen\u00ed tak zanedbateln\u00e1 a \u017ee u\u017e za\u010d\u00edn\u00e1 b\u00fdt spou\u0161t\u011b\u010dem nov\u00e9ho koncentrovan\u00e9ho, motivovan\u00e9ho a organizovan\u00e9ho z\u00e1jmu s&nbsp;potenci\u00e1lem kone\u010dn\u011b to v\u0161e zastavit.<\/p>\n<p><em>Ps\u00e1no pro Newsletter IVK&nbsp;&nbsp;&nbsp; <\/em><\/p>\n","protected":false},"excerpt":{"rendered":"<p>Glob\u00e1ln\u00ed klimatick\u00e9 t\u0159e\u0161t\u011bn\u00ed je postaveno na jenom z\u00e1kladn\u00edm spole\u010densk\u00e9m fenom\u00e9nu. A t\u00edm je fungov\u00e1n\u00ed koncentrovan\u00e9ho a rozpt\u00fdlen\u00e9ho z\u00e1jmu. Zjednodu\u0161en\u011b \u0159e\u010deno: pokud na n\u011bjak\u00e9m opat\u0159en\u00ed vyd\u011bl\u00e1m deset milion\u016f, proto\u017ee ka\u017ed\u00fd \u010cech mi povinn\u011b doplat\u00ed korunu, budu j\u00e1 nositelem z\u00e1jmu koncentrovan\u00e9ho a v\u0161ichni ostatn\u00ed z\u00e1jmu rozpt\u00fdlen\u00e9ho.<\/p>\n","protected":false},"author":1,"featured_media":0,"comment_status":"open","ping_status":"open","sticky":false,"template":"","format":"standard","meta":{"ngg_post_thumbnail":0,"footnotes":""},"categories":[1],"tags":[],"class_list":["post-7864","post","type-post","status-publish","format-standard","hentry","category-publikovane-clanky"],"_links":{"self":[{"href":"https:\/\/www.ladislavjakl.cz\/index.php?rest_route=\/wp\/v2\/posts\/7864","targetHints":{"allow":["GET"]}}],"collection":[{"href":"https:\/\/www.ladislavjakl.cz\/index.php?rest_route=\/wp\/v2\/posts"}],"about":[{"href":"https:\/\/www.ladislavjakl.cz\/index.php?rest_route=\/wp\/v2\/types\/post"}],"author":[{"embeddable":true,"href":"https:\/\/www.ladislavjakl.cz\/index.php?rest_route=\/wp\/v2\/users\/1"}],"replies":[{"embeddable":true,"href":"https:\/\/www.ladislavjakl.cz\/index.php?rest_route=%2Fwp%2Fv2%2Fcomments&post=7864"}],"version-history":[{"count":1,"href":"https:\/\/www.ladislavjakl.cz\/index.php?rest_route=\/wp\/v2\/posts\/7864\/revisions"}],"predecessor-version":[{"id":7865,"href":"https:\/\/www.ladislavjakl.cz\/index.php?rest_route=\/wp\/v2\/posts\/7864\/revisions\/7865"}],"wp:attachment":[{"href":"https:\/\/www.ladislavjakl.cz\/index.php?rest_route=%2Fwp%2Fv2%2Fmedia&parent=7864"}],"wp:term":[{"taxonomy":"category","embeddable":true,"href":"https:\/\/www.ladislavjakl.cz\/index.php?rest_route=%2Fwp%2Fv2%2Fcategories&post=7864"},{"taxonomy":"post_tag","embeddable":true,"href":"https:\/\/www.ladislavjakl.cz\/index.php?rest_route=%2Fwp%2Fv2%2Ftags&post=7864"}],"curies":[{"name":"wp","href":"https:\/\/api.w.org\/{rel}","templated":true}]}}