{"id":7866,"date":"2017-07-11T09:27:01","date_gmt":"2017-07-11T07:27:01","guid":{"rendered":"http:\/\/www.ladislavjakl.cz\/?p=7866"},"modified":"2017-07-11T09:27:01","modified_gmt":"2017-07-11T07:27:01","slug":"ubohy-a-beznadejny-sobotka-zaoralek-neni-lepsi-babis-a-jeho-anofert-vyhraji-to-je-jasne-uz-davno-darecky-z-eu-nas-prijdou-pekne-draho-nenechme-se-vydirat-a-zastrasovat-klausuv-spolupracovnik-hov","status":"publish","type":"post","link":"https:\/\/www.ladislavjakl.cz\/?p=7866","title":{"rendered":"Uboh\u00fd a beznad\u011bjn\u00fd Sobotka, Zaor\u00e1lek nen\u00ed lep\u0161\u00ed. Babi\u0161 a jeho ANOfert vyhraj\u00ed, to je jasn\u00e9 u\u017e d\u00e1vno. D\u00e1re\u010dky z EU n\u00e1s p\u0159ijdou p\u011bkn\u011b draho, nenechme se vyd\u00edrat a zastra\u0161ovat. Klaus\u016fv spolupracovn\u00edk hovo\u0159\u00ed"},"content":{"rendered":"<p>Jestli se \u201esoci\u00e1ln\u00ed demokracie zbav\u00ed sv\u00e9 klasick\u00e9 socansk\u00e9 politiky a nakaz\u00ed se morem havlismu, zbav\u00ed se t\u00edm i sv\u00fdch tradi\u010dn\u00edch voli\u010d\u016f a nov\u00e9 nez\u00edsk\u00e1\u201c, upozor\u0148uje b\u00fdval\u00fd tajemn\u00edk prezidenta Klause Ladislav Jakl. \u201eMacron je rozmazlen\u00e9 d\u011bcko. My na jak\u00e9koli d\u00e1re\u010dky z EU ka\u0161leme, stejn\u011b n\u00e1s p\u0159ijdou p\u011bkn\u011b draho. Rozhodn\u011b se jimi nenech\u00e1me vyd\u00edrat a zastra\u0161ovat. Nechte si sv\u00e9 dotace i sv\u00e9 ileg\u00e1ln\u00ed p\u0159ist\u011bhovalce, nepot\u0159ebujeme ani jedno,\u201c dodal.<\/p>\n<p><!--more--><\/p>\n<p><strong>Prezident Milo\u0161 Zeman chov\u00e1n\u00ed premi\u00e9ra Sobotky v\u016f\u010di Andreji Babi\u0161ovi ozna\u010dil za chov\u00e1n\u00ed \u201esvin\u011b\u201c a premi\u00e9ra ozna\u010dil za osobu \u201es charismatem lahve od okurek\u201c. M\u00e1 Zeman v\u011bcn\u011b pravdu? A je dle v\u00e1s p\u0159\u00edpustn\u00e9 pou\u017e\u00edvat takov\u00e9 v\u00fdrazy?<\/strong><\/p>\n<p>V&nbsp;tom prvn\u00edm podle mne pravdu ani nem\u00e1, proto\u017ee premi\u00e9r m\u00e1 pln\u00e9 pr\u00e1vo odvolat ministra, se kter\u00fdm u\u017e nechce nebo nem\u016f\u017ee pracovat. V&nbsp;tom druh\u00e9m p\u0159\u00edpad\u011b ohledn\u011b charismatu pravdu asi m\u00e1, ale prezident republiky by se ke sv\u00fdm oponent\u016fm nem\u011bl vyjad\u0159ovat zp\u016fsobem, jako kdyby proti nim kandidoval v parlamentn\u00edch volb\u00e1ch. M\u011bl by b\u00fdt nad ten boj pon\u011bkud povznesen.<\/p>\n<p><strong>Vyplat\u00ed se Zemanovi, \u017ee se \u201epovoz\u00ed\u201c na nep\u0159\u00edli\u0161 obl\u00edben\u00e9m Sobotkovi, nebo to bude moc i na jeho voli\u010de?<\/strong><\/p>\n<p>To je ur\u010dit\u011b zaj\u00edmav\u00e1 ot\u00e1zka k&nbsp;p\u0159em\u00fd\u0161len\u00ed. V&nbsp;prvn\u00ed chv\u00edli se mi chce \u0159\u00edci, \u017ee si t\u00edm u j\u00e1dra sv\u00fdch voli\u010d\u016f pohor\u0161it nem\u016f\u017ee, \u017ee oni ho maj\u00ed r\u00e1di p\u0159esn\u011b takov\u00e9ho. To ur\u010dit\u011b plat\u00ed. Ale v&nbsp;minul\u00fdch volb\u00e1ch ho volila i skupina lid\u00ed, kter\u00e1 ho nijak v&nbsp;l\u00e1sce nem\u00e1 a brala ho jako p\u0159ijatelnou variantu k militantn\u00edmu havlistovi. Ty by Zeman p\u0159eh\u00e1n\u011bn\u00edm sv\u00e9ho slovn\u00edku mohl znechutit. A pak existuje t\u0159et\u00ed skupina, ta nepevn\u00e1. Tady by si m\u011bl Zeman d\u00e1t pozor na jeden p\u0159irozen\u00fd reflex, sd\u00edlen\u00fd mnoha lidmi \u2013 snahu fandit tomu slab\u0161\u00edmu, tomu, kter\u00e9mu se ubli\u017euje. Takov\u00ed by mohli Zemana zatratit kv\u016fli prost\u00e9mu lidsk\u00e9mu soucitu k&nbsp;tomu uboh\u00e9mu Sobotkovi.&nbsp;&nbsp;<\/p>\n<p><strong>Jak\u00fd dojem z v\u00fdkon\u016f prezidenta v posledn\u00ed dob\u011b m\u00e1te, mysl\u00edte si, \u017ee bude schopen p\u0159ij\u00edt s fini\u0161em volebn\u00ed kampan\u011b, kter\u00fd&nbsp; mu zaru\u010d\u00ed Hrad na dal\u0161\u00edch p\u011bt let?<\/strong><\/p>\n<p>Mysl\u00edm, \u017ee je ve form\u011b a \u017ee bude um\u011bt sv\u00e9 aktivity je\u0161t\u011b vystup\u0148ovat. On v\u017edy bude sv\u016fj a nelze cht\u00edt po kobyle, aby sn\u00e1\u0161ela vejce, a po Zemanovi, aby se choval neosobn\u011b. Bl\u00e1to osobn\u00edch spor\u016f by ale m\u011bl nech\u00e1vat k&nbsp;dispozici \u201et\u011bm dole v&nbsp;podhrad\u00ed\u201c, ne do n\u011bj sestupovat a pomazat se s&nbsp;nimi tak\u00e9. Ale co j\u00e1 bych mu radil, \u017ee&#8230;<\/p>\n<p><strong>Psycholog a spisovatel Bohumil Sl\u00e1ma hodnot\u00ed na blogu Aktu\u00e1ln\u011b.cz Zemanovo po\u010d\u00edn\u00e1n\u00ed jako d\u016fsledek st\u00e1rnut\u00ed. Doslova p\u00ed\u0161e: \u201eKa\u017ed\u00fd psycholog nebo psychiatr v\u00ed, \u017ee ve st\u00e1\u0159\u00ed se \u010dlov\u011bk st\u00e1v\u00e1 jednak rigidn\u011bj\u0161\u00edm, jednak se zv\u00fdraz\u0148uj\u00ed jeho povahov\u00e9 rysy. Dob\u0159e je to vyj\u00e1d\u0159eno v poh\u00e1dk\u00e1ch: Kdo byl po v\u011bt\u0161inu sv\u00e9ho \u017eivota p\u0159ev\u00e1\u017en\u011b dobr\u00fdm \u010dlov\u011bkem, st\u00e1v\u00e1 se hodn\u00fdm d\u011bde\u010dkem \u010di laskavou babi\u010dkou, kdo byl charakterov\u011b probl\u00e9mov\u00fd, st\u00e1v\u00e1 se zl\u00fdm d\u011bdkem nebo je\u017eibabou. Je to t\u00edm, \u017ee jak mu ochabuje \u0161ed\u00e1 k\u016fra, prosakuj\u00ed \u201aspodn\u00ed proudy\u2018 a podobn\u011b jako u inkontinence mo\u010di doch\u00e1z\u00ed k inkontinenci emo\u010dn\u00ed. A Milo\u0161 Zeman si \u201au\u010dur\u00e1v\u00e1\u2018 st\u00e1le \u010dast\u011bji a st\u00e1le v\u00edc.\u201c Ztoto\u017e\u0148ujete se s t\u00edm? Sabina Slonkov\u00e1 cituje anonymn\u00edho Zemanova p\u0159\u00edtele, kter\u00fd mluv\u00ed o v\u00e1\u017en\u00e9m zhor\u0161en\u00ed stavu prezidenta a o jistot\u011b, \u017ee ho \u010dek\u00e1 invalidn\u00ed voz\u00edk\u2026<\/strong><\/p>\n<p>Psychologa a spisovatele Bohumila Sl\u00e1mu nezn\u00e1m, zn\u00e1m ale blogera Bohumila Sl\u00e1mu, pro kter\u00e9ho nen\u00ed probl\u00e9mem \u0161\u00ed\u0159it o druh\u00fdch nepodlo\u017een\u00e9 hnusn\u00e9 pomluvy. Tak\u017ee k&nbsp;n\u011bmu se vyjad\u0159ovat nehodl\u00e1m. A co se t\u00fd\u010de invalidn\u00edho voz\u00edku, pak ano, to dokonce pova\u017euji za pravd\u011bpodobn\u00e9. Ale v\u00fdkon prezidentsk\u00fdch funkc\u00ed to nijak neohroz\u00ed. Naopak, jako si Zeman d\u011blal svou hol\u00ed churchillovskou image, s&nbsp;voz\u00edkem si ji bude d\u011blat rooseweltovskou. A bude to d\u011blat velmi stylov\u011b, n\u00e1padn\u011b a u\u017eije si to.<\/p>\n<p><strong>Navzdory slov\u016fm politolog\u016f, \u017ee v\u00edt\u011bzem vl\u00e1dn\u00ed krize je Sobotka, pokra\u010duje s\u00e9rie drtiv\u00fdch pr\u016fzkum\u016f preferenc\u00ed, kde \u010cSSD pad\u00e1 a v \u010dele se v\u00fdrazn\u011b dr\u017e\u00ed hnut\u00ed Andreje Babi\u0161e. \u010c\u00edm to je?<\/strong><\/p>\n<p>Sobotka dob\u0159e uhr\u00e1l jedin\u00fd t\u00fdden toho koali\u010dn\u00edho sporu. Ten jeho stranu zachr\u00e1nit nemohl. Napl\u0148uje se to, co byst\u0159ej\u0161\u00ed pozorovatel\u00e9 p\u0159edv\u00eddali d\u00e1vno \u2013 jestli se soci\u00e1ln\u00ed demokracie zbav\u00ed sv\u00e9 klasick\u00e9 socansk\u00e9 politiky a nakaz\u00ed se morem havlismu, zbav\u00ed se t\u00edm i sv\u00fdch tradi\u010dn\u00edch voli\u010d\u016f a nov\u00e9 nez\u00edsk\u00e1. Skute\u010dn\u00ed \u201esocani\u201c jsou z&nbsp;\u010cSSD vyhn\u00e1ni nebo vytla\u010deni na okraj a stranu do z\u00e1huby vesele vedou nov\u00ed levicov\u00ed euroliber\u00e1lov\u00e9, tedy havlisti. Mo\u017en\u00e1 schv\u00e1ln\u011b.<\/p>\n<p><strong>Bude jim k n\u011b\u010demu v\u00fdm\u011bna Sobotky za Zaor\u00e1lka?<\/strong><\/p>\n<p>J\u00e1 nejsem potenci\u00e1ln\u00edm voli\u010dem \u010cSSD, neum\u00edm myslet jako on. Ale nenapad\u00e1 m\u011b jedin\u00e1 vlastnost, ve kter\u00e9 by byl v&nbsp;o\u010d\u00edch i socansk\u00e9ho voli\u010de Zaor\u00e1lek lep\u0161\u00ed ne\u017e ten skoro beznad\u011bjn\u00fd Sobotka. Ur\u010dit\u011b Zaor\u00e1lek nen\u00ed ani chyt\u0159ej\u0161\u00ed, ani spolehliv\u011bj\u0161\u00ed, ani v\u011brohodn\u011bj\u0161\u00ed. Politik nemus\u00ed b\u00fdt zrovna g\u00e9nius, ale nem\u011bl by to b\u00fdt hoch\u0161tapler.<\/p>\n<p><strong>Zna\u010dn\u00e9 probl\u00e9my dle pr\u016fzkum\u016f maj\u00ed spojen\u00ed lidovci a Starostov\u00e9, kter\u00fdm m\u016f\u017ee \u010dinit probl\u00e9m p\u0159el\u00e9zt hranici 10 procent pro vstup do Poslaneck\u00e9 sn\u011bmovny. Byla by to pro \u010deskou politiku ztr\u00e1ta, kdyby lidovci opustili Poslaneckou sn\u011bmovnu? Stane se tak?<\/strong><\/p>\n<p>Mysl\u00edm, \u017ee lidovci od t\u00e9 dohody je\u0161t\u011b na posledn\u00ed chv\u00edli ucuknou. Ale kdyby ne, \u017e\u00e1dn\u00e1 velk\u00e1 \u0161koda. Ani oni u\u017e d\u00e1vno nejsou skute\u010dn\u00fdmi lidovci, h\u00e1j\u00edc\u00edmi tradi\u010dn\u00ed lidoveck\u00e9 hodnoty zejm\u00e9na venkova. Mnoz\u00ed jednotlivci mezi nimi ur\u010dit\u011b ano, ale jejich dne\u0161n\u00ed veden\u00ed, to je jen takov\u00e1 kolonie m\u011bstsk\u00fdch havlist\u016f, kte\u0159\u00ed si p\u016fvodn\u00ed zna\u010dku ukradli.<\/p>\n<p><strong>Valn\u011b na tom nen\u00ed ani TOP 09. Co d\u011bl\u00e1 Kalouskova strana \u0161patn\u011b? V p\u00e1smu 9 a\u017e 11 procent se pohybuje i ODS, kterou jej\u00ed zakladatel V\u00e1clav Klaus kritizoval, \u017ee b\u011bhem vl\u00e1dn\u00ed krize \u201edostala \u0159adu nahr\u00e1vek\u201c, kter\u00e9 v\u0161ak nevyu\u017eila. Co je probl\u00e9m \u201e\u00f3d\u00e9s\u00e1k\u016f\u201c?<\/strong><\/p>\n<p>Kalouskova strana ned\u011bl\u00e1 nic z\u00e1sadn\u011b \u0161patn\u011b. Naopak, u\u017e p\u00e1r let p\u0159esluhuje a oddaluje svou neodvratitelnou smrt. Smrt, kter\u00e1 nutn\u011b potk\u00e1 ka\u017ed\u00fd \u00fa\u010delov\u00fd politick\u00fd projekt na jedno pou\u017eit\u00ed bez ideov\u00e9ho, z\u00e1jmov\u00e9ho a hodnotov\u00e9ho ukotven\u00ed. A to je TOP 09 od za\u010d\u00e1tku. B\u00fdt kovan\u00fdm havlistou na ukotven\u00ed nesta\u010d\u00ed. A ODS? V&nbsp;dob\u011b z\u00e1sadn\u00edho ohro\u017een\u00ed na\u0161ich svobod a n\u00e1rodn\u00ed existence se p\u0159\u00edli\u0161 \u010dasto zab\u00fdv\u00e1 technick\u00fdmi prkotinami.<\/p>\n<p><strong>Vede Andrej Babi\u0161 dobrou p\u0159edvolebn\u00ed kampa\u0148? Sepsal knihu o sv\u00e9 vizi \u010ceska, obj\u00ed\u017ed\u00ed s n\u00ed republiku, lid\u00e9 chod\u00ed na jeho akce. Preference m\u00e1 stabiln\u011b vysok\u00e9. \u0158\u00edt\u00ed se Babi\u0161 za volebn\u00edm triumfem?<\/strong><\/p>\n<p>\u017de Babi\u0161 a jeho ANOfert vyhraj\u00ed, je jasn\u00e9 u\u017e d\u00e1vno. Ale ne kv\u016fli sv\u00e9 volebn\u00ed strategii, v&nbsp;r\u00e1mci kter\u00e9 \u0161ikovn\u011b sl\u00edb\u00ed komukoli cokoli, ale kv\u016fli p\u0159evl\u00e1daj\u00edc\u00ed spole\u010densk\u00e9 n\u00e1lad\u011b. Lid\u00e9 uv\u011b\u0159ili, \u017ee na jejich tr\u00e1pen\u00ed existuje jeden spolehliv\u00fd l\u00e9k \u2013 st\u00e1t bude dirigovat ty ostatn\u00ed, hlavn\u011b ne m\u011b. &nbsp;<\/p>\n<p><strong>Ministerstvo vnitra p\u0159iznalo, \u017ee sleduje autory, kte\u0159\u00ed v \u010cesku prezentuj\u00ed zahrani\u010dn\u011bpolitick\u00e9 n\u00e1zory stoj\u00edc\u00ed v rozporu s dokumentem schv\u00e1len\u00fdm vl\u00e1dou. Je jich pr\u00fd 50 a\u017e 100. \u201eJednak v to po\u010d\u00edt\u00e1me aktivn\u00ed autory alternativn\u00edch m\u00e9di\u00ed, jednak skupinu pseudoexpert\u016f \u010di autorit, kter\u00e9 se sna\u017e\u00ed intenzivn\u011b prosazovat narativy, kter\u00e9 jsou v rozporu s \u010desk\u00fdmi bezpe\u010dnostn\u00edmi z\u00e1jmy definovan\u00fdmi Bezpe\u010dnostn\u00ed strategi\u00ed \u010cR, do ve\u0159ejn\u00e9 debaty a medi\u00e1ln\u00edho prostoru,\u201c sd\u011blil mluv\u010d\u00ed ministerstva. Je dob\u0159e, \u017ee vnitro monitoruje autory, kte\u0159\u00ed se dopou\u0161t\u011bj\u00ed jin\u00e9ho v\u00fdkladu geopolitick\u00e9 situace, ne\u017e je n\u00e1zor vl\u00e1dy? Jsou ty n\u00e1zory, kter\u00e9 podporuj\u00ed suverenitu \u010desk\u00e9ho st\u00e1tu a necht\u011bj\u00ed, aby byl \u0159\u00edzen z&nbsp;Washingtonu, Berl\u00edna \u010di Bruselu, kter\u00e9 varuj\u00ed p\u0159es masovou migrac\u00ed, podporovanou EU, a kter\u00e9 si nep\u0159ej\u00ed eskalaci nap\u011bt\u00ed s&nbsp;Ruskem, nebezpe\u010dn\u00e9 na\u0161emu st\u00e1tu, jak tvrd\u00ed Ministerstvo vnitra?<\/strong><\/p>\n<p>Tohle je v\u00e1\u017en\u011bj\u0161\u00ed, ne\u017e v\u00fdsledky parlamentn\u00edch \u010di prezidentsk\u00fdch voleb. Tady jde o krk element\u00e1rn\u00edm svobod\u00e1m vyjad\u0159ovat n\u00e1zor. Ve\u0159ejnosti to asi nevad\u00ed, proto\u017ee v\u017edy bude posti\u017een a perzekvov\u00e1n jen n\u011bkdo vybran\u00fd. V\u00fdsledkem je ale to, co u\u017e vid\u00edme: naprost\u00e1 p\u0159evaha ofici\u00e1ln\u00ed propagandy. A to se t\u00fdk\u00e1 v\u0161ech, to dopad\u00e1 na ka\u017ed\u00e9ho. Nesm\u00edme takov\u00e9 v\u011bci dovolit za \u017e\u00e1dnou cenu.<\/p>\n<p><strong>Francouzsk\u00fd prezident Macron \u0159\u00edk\u00e1, \u017ee n\u011bkter\u00e9 st\u00e1ty si mysl\u00ed, \u017ee Evropa je supermarket, ze kter\u00e9ho si lze jen br\u00e1t. Nar\u00e1\u017eel t\u00edm na to, \u017ee nap\u0159\u00edklad \u010cesko odm\u00edt\u00e1 kv\u00f3ty na uprchl\u00edky. Pokud EU nebude vynucovat sv\u00e1 pravidla, bude se dle n\u011bj sama oslabovat. Dot\u010den\u00e9 st\u00e1ty se br\u00e1n\u00ed, \u017ee zkr\u00e1tka jen necht\u011bj\u00ed p\u0159ij\u00edmat imigranty. Padla t\u00e9\u017e pozn\u00e1mka, \u017ee \u201ei v supermarketu se plat\u00ed\u201c. Zrazujeme tedy my, Pol\u00e1ci, Ma\u010fa\u0159i \u010di Slov\u00e1ci evropskou jednotu, kdy\u017e jsme se p\u0159i vstupu zav\u00e1zali dodr\u017eovat pravidla, dostali jsme dotace, a te\u010f se \u201ecuk\u00e1me\u201c? Anebo jsme vstupovali do jin\u00e9 EU, ne\u017e je dnes, a odm\u00edtnut\u00ed migrant\u016f je ot\u00e1zkou na\u0161eho p\u0159e\u017eit\u00ed a na\u0161\u00ed bezpe\u010dnosti?<\/strong><\/p>\n<p>Macron je rozmazlen\u00e9 d\u011bcko. My na jak\u00e9koli d\u00e1re\u010dky z&nbsp;EU ka\u0161leme, stejn\u011b n\u00e1s p\u0159ijdou p\u011bkn\u011b draho. Rozhodn\u011b se jimi nenech\u00e1me vyd\u00edrat a zastra\u0161ovat. Nechte si sv\u00e9 dotace i sv\u00e9 ileg\u00e1ln\u00ed p\u0159ist\u011bhovalce, nepot\u0159ebujeme ani jedno.<\/p>\n<p><strong>Andrej Babi\u0161 v&nbsp;t\u00e9to situaci odm\u00edt\u00e1 euro. Lze spoleh\u00e1t na to, \u017ee bude v&nbsp;t\u00e9to v\u011bci pevn\u00fd a p\u0159ijet\u00ed eura nepodpo\u0159\u00ed? A nen\u00ed to tak, \u017ee Babi\u0161 nyn\u00ed alespo\u0148 verb\u00e1ln\u011b p\u0159ej\u00edm\u00e1 \u010d\u00e1st programu vlasteneck\u00fdch sil? Tedy odpor k&nbsp;euru a k imigraci \u010di kritiku Bruselu?<\/strong><\/p>\n<p>J\u00e1 to Babi\u0161ovi nev\u011b\u0159\u00edm, proto\u017ee ta aktu\u00e1ln\u00ed kritika Bruselu neplyne z&nbsp;jeho dlouhodob\u00fdch ucelen\u00fdch n\u00e1zor\u016f. Je ale klidn\u011b mo\u017en\u00e9, \u017ee spole\u010densk\u00e9 n\u00e1lady se vyhrot\u00ed natolik, \u017ee mu to nedovol\u00ed ucuknout ani po volb\u00e1ch.<\/p>\n<p><strong>Nyn\u011bj\u0161\u00ed vl\u00e1da p\u0159ed volbami odm\u00edt\u00e1 kv\u00f3ty. O\u010dek\u00e1v\u00e1te, \u017ee politici nyn\u011bj\u0161\u00ed vl\u00e1dn\u00ed koalice po volb\u00e1ch Bruselu ustoup\u00ed, nebo budou pevn\u00ed?<\/strong><\/p>\n<p>Jak\u00e1koli vl\u00e1da, kter\u00e1 by vznikla na z\u00e1kladn\u011b dne\u0161n\u00edch preferenc\u00ed, bude cht\u00edt ucuknout a dohodnout se s&nbsp;mocn\u00fdmi v&nbsp;Berl\u00edn\u011b, Pa\u0159\u00ed\u017ei \u010di Bruselu. Ve\u0159ejnost j\u00ed to nesm\u00ed dovolit. A p\u0159\u00ed\u0161t\u00ed vl\u00e1da mus\u00ed dop\u0159edu v\u011bd\u011bt, \u017ee u ve\u0159ejnosti by j\u00ed takov\u00e1 zrada tak snadno nepro\u0161la.&nbsp;<\/p>\n<p><a href=\"http:\/\/www.parlamentnilisty.cz\/arena\/rozhovory\/Ubohy-a-beznadejny-Sobotka-Zaoralek-neni-lepsi-Babis-a-jeho-ANOfert-vyhraji-to-je-jasne-uz-davno-Darecky-z-EU-nas-prijdou-pekne-draho-nenechme-se-vydirat-a-zastrasovat-Klausuv-spolupracovnik-hovori-494309\">Zdroj<\/a><\/p>\n","protected":false},"excerpt":{"rendered":"<p>Jestli se \u201esoci\u00e1ln\u00ed demokracie zbav\u00ed sv\u00e9 klasick\u00e9 socansk\u00e9 politiky a nakaz\u00ed se morem havlismu, zbav\u00ed se t\u00edm i sv\u00fdch tradi\u010dn\u00edch voli\u010d\u016f a nov\u00e9 nez\u00edsk\u00e1\u201c, upozor\u0148uje b\u00fdval\u00fd tajemn\u00edk prezidenta Klause Ladislav Jakl. \u201eMacron je rozmazlen\u00e9 d\u011bcko. My na jak\u00e9koli d\u00e1re\u010dky z EU ka\u0161leme, stejn\u011b n\u00e1s p\u0159ijdou p\u011bkn\u011b draho. Rozhodn\u011b se jimi nenech\u00e1me vyd\u00edrat a zastra\u0161ovat. Nechte [&hellip;]<\/p>\n","protected":false},"author":1,"featured_media":0,"comment_status":"open","ping_status":"open","sticky":false,"template":"","format":"standard","meta":{"ngg_post_thumbnail":0,"footnotes":""},"categories":[13],"tags":[],"class_list":["post-7866","post","type-post","status-publish","format-standard","hentry","category-rozhovory"],"_links":{"self":[{"href":"https:\/\/www.ladislavjakl.cz\/index.php?rest_route=\/wp\/v2\/posts\/7866","targetHints":{"allow":["GET"]}}],"collection":[{"href":"https:\/\/www.ladislavjakl.cz\/index.php?rest_route=\/wp\/v2\/posts"}],"about":[{"href":"https:\/\/www.ladislavjakl.cz\/index.php?rest_route=\/wp\/v2\/types\/post"}],"author":[{"embeddable":true,"href":"https:\/\/www.ladislavjakl.cz\/index.php?rest_route=\/wp\/v2\/users\/1"}],"replies":[{"embeddable":true,"href":"https:\/\/www.ladislavjakl.cz\/index.php?rest_route=%2Fwp%2Fv2%2Fcomments&post=7866"}],"version-history":[{"count":1,"href":"https:\/\/www.ladislavjakl.cz\/index.php?rest_route=\/wp\/v2\/posts\/7866\/revisions"}],"predecessor-version":[{"id":7867,"href":"https:\/\/www.ladislavjakl.cz\/index.php?rest_route=\/wp\/v2\/posts\/7866\/revisions\/7867"}],"wp:attachment":[{"href":"https:\/\/www.ladislavjakl.cz\/index.php?rest_route=%2Fwp%2Fv2%2Fmedia&parent=7866"}],"wp:term":[{"taxonomy":"category","embeddable":true,"href":"https:\/\/www.ladislavjakl.cz\/index.php?rest_route=%2Fwp%2Fv2%2Fcategories&post=7866"},{"taxonomy":"post_tag","embeddable":true,"href":"https:\/\/www.ladislavjakl.cz\/index.php?rest_route=%2Fwp%2Fv2%2Ftags&post=7866"}],"curies":[{"name":"wp","href":"https:\/\/api.w.org\/{rel}","templated":true}]}}