{"id":7872,"date":"2017-07-11T09:32:03","date_gmt":"2017-07-11T07:32:03","guid":{"rendered":"http:\/\/www.ladislavjakl.cz\/?p=7872"},"modified":"2017-07-11T09:32:03","modified_gmt":"2017-07-11T07:32:03","slug":"ladislav-jakl-brusel-chce-znicit-priklad-ze-to-jde-i-jinak","status":"publish","type":"post","link":"https:\/\/www.ladislavjakl.cz\/?p=7872","title":{"rendered":"Ladislav Jakl: Brusel chce zni\u010dit p\u0159\u00edklad, \u017ee to jde i jinak"},"content":{"rendered":"<p>Za co bojovaly generace na\u0161ich p\u0159edk\u016f, kdy\u017e usilovaly o suverenitu, nez\u00e1vislost, samostatnost na\u0161\u00ed zem\u011b? Abychom si mohli o d\u016fle\u017eit\u00fdch v\u011bcech ve sv\u00e9 vlasti rozhodovat sami.<\/p>\n<p><!--more--><\/p>\n<p>Nen\u00ed snad import tis\u00edc\u016f lid\u00ed z kulturn\u011b a n\u00e1bo\u017eensky zcela odli\u0161n\u00fdch lokalit ciz\u00edch kontinent\u016f d\u016fle\u017eitou v\u011bc\u00ed? A m\u016f\u017eeme o n\u00ed v r\u00e1mci subjektu zvan\u00e9ho Evropsk\u00e1 unie rozhodovat sami? V\u016fbec ne, jak je vid\u011bt.<\/p>\n<p>Vzpome\u0148me na debaty kolem vstupu \u010cesk\u00e9 republiky do EU nebo kolem vnucen\u00e9ho p\u0159ij\u00edm\u00e1n\u00ed Lisabonsk\u00e9 smlouvy. Vzpome\u0148me na ty, kte\u0159\u00ed zesm\u011b\u0161\u0148ovali varov\u00e1n\u00ed, \u017ee ztrat\u00edme \u010d\u00e1st sv\u00e9 suverenity. Pr\u00fd nic takov\u00e9ho nehroz\u00ed, proto\u017ee budeme \u00fa\u010dastn\u00edky v\u0161ech rozhodnut\u00ed.<\/p>\n<p>\u00da\u010dastn\u00edky jsme byli \u2013 a co n\u00e1m to bylo platn\u00e9? Mus\u00edme se pr\u00fd pod\u0159\u00eddit. Hra na suverenitu skon\u010dila. Nevolen\u00e1 Evropsk\u00e1 komise se u\u017e ani nesna\u017e\u00ed p\u0159edst\u00edrat hru na demokracii, na konsenzus, na subsidiaritu, na legitimitu oktrojovan\u00fdch opat\u0159en\u00ed. Prost\u011b je pod hrozbou trest\u016f na\u0159\u00edd\u00ed.<\/p>\n<p>\u017de pr\u00fd mus\u00edme b\u00fdt solid\u00e1rn\u00ed. Ale pro\u010d? A s k\u00fdm vlastn\u011b? My jsme netyli po cel\u00e9 generace z koloni\u00ed a nemus\u00edme dnes sn\u00e1\u0161et odvr\u00e1cenou tv\u00e1\u0159 kolonialismu v podob\u011b masov\u00e9ho us\u00eddlov\u00e1n\u00ed exotick\u00fdch etnik na sv\u00e9m \u00fazem\u00ed. Ale m\u00e1me pr\u00fd b\u00fdt solid\u00e1rn\u00ed s t\u011bmi, kdo z koloni\u00ed po stalet\u00ed profitovali. My jsme neza\u010dali se zbrklou politikou otev\u0159en\u00fdch dve\u0159\u00ed pro miliony lid\u00ed ze zem\u00ed, kde se \u017eije h\u016f\u0159e ne\u017e u n\u00e1s. Ale m\u00e1me pr\u00fd b\u00fdt solid\u00e1rn\u00ed s t\u011bmi, kdo tuto politiku prosadili.<\/p>\n<p>A pro\u010d pr\u00fd m\u00e1me b\u00fdt s nimi solid\u00e1rn\u00ed? \u00dadajn\u011b proto, abychom uleh\u010dili t\u011bm zem\u00edm, na kter\u00e9 um\u011ble vyvolan\u00e1 migra\u010dn\u00ed vlna dopadla nejni\u010div\u011bji. Ale je to skute\u010dn\u011b pravdiv\u00fd d\u016fvod? Jsem si jist, \u017ee nikoli.<\/p>\n<p>Realizace rozmis\u0165ov\u00e1n\u00ed p\u0159ist\u011bhovalc\u016f podle kv\u00f3t toti\u017e posti\u017een\u00fdm zem\u00edm nijak neuleh\u010d\u00ed. D\u016fvod, pro kter\u00fd m\u00e1me i my migranty importovat, je zjevn\u011b jin\u00fd. Ve\u0159ejnost v migrac\u00ed posti\u017een\u00fdch evropsk\u00fdch zem\u00edch v n\u00e1s toti\u017e dosud vid\u00ed p\u0159\u00edklad, \u017ee mohou b\u00fdt i zem\u011b bezpe\u010dn\u00e9, bez ni\u010div\u00fdch dopad\u016f nep\u0159izp\u016fsobiv\u00fdch multikulturn\u00edch komunit. \u017de to jde i jinak. A tak euroelity mus\u00ed tyto na\u0161e p\u0159\u00edklady zni\u010dit.<\/p>\n<p>Poda\u0159\u00ed-li se jim vt\u00e1hnout do sv\u00e9ho bahna i n\u00e1s, bude se jim l\u00e9pe vysv\u011btlovat ve\u0159ejnosti ve sv\u00fdch zem\u00edch, \u017ee to jinak vlastn\u011b nejde, \u017ee to je nutn\u00fd projev dne\u0161n\u00ed doby, \u017ee je t\u0159eba se s t\u00edm sm\u00ed\u0159it. Zat\u00edmco dnes bije do o\u010d\u00ed srovn\u00e1n\u00ed zem\u00ed migrac\u00ed zasa\u017een\u00fdch a t\u011bch nezasa\u017een\u00fdch. A je tak proto zat\u00edm p\u0159\u00edli\u0161 zjevn\u00e9, \u017ee import imigrant\u016f nen\u00ed nutnost\u00ed, ale \u0161patnou volbou. A\u017e i k n\u00e1m podle sv\u00fdch um\u00edst\u011bnek nast\u011bhuj\u00ed Araby a Afri\u010dany, stane se multikulturn\u00ed nenorm\u00e1lnost evropskou normou. A o to jim jde.<\/p>\n<p>Mechanismy Evropsk\u00e9 unie jim to umo\u017e\u0148uj\u00ed. A proto je ze sebez\u00e1chovn\u00fdch d\u016fvod\u016f nutn\u00e9 se t\u011bchto mechanism\u016f zbavit. A to lze jen czechoutem, vystoupen\u00edm na\u0161\u00ed republiky z EU.<\/p>\n<p>Mus\u00edme prok\u00e1zat, \u017ee evropsk\u00e9 n\u00e1rody mohou vedle sebe p\u0159\u00e1telsky a m\u00edrumilovn\u011b \u017e\u00edt, spolupracovat, obchodovat, a to v\u0161e bez dikt\u00e1tu nedemokratick\u00e9ho monstra, jak\u00fdm se Evropsk\u00e1 unie stala.<\/p>\n<p><em>Ladislav Jakl, 30. \u010dervna 2017.<\/em><\/p>\n<p><em>Publikov\u00e1no v Newsletteru Plus, \u010derven 2017.<\/em><\/p>\n<p><a href=\"http:\/\/institutvk.cz\/clanky\/931.html\">Zdroj<\/a><\/p>\n<p>&nbsp;<\/p>\n","protected":false},"excerpt":{"rendered":"<p>Za co bojovaly generace na\u0161ich p\u0159edk\u016f, kdy\u017e usilovaly o suverenitu, nez\u00e1vislost, samostatnost na\u0161\u00ed zem\u011b? Abychom si mohli o d\u016fle\u017eit\u00fdch v\u011bcech ve sv\u00e9 vlasti rozhodovat sami.<\/p>\n","protected":false},"author":1,"featured_media":0,"comment_status":"open","ping_status":"open","sticky":false,"template":"","format":"standard","meta":{"ngg_post_thumbnail":0,"footnotes":""},"categories":[1],"tags":[],"class_list":["post-7872","post","type-post","status-publish","format-standard","hentry","category-publikovane-clanky"],"_links":{"self":[{"href":"https:\/\/www.ladislavjakl.cz\/index.php?rest_route=\/wp\/v2\/posts\/7872","targetHints":{"allow":["GET"]}}],"collection":[{"href":"https:\/\/www.ladislavjakl.cz\/index.php?rest_route=\/wp\/v2\/posts"}],"about":[{"href":"https:\/\/www.ladislavjakl.cz\/index.php?rest_route=\/wp\/v2\/types\/post"}],"author":[{"embeddable":true,"href":"https:\/\/www.ladislavjakl.cz\/index.php?rest_route=\/wp\/v2\/users\/1"}],"replies":[{"embeddable":true,"href":"https:\/\/www.ladislavjakl.cz\/index.php?rest_route=%2Fwp%2Fv2%2Fcomments&post=7872"}],"version-history":[{"count":1,"href":"https:\/\/www.ladislavjakl.cz\/index.php?rest_route=\/wp\/v2\/posts\/7872\/revisions"}],"predecessor-version":[{"id":7873,"href":"https:\/\/www.ladislavjakl.cz\/index.php?rest_route=\/wp\/v2\/posts\/7872\/revisions\/7873"}],"wp:attachment":[{"href":"https:\/\/www.ladislavjakl.cz\/index.php?rest_route=%2Fwp%2Fv2%2Fmedia&parent=7872"}],"wp:term":[{"taxonomy":"category","embeddable":true,"href":"https:\/\/www.ladislavjakl.cz\/index.php?rest_route=%2Fwp%2Fv2%2Fcategories&post=7872"},{"taxonomy":"post_tag","embeddable":true,"href":"https:\/\/www.ladislavjakl.cz\/index.php?rest_route=%2Fwp%2Fv2%2Ftags&post=7872"}],"curies":[{"name":"wp","href":"https:\/\/api.w.org\/{rel}","templated":true}]}}