{"id":7879,"date":"2017-07-18T10:49:13","date_gmt":"2017-07-18T08:49:13","guid":{"rendered":"http:\/\/www.ladislavjakl.cz\/?p=7879"},"modified":"2017-07-18T10:49:13","modified_gmt":"2017-07-18T08:49:13","slug":"ladislav-jakl-vaclav-klaus-jiri-weigl-smi-spisovatel-topol-napsat-roman-citlivy-clovek","status":"publish","type":"post","link":"https:\/\/www.ladislavjakl.cz\/?p=7879","title":{"rendered":"Ladislav Jakl, V\u00e1clav Klaus, Ji\u0159\u00ed Weigl: Sm\u00ed spisovatel Topol napsat rom\u00e1n Citliv\u00fd \u010dlov\u011bk?"},"content":{"rendered":"<p>Dramatika Josefa Topola jsme si velmi v\u00e1\u017eili. I proto n\u00e1s tolik mrz\u00ed neuv\u011b\u0159iteln\u00e9 v\u011bty jeho syna J\u00e1chyma v&nbsp;rozhovoru pro Salon Pr\u00e1va (22. \u010dervna). S&nbsp;t\u011bmi mus\u00edme naopak velmi nahlas vyj\u00e1d\u0159it siln\u00fd nesouhlas.<\/p>\n<p><!--more--><\/p>\n<p>M\u00edra pov\u00fd\u0161en\u00e9 arogance, ne-li pohrd\u00e1n\u00ed lidmi dosahuje u n\u011bho a u lid\u00ed jeho \u017eivotn\u00edho okruhu \u2013 troufneme si \u0159\u00edci pra\u017esk\u00e9 kav\u00e1rny \u2013 mimo\u0159\u00e1dn\u00e9 \u00farovn\u011b. Je v&nbsp;tom trochu pon\u011bkud opo\u017ed\u011bn\u00e9ho a u\u017e v\u016fbec ne origin\u00e1ln\u00edho (a autentick\u00e9ho) hran\u00ed si na lidovost \u2013 \u201epo\u0159\u00e1d um\u00edm s&nbsp;lidmi z&nbsp;okraje mluvit! V&nbsp;zapadl\u00fdch kr\u010dm\u00e1ch mimo Prahu za\u017e\u00edv\u00e1m velk\u00e9 \u0161t\u011bst\u00ed, proto\u017ee tam nikdo nev\u00ed, \u017ee jsem spisovatel\u201c. Je v&nbsp;tom tak\u00e9 nemal\u00e1 namy\u0161lenost a \u201en\u00e1rokovost\u201c na povinnost spole\u010dnosti starat se o spisovatele. Obdob\u00ed psan\u00ed sv\u00e9 nov\u00e9 knihy charakterizuje takto: \u201eBylo to d\u011bsn\u011b nam\u00e1hav\u00e9, hlavn\u011b zajistit ty praktick\u00e9 v\u011bci okolo, \u017eivobyt\u00ed nap\u0159\u00edklad\u201c. Citliv\u00fd \u010dlov\u011bk by v\u011bd\u011bl, \u017ee si v\u0161ichni lid\u00e9 mus\u00ed zaji\u0161tovat sv\u00e9 \u017eivobyt\u00ed. Nikdo z&nbsp;toho nem\u016f\u017ee b\u00fdt vyjmut.<\/p>\n<p>Pan Topol p\u0159izn\u00e1v\u00e1, \u017ee p\u0159estal p\u00edt. \u201eRozehn\u00edvalo mi to du\u0161i\u2026 soust\u0159edil jsem se na zjasn\u011bn\u00ed\u201c. \u010ceho? Sv\u00e9ho d\u00edla? Sv\u00e9ho pohledu na sv\u011bt? P\u0159esto d\u011bl\u00e1 d\u011bsiv\u011b sil\u00e1ck\u00e1 negativistick\u00e1 zobecn\u011bn\u00ed a soudy: \u201e\u010deskej venkov je prolitej\u201c. Je to sociologick\u00fd v\u00fdrok zalo\u017een\u00fd na empirick\u00e9m zkoum\u00e1n\u00ed, nebo aprioristick\u00fd odsudek velk\u00e9ho um\u011blce na z\u00e1klad\u011b v\u00fdlu\u010dn\u011b vlastn\u00ed zku\u0161enosti? Velk\u00e9ho um\u011blce, kter\u00fd dokonce pr\u00fd zn\u00e1 i venkov polsk\u00fd, ukrajinsk\u00fd a b\u011blorusk\u00fd. \u201eVe v\u00fdchodn\u00edm Polsku jsou chlapi v&nbsp;jeden\u00e1ct dopoledne fakt namol, le\u017e\u00ed tam bezvl\u00e1dn\u011b na ulici.\u201c Opravdu je to tak?<\/p>\n<p>Jeden z&nbsp;n\u00e1s ned\u00e1vno projel skoro cel\u00e9 v\u00fdchodn\u00ed Polsko. Nikoho tam na ulici le\u017eet nevid\u011bl a upravenost m\u011bst jako Rzesz\u00f3w, Zamo\u015b\u010d, Lublin nebo Kielce jim m\u016f\u017eeme jen z\u00e1vid\u011bt. Rozvoj i t\u011bch nejposledn\u011bj\u0161\u00edch vesnic je ohromuj\u00edc\u00ed.<\/p>\n<p>Podle pana Topola je dobr\u00e9, \u017ee to u n\u00e1s takov\u00e9 jako v Polsku nen\u00ed. My \u201em\u00e1me usekan\u00e9 extr\u00e9my, n\u011bjak to pr\u00fd souvis\u00ed s&nbsp;biedermaierem\u201c. To je opravdu origin\u00e1ln\u00ed n\u00e1zor. Topolovi \u201eu\u017e to sta\u010dilo. Na chlast mi um\u0159el br\u00e1cha, spousta kamar\u00e1d\u016f\u201c. To je v\u00fdpov\u011b\u010f o n\u00e1s a na\u0161\u00ed dob\u011b, nebo o n\u011bm samotn\u00e9m?<\/p>\n<p>Svou polemiku p\u00ed\u0161eme hlavn\u011b kv\u016fli jeho v\u00fdroku, \u017ee se za komunismu styd\u011bl za to, \u017ee je \u010cechoslov\u00e1k. \u201eKomunistick\u00e9 \u010ceskoslovensko bylo uboh\u00e1 zakomplexovan\u00e1 zem\u011b buran\u016f.\u201c To pova\u017eujeme za v\u00fdrok zakomplexovan\u00e9ho \u010dlov\u011bka. To je ur\u00e1\u017eka cel\u00fdch generac\u00ed ob\u010dan\u016f na\u0161\u00ed zem\u011b, jejich\u017e se c\u00edt\u00edme b\u00fdt sou\u010d\u00e1st\u00ed. T\u00edm pan Topol bohu\u017eel nekon\u010d\u00ed. Dod\u00e1v\u00e1: \u201emoc jsme se nezm\u011bnili. Kdy\u017e dneska \u0159eknu v&nbsp;cizin\u011b I am from the Czech Republic, tak se styd\u00edm p\u0159ed ka\u017ed\u00fdm, kdo o n\u00e1s n\u011bco v\u00ed\u201c. Op\u011bt d\u011bsiv\u00e1 zakomplexovanost.<\/p>\n<p>Takov\u00e9to v\u00fdroky o sv\u00e9 zemi a o lidech v n\u00ed, ostentativn\u00ed styd\u011bn\u00ed se za svou \u201ezakomplexovanou zem\u201c a za \u201ety burany\u201c p\u0159ed \u00fa\u017easn\u00fdm okoln\u00edm sv\u011btem, k n\u011bmu\u017e se touto r\u00e1doby hlubokou reflex\u00ed chce Topol p\u0159i\u0159azovat, jsou hloup\u00e9 a neorigin\u00e1ln\u00ed. Jsou typick\u00fdm postojem \u010desk\u00e9ho zakomplexovan\u00e9ho lokaje, kter\u00fd si neust\u00e1le hl\u00edd\u00e1, jak o n\u011bm sm\u00fd\u0161l\u00ed \u201evrchnost\u201c ze zahrani\u010d\u00ed. Jenom na zahrani\u010d\u00ed mu z\u00e1le\u017e\u00ed, pro ty kolem sebe m\u00e1 jen pohrd\u00e1n\u00ed.<\/p>\n<p>Je to st\u00e1le tot\u00e9\u017e \u2013 l\u017eiv\u00e9 a k\u00fd\u010dovit\u00e9 syp\u00e1n\u00ed si popela na hlavu a flagelantstv\u00ed, kter\u00e9 u n\u00e1s tak fale\u0161n\u011b kvetlo v&nbsp;jist\u00fdch kruz\u00edch po listopadu 1989 a z n\u011bho\u017e v\u011bt\u0161ina norm\u00e1ln\u00edch lid\u00ed u\u017e d\u00e1vno vyrostla. Mysleli jsme, \u017ee v\u0161echny ty bl\u00e1boly o na\u0161\u00ed v\u0161eobecn\u00e9 mor\u00e1ln\u00ed devastaci komunismem a \u00fa\u017easn\u00fdch mor\u00e1ln\u00edch altruistech, kte\u0159\u00ed n\u00e1m p\u0159ich\u00e1zej\u00ed ze Z\u00e1padu pom\u00e1hat, u\u017e d\u00e1vno vzaly za sv\u00e9. Ukazuje se, \u017ee tomu tak nen\u00ed. Znovu s&nbsp;nimi p\u0159ich\u00e1zej\u00ed zejm\u00e9na ti, kte\u0159\u00ed si za komunismu n\u00e1rokovali nemal\u00e1 privilegia a kte\u0159\u00ed maj\u00ed pocit, \u017ee se jim jich v dostate\u010dn\u00e9 m\u00ed\u0159e nedostalo ani te\u010f.<\/p>\n<p>Komunistick\u00fd re\u017eim n\u00e1s omezoval t\u00e9m\u011b\u0159 na ka\u017ed\u00e9m kroku. I v&nbsp;t\u011bchto podm\u00ednk\u00e1ch se ale lid\u00e9 sna\u017eili, jak jen to \u0161lo, vydob\u00fdt si kousek sv\u00e9ho vlastn\u00edho \u0161t\u011bst\u00ed a d\u011blat n\u011bco dobr\u00e9ho a u\u017eite\u010dn\u00e9ho. V\u0161ichni emigrovat necht\u011bli. Cht\u011bli b\u00fdt sou\u010d\u00e1st\u00ed sv\u00e9 zem\u011b i v&nbsp;dob\u00e1ch nedobr\u00fdch. N\u011bkdo o sv\u00e9 \u0161t\u011bst\u00ed usiloval ve v\u011bt\u0161\u00ed konfrontaci s&nbsp;re\u017eimem, n\u011bkdo alespo\u0148 za jeho z\u00e1dy.&nbsp;<strong>Nebylo to lehk\u00e9, ale \u0161lo to.<\/strong>&nbsp;Ka\u017ed\u00fd to d\u011blal posv\u00e9m, leckdo mo\u017en\u00e1 \u00fapln\u011b jinak, ne\u017e t\u0159eba ten, kdo se narodil do pra\u017esk\u00e9 um\u011bleck\u00e9 rodiny. To je pro elit\u00e1\u0159e t\u011b\u017ek\u00e9 pochopit.<\/p>\n<p>\u010clov\u011bk i tehdy pozn\u00e1val, \u017ee nejcenn\u011bj\u0161\u00ed, co na sv\u011bt\u011b m\u00e1, jsou lidsk\u00e9 vztahy. Nen\u00ed n\u00e1hodou, \u017ee mnoh\u00e9 z&nbsp;on\u011bch dob p\u0159etrvaly dodnes. \u017divot v&nbsp;bezpe\u010d\u00ed t\u011bchto vztah\u016f ale \u010dasto vedl k&nbsp;tomu, \u017ee mimo n\u011b panovala ned\u016fv\u011bra, v&nbsp;n\u011bkter\u00fdch p\u0159\u00edpadech hrani\u010d\u00edc\u00ed si s&nbsp;o\u0161kliven\u00edm t\u011bch, kdo do t\u011bchto uzav\u0159en\u00fdch okruh\u016f nepat\u0159ili. A toto o\u0161kliven\u00ed si jin\u00fdch leckomu z\u016fstalo dodnes. To je pro n\u00e1s jedin\u00fdm mo\u017en\u00fdm vysv\u011btlen\u00edm Topolov\u00fdch postoj\u016f. V\u011bty v&nbsp;jeho rozhovoru asi nejsou ur\u010deny \u201even\u201c, tedy obecn\u00e9 ve\u0159ejnosti. Jsou ur\u010deny sm\u011brem \u201edovnit\u0159\u201c, p\u0159\u00edslu\u0161n\u00edk\u016fm vybran\u00e9 spole\u010dnosti elit, kte\u0159\u00ed si podobn\u00fdmi pohrdav\u00fdmi odsudky \u201et\u011bch ostatn\u00edch\u201c vz\u00e1jemn\u011b dod\u00e1vaj\u00ed pocit v\u00fdlu\u010dnosti a utvrzuj\u00ed se ve sv\u00fdch pravd\u00e1ch. Burani p\u0159ece pravdu m\u00edt nemohou.<\/p>\n<p>Z&nbsp;J\u00e1chyma Topola \u010di\u0161\u00ed odpor k&nbsp;druh\u00fdm, on se norm\u00e1ln\u00edch lid\u00ed p\u0159\u00edmo \u0161t\u00edt\u00ed. Nen\u00ed p\u0159\u00edpadem \u010dlov\u011bka, kter\u00fd m\u00e1 druh\u00e9 r\u00e1d i s&nbsp;jejich p\u0159\u00edpadn\u00fdmi slabostmi. On si p\u0159ipad\u00e1 jako velik\u00e1n mezi trpasl\u00edky.<\/p>\n<p>Na\u0161t\u011bst\u00ed je dne\u0161n\u00ed \u010desk\u00e1 spole\u010dnost sebev\u011bdom\u00e1 a v\u011b\u0159\u00ed si. Nenech\u00e1 se elit\u00e1\u0159skou smet\u00e1nkou znechutit. A to je dob\u0159e, i kdy\u017e se to panu Topolovi mlad\u0161\u00edmu nel\u00edb\u00ed.<\/p>\n<p>Ladislav Jakl, V\u00e1clav Klaus a Ji\u0159\u00ed Weigl, publikov\u00e1no na serveru Novinky.cz v&nbsp;rubrice Salon, dne 13. \u010dervence 2017.<\/p>\n<p><a href=\"https:\/\/www.klaus.cz\/clanky\/4139\">Zdroj<\/a><\/p>\n","protected":false},"excerpt":{"rendered":"<p>Dramatika Josefa Topola jsme si velmi v\u00e1\u017eili. I proto n\u00e1s tolik mrz\u00ed neuv\u011b\u0159iteln\u00e9 v\u011bty jeho syna J\u00e1chyma v&nbsp;rozhovoru pro Salon Pr\u00e1va (22. \u010dervna). S&nbsp;t\u011bmi mus\u00edme naopak velmi nahlas vyj\u00e1d\u0159it siln\u00fd nesouhlas.<\/p>\n","protected":false},"author":1,"featured_media":0,"comment_status":"open","ping_status":"open","sticky":false,"template":"","format":"standard","meta":{"ngg_post_thumbnail":0,"footnotes":""},"categories":[1],"tags":[],"class_list":["post-7879","post","type-post","status-publish","format-standard","hentry","category-publikovane-clanky"],"_links":{"self":[{"href":"https:\/\/www.ladislavjakl.cz\/index.php?rest_route=\/wp\/v2\/posts\/7879","targetHints":{"allow":["GET"]}}],"collection":[{"href":"https:\/\/www.ladislavjakl.cz\/index.php?rest_route=\/wp\/v2\/posts"}],"about":[{"href":"https:\/\/www.ladislavjakl.cz\/index.php?rest_route=\/wp\/v2\/types\/post"}],"author":[{"embeddable":true,"href":"https:\/\/www.ladislavjakl.cz\/index.php?rest_route=\/wp\/v2\/users\/1"}],"replies":[{"embeddable":true,"href":"https:\/\/www.ladislavjakl.cz\/index.php?rest_route=%2Fwp%2Fv2%2Fcomments&post=7879"}],"version-history":[{"count":1,"href":"https:\/\/www.ladislavjakl.cz\/index.php?rest_route=\/wp\/v2\/posts\/7879\/revisions"}],"predecessor-version":[{"id":7880,"href":"https:\/\/www.ladislavjakl.cz\/index.php?rest_route=\/wp\/v2\/posts\/7879\/revisions\/7880"}],"wp:attachment":[{"href":"https:\/\/www.ladislavjakl.cz\/index.php?rest_route=%2Fwp%2Fv2%2Fmedia&parent=7879"}],"wp:term":[{"taxonomy":"category","embeddable":true,"href":"https:\/\/www.ladislavjakl.cz\/index.php?rest_route=%2Fwp%2Fv2%2Fcategories&post=7879"},{"taxonomy":"post_tag","embeddable":true,"href":"https:\/\/www.ladislavjakl.cz\/index.php?rest_route=%2Fwp%2Fv2%2Ftags&post=7879"}],"curies":[{"name":"wp","href":"https:\/\/api.w.org\/{rel}","templated":true}]}}