{"id":7919,"date":"2017-09-08T18:06:03","date_gmt":"2017-09-08T16:06:03","guid":{"rendered":"http:\/\/www.ladislavjakl.cz\/?p=7919"},"modified":"2017-09-08T18:06:03","modified_gmt":"2017-09-08T16:06:03","slug":"klausuv-jakl-zeman-je-favoritem-prezidentske-volby-tlumoci-skutecne-nazory-ceskeho-cloveka-babisovi-se-ted-deje-presne-to-co-delal-leta-ostatnim-lide-z-nej-ale-udelaji-mucednika","status":"publish","type":"post","link":"https:\/\/www.ladislavjakl.cz\/?p=7919","title":{"rendered":"Klaus\u016fv Jakl: Zeman je favoritem prezidentsk\u00e9 volby, tlumo\u010d\u00ed skute\u010dn\u00e9 n\u00e1zory \u010desk\u00e9ho \u010dlov\u011bka. Babi\u0161ovi se te\u010f d\u011bje p\u0159esn\u011b to, co d\u011blal l\u00e9ta ostatn\u00edm, lid\u00e9 z n\u011bj ale ud\u011blaj\u00ed mu\u010dedn\u00edka"},"content":{"rendered":"<p>ROZHOVOR B\u00fdval\u00fd tajemn\u00edk prezidenta V\u00e1clava Klause \u0159\u00edk\u00e1, \u017ee Babi\u0161ovi se nyn\u00ed d\u011bje p\u0159esn\u011b to, co d\u011blal l\u00e9ta ostatn\u00edm a na \u010dem vystav\u011bl celou svou politickou kari\u00e9ru. \u201eKriminalizace jako n\u00e1stroj politick\u00e9ho boje je cestou do pekla. A to nejen pro ty, kte\u0159\u00ed tam pat\u0159\u00ed, ale pro celou na\u0161i politiku, pro celou na\u0161i republiku,\u201c dodal Jakl. Zeman je podle n\u011bho favoritem prezidentsk\u00e9 volby, tlumo\u010d\u00ed podle n\u011bj skute\u010dn\u00e9 n\u00e1zory \u010desk\u00e9ho \u010dlov\u011bka.<\/p>\n<p><!--more--><\/p>\n<p><strong>Ostr\u00e1 f\u00e1ze volebn\u00ed kampan\u011b za\u010dalo jedn\u00e1n\u00edm sn\u011bmovny na t\u00e9ma vyd\u00e1n\u00ed Babi\u0161e a Falt\u00fdnka. Skon\u010d\u00ed Babi\u0161 do voleb ve v\u011bzen\u00ed? Jak p\u00ed\u00e1rov\u011b i psychologicky zvl\u00e1d\u00e1 svou situaci? St\u00e1le tvrd\u00ed, \u017ee jde o deset let starou kauzu, \u00fa\u010delov\u011b vyta\u017eenou\u2026<\/strong><\/p>\n<p>Jen nejv\u011bt\u0161\u00edm naiv\u016fm nen\u00ed u\u017e od za\u010d\u00e1tku jasn\u00e9, \u017ee Babi\u0161 \u0161el do politiky v\u00fdhradn\u011b jen a jen kv\u016fli pos\u00edlen\u00ed sv\u00fdch obchodn\u00edch z\u00e1jm\u016f, kv\u016fli podpo\u0159e sv\u00e9ho osobn\u00edho profitu. Vn\u00edmav\u00fdm pozorovatel\u016fm mus\u00ed b\u00fdt jasn\u00e9 i to, \u017ee v jak\u00e9koli chv\u00edli sv\u00e9ho podnik\u00e1n\u00ed se nikdy nerozpakoval vychytrale obch\u00e1zet v\u0161emo\u017en\u00e1 pravidla a vytlouct z&nbsp;mo\u017enost\u00ed, kter\u00e9 se naskytly, v\u0161e mo\u017en\u00e9 a n\u011bkdy i nemo\u017en\u00e9. Je tak\u00e9 pravda, \u017ee kv\u016fli mnohem men\u0161\u00edm podez\u0159en\u00edm, pokud by se byla t\u00fdkala kohokoli jin\u00e9ho, by zrovna on zbo\u0159il sv\u011bt a po\u0161tval ve\u0159ejn\u00e9 m\u00edn\u011bn\u00ed proti doty\u010dn\u00e9mu a\u017e na hranici lyn\u010de.<\/p>\n<p>Nikdy s\u00e1m ale ni\u010demu takov\u00e9mu ne\u010delil, nebyl na to zvykl\u00fd, pova\u017eoval se za nedotknuteln\u00e9ho. Te\u010f se mu d\u011bje p\u0159esn\u011b to, co d\u011blal l\u00e9ta ostatn\u00edm a na \u010dem vystav\u011bl celou svou politickou kari\u00e9ru. A\u017e se chce \u0159\u00edci, \u017ee u\u017e za to si zaslou\u017e\u00ed co proto. Jen\u017ee ono nejde jen o Babi\u0161e. Daleko v\u00edce ne\u017e o jednoho oligarchu, kter\u00fd stejn\u011b d\u0159\u00edv nebo pozd\u011bji skon\u010d\u00ed, jde o na\u0161i demokracii, o na\u0161e svobody. Proto bych byl stokr\u00e1t rad\u011bji, kdyby Babi\u0161 dostal napr\u00e1sk\u00e1no ve volb\u00e1ch, ne\u017e kdy\u017e bude vy\u0161t\u00edp\u00e1n pomoc\u00ed soud\u016f. Kriminalizace jako n\u00e1stroj politick\u00e9ho boje je cestou do pekla. A&nbsp;to nejen pro ty, kte\u0159\u00ed tam pat\u0159\u00ed, ale pro celou na\u0161i politiku, pro celou na\u0161i republiku.<\/p>\n<p><strong>A jak vn\u00edm\u00e1te posledn\u00ed nahr\u00e1vku Babi\u0161e, kde oznamuje, \u017ee finan\u010dn\u00ed spr\u00e1va \u201eklekla\u201c na konkr\u00e9tn\u00ed firmu soused\u00edc\u00ed s jeho podnikem?<\/strong><\/p>\n<p>Omlouv\u00e1m se, ale j\u00e1 se t\u011bmihle podrobnostmi \u0161t\u00edt\u00edm zab\u00fdvat. Jasn\u011b, \u017ee to je lump\u00e1rna, kterou nelze omluvit. Ale abych se v&nbsp;tom pitval dopodrobna, na to fakt nem\u00e1m chu\u0165.<\/p>\n<p><strong>Jen v\u011bcn\u011b: Poru\u0161il podle v\u00e1s Babi\u0161 z\u00e1kon \u010derp\u00e1n\u00edm dotace na \u010cap\u00ed hn\u00edzdo? Je na\u010dasov\u00e1n\u00ed \u017e\u00e1dosti \u201e\u00fa\u010delovka\u201c \u201eChovancovy\u201c policie?<\/strong><\/p>\n<p>J\u00e1 bych \u0159ekl, \u017ee poru\u0161il, ale m\u016fj n\u00e1zor v&nbsp;t\u00e9hle v\u011bci v\u016fbec nen\u00ed d\u016fle\u017eit\u00fd. A\u0165 to posuzuje a kon\u00e1 rameno spravedlnosti. Bez ohledu na na\u010dasov\u00e1n\u00ed. Ka\u017ed\u00e9 na\u010dasov\u00e1n\u00ed se v\u017edy bude n\u011bkomu nel\u00edbit.<\/p>\n<p><strong>Hne se ve voli\u010d\u00edch ANO sv\u011bdom\u00ed a zv\u00e1\u017e\u00ed svou volbu, jak p\u0159edpokl\u00e1d\u00e1 Miroslava N\u011bmcov\u00e1? Anebo je pravda takov\u00e1, \u017ee Babi\u0161ovi voli\u010di sv\u016fj \u201eidol\u201c tak zbo\u017e\u0148uj\u00ed, \u017ee mu p\u0159i\u0159knou roli mu\u010dedn\u00edka a je\u0161t\u011b v\u00edce si ho obl\u00edb\u00ed?<\/strong><\/p>\n<p>Sp\u00ed\u0161e to druh\u00e9. Voli\u010di p\u0159ece dob\u0159e v\u011bd\u011bli, co je Babi\u0161 za\u010d, u\u017e p\u0159i minul\u00fdch volb\u00e1ch, a p\u0159esto ho volili. S&nbsp;nimi nic nehne.&nbsp;<\/p>\n<p><strong>Ostatn\u011b hovo\u0159\u00ed se o tom del\u0161\u00ed dobu, nyn\u00ed je to jen zv\u00fdrazn\u011bno: Kolem Babi\u0161e je mnoho st\u00edn\u016f a pochybnost\u00ed, ale lid\u00e9 ho stejn\u011b maj\u00ed r\u00e1di, proto\u017ee o zaveden\u00fdch politic\u00edch si nemysl\u00ed nic dobr\u00e9ho. Je to chyba zaveden\u00fdch politik\u016f, hloup\u00fdch \u010desk\u00fdch ob\u010dan\u016f, nebo je to Babi\u0161ov\u00fdm marketingem?<\/strong><\/p>\n<p>Ani jedno. Je to celkov\u00fdm politick\u00fdm klimatem, je to v\u00fdsledkem dlouholet\u00e9ho \u00fatoku havlist\u016f na samotnou podstatu demokratick\u00e9 politiky. V\u00fdsledkem je, \u017ee lid\u00e9 politiku a politiky nen\u00e1vid\u00ed, i kdy\u017e si je sami vybrali. A rad\u011bji volaj\u00ed po vl\u00e1d\u011b nevolen\u00fdch osv\u00edcen\u00fdch elit. Ty na to \u010dekaj\u00ed a vlastn\u011b u\u017e do jist\u00e9 m\u00edry skryt\u011b vl\u00e1dnou p\u0159es m\u00e9dia, neziskov\u00e9 organizace a sv\u00e9 dlouh\u00e9 prsty strkaj\u00ed do politiky i byznysu.<\/p>\n<p><strong>Babi\u0161 vykl\u00e1d\u00e1, jak chce stav\u011bt silnice a \u017eeleznice, zvedat d\u016fchody a platy u\u010ditel\u016fm, vyb\u00edrat dan\u011b, \u0161et\u0159it pen\u00edze st\u00e1tu&#8230; Co kdy\u017e se lidem u\u017e zaj\u00edd\u00e1 sly\u0161et o pravici, levici, konzervatismu, socialismu, liberalismu, demokratick\u00fdch disidentech v Rusku a v \u010c\u00edn\u011b, o sametov\u00e9 revoluci \u2013 a zkr\u00e1tka jen cht\u011bj\u00ed \u0159e\u0161it takov\u00e9to konkr\u00e9tn\u00ed, \u0159eklo by se, p\u0159\u00edzemn\u00ed v\u011bci?<\/strong><\/p>\n<p>Ano, o tom jsem mluvil. A\u017e zahub\u00edme politiku jako stalet\u00fd spor levice a pravice, nastoup\u00ed vyvolen\u00e9 elity, kter\u00e9 budou mluvit o \u00fadajn\u00e9m konkr\u00e9tn\u00edm dobru pro v\u0161echny. \u017d\u00e1dn\u00e1 diktatura neza\u010d\u00ednala zl\u00fdmi slovy. Za\u010d\u00ednala p\u0159esn\u011b slovy o zbyte\u010dnosti politiky a o pot\u0159eb\u011b \u201ed\u011blat dobro\u201c pro v\u0161echny. Ale \u017e\u00e1dn\u00e9 dobro pro v\u0161echny neexistuje a nikdy neexistovalo. Ka\u017ed\u00fd m\u00e1 jin\u00e9 pot\u0159eby a jin\u00e9 z\u00e1jmy. A od jejich sout\u011b\u017ee a ochrany je tu pr\u00e1v\u011b politika. Tedy sp\u00ed\u0161 byla, te\u010f u\u017e tu \u017eivo\u0159\u00ed jen jej\u00ed zbyte\u010dky.<\/p>\n<p><strong>Kdy\u017e si vezmeme dosavadn\u00ed bilanci p\u016fsoben\u00ed Babi\u0161e v \u010desk\u00e9 politice: \u010c\u00edm pomohl, \u010d\u00edm u\u0161kodil? Prosp\u011bl na\u0161\u00ed zemi, nebo neprosp\u011bl?<\/strong><\/p>\n<p>J\u00e1 fakt nerad vyslovuji gener\u00e1ln\u00ed soudy o jak\u00e9koli osob\u011b. Hodnot\u00edm jednotliv\u00e9 \u010diny. Babi\u0161 nic neud\u011blal proti dikt\u00e1tu Bruselu, proti nebezpe\u010d\u00ed p\u0159id\u011blov\u00e1n\u00ed p\u0159ist\u011bhovalc\u016f, pro sn\u00ed\u017een\u00ed dan\u00ed. Zato toho ud\u011blal hodn\u011b pro \u0161ikanov\u00e1n\u00ed lid\u00ed, kte\u0159\u00ed cht\u011bj\u00ed norm\u00e1ln\u011b poctiv\u011b \u017e\u00edt.<\/p>\n<p><strong>Prezident Zeman za\u010dal znovu ve\u0159ejn\u011b vystupovat, nicm\u00e9n\u011b i nad\u00e1le se objevuj\u00ed pochybnosti stran jeho zdravotn\u00edho stavu. Je Zeman fit na to, aby byl i dal\u0161\u00edch p\u011bt let prezidentem?<\/strong><\/p>\n<p>J\u00e1 nejsem jeho l\u00e9ka\u0159. Ale podle mne je v&nbsp;dobr\u00e9 kondici. Abychom se je\u0161t\u011b v\u0161ichni nedivili.&nbsp;<\/p>\n<p><strong>Dominik Feri ale kup\u0159\u00edkladu prohl\u00e1sil, \u017ee Zeman ztr\u00e1c\u00ed pozornost, fyzicky ch\u0159adne a vzbuzuje l\u00edtost. Lze s t\u00edm souhlasit?<\/strong><\/p>\n<p>J\u00e1 nev\u00edm, kdo ten \u010dlov\u011bk je, nemus\u00edm komentovat v\u00fdroky kohokoli.<\/p>\n<p><strong>Prezident za\u017eil vrcholy i propady sv\u00e9 popularity, jak\u00fd ve\u0159ejn\u00fd obraz m\u00e1 podle v\u00e1s te\u010f? A kdo je pro v\u00e1s favoritem prezidentsk\u00fdch voleb?<\/strong><\/p>\n<p>Favoritem je samoz\u0159ejm\u011b Zeman. Nejen\u017ee tlumo\u010d\u00ed skute\u010dn\u00e9 n\u00e1zory \u010desk\u00e9ho \u010dlov\u011bka, zat\u00edmco ostatn\u00ed cht\u011bj\u00ed ob\u010dany vychov\u00e1vat. Favoritem je i proto, \u017ee mocn\u00e9 dom\u00e1c\u00ed i zahrani\u010dn\u00ed s\u00edly, kter\u00e9 si Zemana nep\u0159ej\u00ed, dosud nebyly schopny vyprodukovat symbol, kter\u00fd by mu mohl konkurovat. Ale t\u0159eba se o to n\u011bkdy koncem podzimu je\u0161t\u011b pokus\u00ed. A\u0165 u\u017e z&nbsp;n\u011bkoho ze sou\u010dasn\u00fdch om\u00edlan\u00fdch jmen, nebo z&nbsp;n\u011bkoho \u00fapln\u011b jin\u00e9ho.<\/p>\n<p><strong>A\u0165 bude povolebn\u00ed uspo\u0159\u00e1d\u00e1n\u00ed jak\u00e9koliv, co nov\u00e1 vl\u00e1da podle v\u00e1s mus\u00ed v dal\u0161\u00edch \u010dty\u0159ech letech pro \u010cesko vykonat? V oblasti financ\u00ed, v zahrani\u010dn\u00ed politice, z hlediska bezpe\u010dnosti, vymahatelnosti pr\u00e1va&#8230;? Co tato zem\u011b pot\u0159ebuje a \u010demu bude muset \u010delit?<\/strong><\/p>\n<p>Uspokojila by m\u011b jedin\u00e1 vl\u00e1da: ta, kter\u00e1 bude m\u00edt jako hlavn\u00ed c\u00edl vystoupen\u00ed z&nbsp;Evropsk\u00e9 unie. Jak\u00e1koli jin\u00e1 bude znamenat jen pokra\u010dov\u00e1n\u00ed \u00fapadku a ag\u00f3nie.&nbsp;&nbsp;&nbsp;&nbsp;&nbsp;&nbsp;<\/p>\n<p><strong>Franti\u0161ek Ringo \u010cech, Olga Sommerov\u00e1, V\u00e1clav Klaus mlad\u0161\u00ed, Adam Komers, Dana Kuchtov\u00e1. To jsou n\u011bkter\u00e1 zn\u00e1m\u00e1 jm\u00e9na lid\u00ed, kte\u0159\u00ed m\u00edn\u00ed kandidovat ve sn\u011bmovn\u00edch volb\u00e1ch. Kdo z nich by \u010deskou politiku obohatil a kdo ne?<\/strong><\/p>\n<p>Mo\u017en\u00e1 v\u0161ichni, mo\u017en\u00e1 nikdo, mo\u017en\u00e1 n\u011bkdo \u00fapln\u011b jin\u00fd. Osobn\u011b si ale mysl\u00edm, \u017ee by se v&nbsp;dob\u011b, kdy je ohro\u017eena na\u0161e suverenita a na\u0161e svobody, m\u011blo do politiky hrnout lid\u00ed daleko v\u00edc. Ka\u017ed\u00e1 pomocn\u00e1 ruka je dobr\u00e1. Tedy pokud chce pomoci.<\/p>\n<p><strong>Tom\u00e1\u0161 Hal\u00edk sd\u011blil podporovateli STAN Daliboru D\u011bdkovi, \u017ee by r\u00e1d vytvo\u0159il nadstranick\u00fd poradn\u00ed org\u00e1n pro strany, kter\u00e9 cht\u011bj\u00ed b\u00fdt proz\u00e1padn\u00ed a proevropsk\u00e9. P\u0159ejete si anga\u017eovanost profesora Hal\u00edka v \u010desk\u00e9 politice?<\/strong><\/p>\n<p>Hal\u00edk je \u010dernokn\u011b\u017en\u00edk a pat\u0159\u00ed do poh\u00e1dek, ne do politiky.<\/p>\n<p><strong>Podnikatel, kter\u00fd neum\u00ed dob\u0159e zaplatit sv\u00e9 zam\u011bstnance a kter\u00fd se hrout\u00ed ze zv\u00fd\u0161en\u00ed minim\u00e1ln\u00ed mzdy, je dareb\u00e1k a nem\u011bl by podnikat, \u0159ekl Lubom\u00edr Zaor\u00e1lek. Jin\u00ed socialist\u00e9 a odbor\u00e1\u0159i \u0159\u00edkaj\u00ed, \u017ee kdy\u017e m\u00e1me nev\u00eddan\u00fd hospod\u00e1\u0159sk\u00fd r\u016fst, musej\u00ed se zv\u00fd\u0161it zam\u011bstnanc\u016fm platy, proto\u017ee \u201ekdy jindy u\u017e\u201c. Co \u0159\u00edci k v\u011bt\u011b \u0160t\u011bp\u00e1na Kotrby, \u017ee \u201ekapitalista se ani \u010d\u00e1sti vytvo\u0159en\u00e9 nadhodnoty ve prosp\u011bch d\u011bln\u00edk\u016f dobrovoln\u011b nevzd\u00e1. Nutn\u00e9 je mu ji vz\u00edt. St\u00e1tn\u00edm z\u00e1sahem, nebo s vidlemi v ruce\u201c?<\/strong><\/p>\n<p>My\u0161lenka, \u017ee existuje cosi jako nadhodnota, je nejv\u011bt\u0161\u00edm zlem posledn\u00edch 200 let. Padlo j\u00ed za ob\u011b\u0165 mnoho des\u00edtek milion\u016f lid\u00ed. Nechme lidi, a\u0165 si sv\u00e9 obchodn\u00ed vztahy mezi sebou vy\u0159e\u0161\u00ed dobrovoln\u011b sv\u00fdmi smlouvami, i pracovn\u00edmi. Nen\u00ed povinn\u00e9 pracovat u konkr\u00e9tn\u00edho zam\u011bstnavatele nebo v&nbsp;konkr\u00e9tn\u00edm oboru. A nen\u00ed povinn\u00e9 zam\u011bstn\u00e1vat konkr\u00e9tn\u00edho zam\u011bstnance. Ob\u011b strany musej\u00ed m\u00edt volnost stejn\u011b jako prod\u00e1vaj\u00edc\u00ed a kupuj\u00edc\u00ed.<\/p>\n<p><a href=\"http:\/\/www.parlamentnilisty.cz\/arena\/rozhovory\/Klausuv-Jakl-Zeman-je-favoritem-prezidentske-volby-tlumoci-skutecne-nazory-ceskeho-cloveka-Babisovi-se-ted-deje-presne-to-co-delal-leta-ostatnim-lide-z-nej-ale-udelaji-mucednika-502880\">Zdroj<\/a><\/p>\n","protected":false},"excerpt":{"rendered":"<p>ROZHOVOR B\u00fdval\u00fd tajemn\u00edk prezidenta V\u00e1clava Klause \u0159\u00edk\u00e1, \u017ee Babi\u0161ovi se nyn\u00ed d\u011bje p\u0159esn\u011b to, co d\u011blal l\u00e9ta ostatn\u00edm a na \u010dem vystav\u011bl celou svou politickou kari\u00e9ru. \u201eKriminalizace jako n\u00e1stroj politick\u00e9ho boje je cestou do pekla. A to nejen pro ty, kte\u0159\u00ed tam pat\u0159\u00ed, ale pro celou na\u0161i politiku, pro celou na\u0161i republiku,\u201c dodal Jakl. Zeman [&hellip;]<\/p>\n","protected":false},"author":1,"featured_media":0,"comment_status":"open","ping_status":"open","sticky":false,"template":"","format":"standard","meta":{"ngg_post_thumbnail":0,"footnotes":""},"categories":[13],"tags":[],"class_list":["post-7919","post","type-post","status-publish","format-standard","hentry","category-rozhovory"],"_links":{"self":[{"href":"https:\/\/www.ladislavjakl.cz\/index.php?rest_route=\/wp\/v2\/posts\/7919","targetHints":{"allow":["GET"]}}],"collection":[{"href":"https:\/\/www.ladislavjakl.cz\/index.php?rest_route=\/wp\/v2\/posts"}],"about":[{"href":"https:\/\/www.ladislavjakl.cz\/index.php?rest_route=\/wp\/v2\/types\/post"}],"author":[{"embeddable":true,"href":"https:\/\/www.ladislavjakl.cz\/index.php?rest_route=\/wp\/v2\/users\/1"}],"replies":[{"embeddable":true,"href":"https:\/\/www.ladislavjakl.cz\/index.php?rest_route=%2Fwp%2Fv2%2Fcomments&post=7919"}],"version-history":[{"count":1,"href":"https:\/\/www.ladislavjakl.cz\/index.php?rest_route=\/wp\/v2\/posts\/7919\/revisions"}],"predecessor-version":[{"id":7920,"href":"https:\/\/www.ladislavjakl.cz\/index.php?rest_route=\/wp\/v2\/posts\/7919\/revisions\/7920"}],"wp:attachment":[{"href":"https:\/\/www.ladislavjakl.cz\/index.php?rest_route=%2Fwp%2Fv2%2Fmedia&parent=7919"}],"wp:term":[{"taxonomy":"category","embeddable":true,"href":"https:\/\/www.ladislavjakl.cz\/index.php?rest_route=%2Fwp%2Fv2%2Fcategories&post=7919"},{"taxonomy":"post_tag","embeddable":true,"href":"https:\/\/www.ladislavjakl.cz\/index.php?rest_route=%2Fwp%2Fv2%2Ftags&post=7919"}],"curies":[{"name":"wp","href":"https:\/\/api.w.org\/{rel}","templated":true}]}}