{"id":7956,"date":"2017-09-22T11:24:58","date_gmt":"2017-09-22T09:24:58","guid":{"rendered":"http:\/\/www.ladislavjakl.cz\/?p=7956"},"modified":"2017-09-22T11:25:08","modified_gmt":"2017-09-22T09:25:08","slug":"distribuci-migrantu-chce-eu-znicit-svobodu-a-bezpeci-lidl-nas-vychovava-v-nove-sovetske-evropske-lidi-sobotku-si-brusel-koupil-uz-davno-fica-asi-az-ted-znamy-odpurce-eu-hovori","status":"publish","type":"post","link":"https:\/\/www.ladislavjakl.cz\/?p=7956","title":{"rendered":"Distribuc\u00ed migrant\u016f chce EU zni\u010dit svobodu a bezpe\u010d\u00ed. Lidl n\u00e1s vychov\u00e1v\u00e1 v nov\u00e9 sov\u011btsk\u00e9 evropsk\u00e9 lidi. Sobotku si Brusel koupil u\u017e d\u00e1vno, Fica asi a\u017e te\u010f. Zn\u00e1m\u00fd odp\u016frce EU hovo\u0159\u00ed"},"content":{"rendered":"<p>\u201eDistribuce neleg\u00e1ln\u011b dov\u00e1\u017een\u00fdch p\u0159ist\u011bhovalc\u016f do dosud nezasa\u017een\u00fdch zem\u00ed m\u00e1 jedin\u00fd \u00fa\u010del: zni\u010dit p\u0159\u00edklad, \u017ee lze \u017e\u00edt svobodn\u011b a bezpe\u010dn\u011b. Takov\u00fd p\u0159\u00edklad je vl\u00e1dc\u016fm EU trnem v o\u010d\u00edch, tak ho cht\u011bj\u00ed zlikvidovat. Ano, cht\u011bj\u00ed, aby trag\u00e9die masov\u00e9 imigrace dopadla i na zem\u011b, kter\u00e9 se j\u00ed dosud br\u00e1n\u00ed. Aby mohli \u0159\u00edci, \u017ee dnes je to p\u0159ece norm\u00e1ln\u00ed,\u201c upozor\u0148uje b\u00fdval\u00fd tajemn\u00edk prezidenta Klause Ladislav Jakl.<\/p>\n<p><!--more--><\/p>\n<p><strong>\u010cesko ned\u00e1vno zas\u00e1hla vlna odporu k let\u00e1ku obchodn\u00edho \u0159et\u011bzce Lidl, kter\u00fd v r\u00e1mci politiky \u201e\u017e\u00e1dn\u00e9 n\u00e1bo\u017eensk\u00e9 symboly\u201c odmazal z fotky \u0159eck\u00e9ho kostela k\u0159\u00ed\u017e. M\u00e1 pravdu kardin\u00e1l Dominik Duka, \u017ee umaz\u00e1v\u00e1n\u00edm k\u0159\u00ed\u017e\u016f to za\u010d\u00edn\u00e1 a strh\u00e1v\u00e1n\u00edm k\u0159\u00ed\u017e\u016f kon\u010d\u00ed? \u0160lo o spr\u00e1vn\u00fd krok, nebo jen o bou\u0159i ve sklenici vody? Lze p\u0159ipomenout, \u017ee me\u0161ity Lidl uvedl bez umaz\u00e1v\u00e1n\u00ed \u010dehokoliv. Je spr\u00e1vnou reakc\u00ed to, co u\u010dinili ob\u010dan\u00e9 Prahy 8, kdy\u017e vylepili na Lidl k\u0159\u00ed\u017ee? \u010ci to p\u016fsob\u00ed sp\u00ed\u0161e komicky v zemi, kde do kostela chod\u00ed jen minim\u00e1ln\u00ed procento lid\u00ed?<\/strong><\/p>\n<p>To nen\u00ed komick\u00e9. Lidl takhle postupuje dlouho. V\u00e1noce v\u00edtal bez jak\u00e9koli i nen\u00e1padn\u00e9 v\u00e1no\u010dn\u00ed symboliky, pak zbo\u017e\u00ed nab\u00edzel \u010dernoch tam, kde skoro \u017e\u00e1dn\u00ed ne\u017eij\u00ed (jist\u011b by ka\u017ed\u00fd uznal, \u017ee blond\u00fdna propaguj\u00edc\u00ed v&nbsp;Africe \u0161ampon by byla pr\u00e1vem ch\u00e1p\u00e1na jako necitlivost), a te\u010f mu vad\u00ed k\u0159\u00ed\u017ee. On n\u00e1s chce vychovat ve spr\u00e1vn\u00e9 ob\u010dany, v&nbsp;nov\u00e9 sov\u011btsk\u00e9 evropsk\u00e9 lidi. A pro\u010d to dnes vad\u00ed? P\u0159ed 15 lety by si toho nikdo nev\u0161iml. Ale v&nbsp;dob\u011b, kdy EU dov\u00e1\u017e\u00ed z&nbsp;ciziny miliony \u010dernoch\u016f a Arab\u016f p\u0159ev\u00e1\u017en\u011b muslimsk\u00e9ho vyzn\u00e1n\u00ed, i n\u00e1bo\u017eensky vla\u017en\u00ed \u010ce\u0161i pr\u00e1vem c\u00edt\u00ed ohro\u017een\u00ed a znovuobjevuj\u00ed hodnoty, kter\u00e9 n\u00e1s ubr\u00e1nily p\u0159ed muslimskou invaz\u00ed v&nbsp;minul\u00fdch stalet\u00edch.<\/p>\n<p><strong>\u201eTi lid\u00e9, kte\u0159\u00ed ve \u0160pan\u011blsku organizovali demonstrace za p\u0159ij\u00edm\u00e1n\u00ed imigrant\u016f, nesou plnou odpov\u011bdnost za \u00fatoky, kter\u00e9 se te\u010f staly, nesou odpov\u011bdnost za ty mrtv\u00e9. (\u2026) V\u011bd\u011bli, \u017ee to povede k t\u011bm vra\u017ed\u00e1m a k t\u011bm \u00fatok\u016fm. To jsou amor\u00e1ln\u00ed lid\u00e9, kte\u0159\u00ed v\u011bd\u00ed, \u017ee zp\u016fsobuj\u00ed vra\u017edy, v\u011bd\u00ed, \u017ee zp\u016fsobuj\u00ed zab\u00edjen\u00ed mal\u00fdch d\u011bt\u00ed, v\u011bd\u00ed, \u017ee zp\u016fsobuj\u00ed mu\u010den\u00ed, ale p\u0159esto ta jejich touha po grantech a po pen\u011bz\u00edch je tak siln\u00e1, \u017ee se nedaj\u00ed zastavit. Oni preferuj\u00ed tu cestu, aby tak, jako se te\u010f zab\u00edjelo v Barcelon\u011b, se z\u00edtra zab\u00edjelo v Praze, Brn\u011b, Hradci, Teplic\u00edch \u010di kdekoli v \u010cesk\u00e9 republice,\u201c \u0159\u00edk\u00e1 zakladatel \u010cesk\u00e9 spole\u010dnosti pro civiliza\u010dn\u00ed studia sociolog Petr Hampl. To jsou siln\u00e1 slova. Co o nich soud\u00edte?<\/strong><\/p>\n<p>Ned\u00e1vno jsem napsal tot\u00e9\u017e. Distribuce neleg\u00e1ln\u011b dov\u00e1\u017een\u00fdch p\u0159ist\u011bhovalc\u016f do dosud nezasa\u017een\u00fdch zem\u00ed m\u00e1 jedin\u00fd \u00fa\u010del: zni\u010dit p\u0159\u00edklad, \u017ee lze \u017e\u00edt svobodn\u011b a bezpe\u010dn\u011b. Takov\u00fd p\u0159\u00edklad je vl\u00e1dc\u016fm EU trnem v&nbsp;o\u010d\u00edch, tak ho cht\u011bj\u00ed zlikvidovat. Ano, cht\u011bj\u00ed, aby trag\u00e9die masov\u00e9 imigrace dopadla i na zem\u011b, kter\u00e9 se j\u00ed dosud br\u00e1n\u00ed. Aby mohli \u0159\u00edci, \u017ee dnes je to p\u0159ece norm\u00e1ln\u00ed.<\/p>\n<p><strong>Jan Keller v souvislosti s&nbsp;af\u00e9rou kolem Lidlu uvedl, \u017ee \u201e&#8230; vrcholem manipulace je, kdy\u017e ti, kdo na tento nebezpe\u010dn\u00fd proces upozor\u0148uj\u00ed, jsou vyd\u00e1v\u00e1ni za nesn\u00e1\u0161enliv\u00e9 xenofoby. Je to stejn\u00e9, jako kdyby byly \u017eeny obvi\u0148ov\u00e1ny z&nbsp;toho, \u017ee kladly odpor n\u00e1siln\u00edkovi. T\u0159eba se do\u010dk\u00e1me i toho.\u201c<\/strong><\/p>\n<p>Toho u\u017e jsme se do\u010dkali, i takov\u00e9 v\u011bty u\u017e jsem od havlist\u016f \u010detl. M\u00e1me si pomalu zvykat na v\u011bci, kter\u00e9 by n\u00e1s je\u0161t\u011b p\u0159ed p\u00e1r lety \u0161okovaly, jako na n\u011bco norm\u00e1ln\u00edho. A\u017e si zvykneme, oni je\u0161t\u011b p\u0159itvrd\u00ed, proto\u017ee si na\u0161e zvyk\u00e1n\u00ed spr\u00e1vn\u011b vylo\u017e\u00ed jako na\u0161i slabost.<\/p>\n<p><strong>Angela Merkelov\u00e1 m\u00ed\u0159\u00ed za obhajobou sv\u00e9ho mand\u00e1tu. Na cest\u011b k&nbsp;tomu sd\u011blila, \u017ee \u201eisl\u00e1m pat\u0159\u00ed k N\u011bmecku a je sou\u010d\u00e1st\u00ed jeho \u00fasp\u011bchu\u201c, z\u00e1rove\u0148 potvrdila, \u017ee nelituje sv\u00e9ho rozhodnut\u00ed z dob migra\u010dn\u00ed krize. Je Merkelov\u00e1 v\u016fdkyn\u00ed svobodn\u00e9ho sv\u011bta, \u010di je jej\u00ed politika nebezpe\u010dn\u00e1? P\u0159ejete si jej\u00ed znovuzvolen\u00ed?<\/strong><\/p>\n<p>J\u00e1 nejsem n\u011bmeck\u00fd voli\u010d. A ten si ji p\u0159eje. N\u011bmeck\u00fd voli\u010d u\u017e mnohokr\u00e1t v&nbsp;d\u011bjin\u00e1ch potvrdil, \u017ee na n\u011bm lze \u0161t\u00edpat d\u0159\u00edv\u00ed.<\/p>\n<p><strong>Premi\u00e9r Bohuslav Sobotka podle informac\u00ed m\u00e9di\u00ed chce je\u0161t\u011b v sam\u00e9m z\u00e1v\u011bru sv\u00e9ho mand\u00e1tu p\u0159imknout \u010cesko bl\u00ed\u017ee k EU. Konkr\u00e9tn\u011b zajistit na\u0161e voln\u00e9 p\u0159i\u010dlen\u011bn\u00ed k euroz\u00f3n\u011b, \u010d\u00edm\u017e d\u00e1me najevo, \u017ee stoj\u00edme o euro. Je to spr\u00e1vn\u00fd krok ve sv\u011btle \u00favah o tom, zda m\u00e1me b\u00fdt sou\u010d\u00e1st\u00ed \u201etvrd\u00e9ho j\u00e1dra EU\u201c? Robert Fico sd\u011blil, \u017ee \u017eivotn\u00edm prostorem Slovenska je EU a chce b\u00fdt ve tvrd\u00e9m j\u00e1dru i t\u0159eba na \u00fakor spolupr\u00e1ce s Visegr\u00e1dem\u2026<\/strong><\/p>\n<p>Sobotku si Brusel koupil u\u017e d\u00e1vno, Fica asi a\u017e v&nbsp;posledn\u00edch t\u00fddnech. N\u011bkter\u00e1 jeho vyj\u00e1d\u0159en\u00ed z&nbsp;posledn\u00ed doby tomu nasv\u011bd\u010duj\u00ed.<\/p>\n<p><strong>V\u011bdci ji\u017e p\u0159es 70 let vizualizuj\u00ed m\u00edru nebezpe\u010d\u00ed jadern\u00e9 katastrofy, tzv. odpo\u010det soudn\u00e9ho dne. Tento ukazatel se letos p\u0159ibl\u00ed\u017eil o p\u016fl minuty k p\u016flnoci, kter\u00e1 znamen\u00e1 zni\u010den\u00ed sv\u011bta jadern\u00fdmi zbran\u011bmi. Pomysln\u00fd \u010das na hodin\u00e1ch tedy ukazuje hodnotu 23:58:30. Co d\u011blat s nap\u011bt\u00edm ve sv\u011bt\u011b, kter\u00e9 existuje zejm\u00e9na mezi Spojen\u00fdmi st\u00e1ty a Ruskem, jejich\u017e vztahy jsou podle mnoh\u00fdch nebezpe\u010dn\u011bj\u0161\u00ed a nep\u0159edv\u00eddateln\u011bj\u0161\u00ed ne\u017e za studen\u00e9 v\u00e1lky? A jak \u0159e\u0161it probl\u00e9m Severn\u00ed Koreje?<\/strong><\/p>\n<p>J\u00e1 nem\u00e1m r\u00e1d tyhle hra\u010di\u010dky \u201ev\u011bdc\u016f\u201c. Ale riziko je opravdu rozhodn\u011b v\u011bt\u0161\u00ed, ne\u017e bylo v&nbsp;posledn\u00edch letech. Je to d\u016fsledkem d\u011btinsk\u00e9 n\u00e1tlakov\u00e9 politiky, zalo\u017een\u00e9 na hloup\u00e9m p\u0159edpokladu, \u017ee kdy\u017e n\u011bco nejde silou, zkus\u00edme to je\u0161t\u011b v\u011bt\u0161\u00ed silou. V mezin\u00e1rodn\u00edch vztaz\u00edch to nikdy neplatilo. Stup\u0148ov\u00e1n\u00edm tlaku sv\u00e9ho oponenta jen zradikalizujete. Je t\u0159eba p\u0159esn\u00fd opak: jednat, obchodovat, spolupracovat, obru\u0161ovat hrany, sni\u017eovat ned\u016fv\u011bru. A \u010dasem se takto z&nbsp;ka\u017ed\u00e9ho oponenta stane spojenec.<\/p>\n<p><strong>Co \u0159\u00edct k&nbsp;Donaldu Trumpovi? \u201ePlave v&nbsp;tom\u201c? M\u00e1 je\u0161t\u011b \u0161anci splnit n\u011bco, co sliboval?<\/strong><\/p>\n<p>Plave. A nejen to. Je pod \u0161\u00edlen\u00fdm a surov\u00fdm tlakem. \u0160anci m\u00e1, ale bude to m\u00edt ka\u017ed\u00fd den t\u011b\u017e\u0161\u00ed a t\u011b\u017e\u0161\u00ed. Pot\u0159eboval by spojence. Ale to zaslepenci mezi republik\u00e1ny dosud nepochopili. Netu\u0161\u00ed, \u017ee spolu s&nbsp;Trumpem budou zadup\u00e1ni i oni.<\/p>\n<p><strong>Co je podle v\u00e1s z\u00e1sadn\u00ed t\u00e9ma, kter\u00e9 je ve ve\u0159ejn\u00e9 debat\u011b \u010di medi\u00e1ln\u00edm prostoru opom\u00edjeno?<\/strong><\/p>\n<p>V\u0161imn\u011bte si, jak se po\u0159\u00e1d mluv\u00ed o kontrole, dohledu, o zlep\u0161en\u00ed toho \u010di onoho. \u00dapln\u011b se vytratilo to z\u00e1kladn\u00ed. Svoboda lid\u00ed \u017e\u00edt si podle sv\u00e9ho. Chyb\u00ed mi hlas, kter\u00fd by se svobody zastal.&nbsp;<\/p>\n<p><a href=\"http:\/\/www.parlamentnilisty.cz\/arena\/rozhovory\/Distribuci-migrantu-chce-EU-znicit-svobodu-a-bezpeci-Lidl-nas-vychovava-v-nove-sovetske-evropske-lidi-Sobotku-si-Brusel-koupil-uz-davno-Fica-asi-az-ted-Znamy-odpurce-EU-hovori-504980\">Zdroj<\/a><\/p>\n","protected":false},"excerpt":{"rendered":"<p>\u201eDistribuce neleg\u00e1ln\u011b dov\u00e1\u017een\u00fdch p\u0159ist\u011bhovalc\u016f do dosud nezasa\u017een\u00fdch zem\u00ed m\u00e1 jedin\u00fd \u00fa\u010del: zni\u010dit p\u0159\u00edklad, \u017ee lze \u017e\u00edt svobodn\u011b a bezpe\u010dn\u011b. Takov\u00fd p\u0159\u00edklad je vl\u00e1dc\u016fm EU trnem v o\u010d\u00edch, tak ho cht\u011bj\u00ed zlikvidovat. Ano, cht\u011bj\u00ed, aby trag\u00e9die masov\u00e9 imigrace dopadla i na zem\u011b, kter\u00e9 se j\u00ed dosud br\u00e1n\u00ed. Aby mohli \u0159\u00edci, \u017ee dnes je to p\u0159ece norm\u00e1ln\u00ed,\u201c [&hellip;]<\/p>\n","protected":false},"author":1,"featured_media":0,"comment_status":"open","ping_status":"open","sticky":false,"template":"","format":"standard","meta":{"ngg_post_thumbnail":0,"footnotes":""},"categories":[13],"tags":[],"class_list":["post-7956","post","type-post","status-publish","format-standard","hentry","category-rozhovory"],"_links":{"self":[{"href":"https:\/\/www.ladislavjakl.cz\/index.php?rest_route=\/wp\/v2\/posts\/7956","targetHints":{"allow":["GET"]}}],"collection":[{"href":"https:\/\/www.ladislavjakl.cz\/index.php?rest_route=\/wp\/v2\/posts"}],"about":[{"href":"https:\/\/www.ladislavjakl.cz\/index.php?rest_route=\/wp\/v2\/types\/post"}],"author":[{"embeddable":true,"href":"https:\/\/www.ladislavjakl.cz\/index.php?rest_route=\/wp\/v2\/users\/1"}],"replies":[{"embeddable":true,"href":"https:\/\/www.ladislavjakl.cz\/index.php?rest_route=%2Fwp%2Fv2%2Fcomments&post=7956"}],"version-history":[{"count":1,"href":"https:\/\/www.ladislavjakl.cz\/index.php?rest_route=\/wp\/v2\/posts\/7956\/revisions"}],"predecessor-version":[{"id":7957,"href":"https:\/\/www.ladislavjakl.cz\/index.php?rest_route=\/wp\/v2\/posts\/7956\/revisions\/7957"}],"wp:attachment":[{"href":"https:\/\/www.ladislavjakl.cz\/index.php?rest_route=%2Fwp%2Fv2%2Fmedia&parent=7956"}],"wp:term":[{"taxonomy":"category","embeddable":true,"href":"https:\/\/www.ladislavjakl.cz\/index.php?rest_route=%2Fwp%2Fv2%2Fcategories&post=7956"},{"taxonomy":"post_tag","embeddable":true,"href":"https:\/\/www.ladislavjakl.cz\/index.php?rest_route=%2Fwp%2Fv2%2Ftags&post=7956"}],"curies":[{"name":"wp","href":"https:\/\/api.w.org\/{rel}","templated":true}]}}