{"id":801,"date":"2011-02-16T09:50:20","date_gmt":"2011-02-16T08:50:20","guid":{"rendered":"http:\/\/www.ladislavjakl.cz\/?p=801"},"modified":"2011-02-16T09:51:33","modified_gmt":"2011-02-16T08:51:33","slug":"dostavme-uz-konecne-tu-radnici","status":"publish","type":"post","link":"https:\/\/www.ladislavjakl.cz\/?p=801","title":{"rendered":"Dostavme u\u017e kone\u010dn\u011b tu radnici!"},"content":{"rendered":"<p>Je 66 let po v\u00e1lce a na nej\u00fa\u017easn\u011bj\u0161\u00edm m\u00edst\u011b  nej\u00fa\u017easn\u011bj\u0161\u00edho m\u011bsta sv\u011bta st\u00e1le zeje velmi ne\u00fa\u017easn\u00e1 d\u00edra. Ano, mluv\u00edm o  Starom\u011bstsk\u00e9 radnici.<\/p>\n<p><a name=\"t2\"><\/a><\/p>\n<div>\n<p><!--more--><\/p>\n<p>Starom\u011bstsk\u00e9 n\u00e1m\u011bst\u00ed nelze popisovat bez u\u017eit\u00ed f\u00e1z\u00ed typu &#8222;klenot  Prahy&#8220; nebo &#8222;srdce \u010cech&#8220;. A u\u017e t\u0159et\u00ed generace Pra\u017ean\u016f, \u010desk\u00fdch  n\u00e1v\u0161t\u011bvn\u00edk\u016f i turist\u016f odkudkoli tu kouk\u00e1 na jak\u00fdsi podivn\u00fd par\u010d\u00edk a na  je\u0161t\u011b podivn\u011bj\u0161\u00ed zadn\u00ed trakty radni\u010dn\u00edch dom\u016f s okny d\u0159\u00edve sm\u011bruj\u00edc\u00edmi  nejsp\u00ed\u0161 do n\u011bjak\u00fdch sv\u011btl\u00edk\u016f \u010di dvork\u016f. Skoro jako kdyby to u\u017e  p\u0159est\u00e1valo lidem vadit.<\/p>\n<p>Mn\u011b to vad\u00ed a jsem si jist, \u017ee nejsem s\u00e1m. M\u00edsto po vyho\u0159el\u00e9m  v\u00fdchodn\u00edm k\u0159\u00eddle v sou\u010dasn\u00e9 podob\u011b ned\u00e1v\u00e1 \u017e\u00e1dn\u00fd smysl. Radnici by bylo  t\u0159eba kone\u010dn\u011b dostav\u011bt a ukon\u010dit to p\u0159edlouh\u00e9 provizorium.<\/p>\n<p>Probl\u00e9m nen\u00ed a nikdy nebyl ani tak v pen\u011bz\u00edch jako ve strachu.  Strachu p\u0159ij\u00edt s n\u00e1padem, strachu otev\u0159\u00edt debatu, strachu n\u00e9st svou k\u016f\u017ei  na trh. Na dostavbu\u00a0radnice bylo vyps\u00e1no n\u011bkolik sout\u011b\u017e\u00ed, ale v\u0161echny  skon\u010dily fiaskem. Toto citliv\u00e9 m\u00edsto v sob\u011b kumuluje p\u0159\u00edli\u0161 emoc\u00ed a tak  po n\u011bkolika nezdarech dali \u010ce\u0161i od v\u011bci rad\u011bji ruce pry\u010d. A to je chyba.<\/p>\n<p>Ano, bez h\u00e1dky se to neobejde. N\u011bkdo bude po\u017eadovat repliku  novogotick\u00e9ho k\u0159\u00eddla, zni\u010den\u00e9ho za v\u00e1lky. Oponenti budou nam\u00edtat, \u017ee ona  budova nem\u011bla valnou historickou ani estetickou hodnotu a \u017ee je t\u0159eba  postavi n\u011bco soudob\u00e9ho. Toho bych se neb\u00e1l, na\u0161e doba ur\u010dit\u011b um\u00ed  nab\u00eddnout v\u00edc ne\u017e bakelitov\u00e9 \u010depice. Nebude to snadn\u00e9 a neobejde se to  bez konfliktu. Ale je to \u00fakol na\u0161\u00ed doby a m\u011bl by b\u00fdt v\u011bc\u00ed na\u0161\u00ed cti,  abychom ho nehodili na krk p\u0159\u00edst\u00edm generac\u00edm.<\/p>\n<p>Poj\u010fme do toho. Za\u010dn\u011bme o dostavb\u011b alespo\u0148 mluvit, diskutovat, t\u0159eba i  konfliktn\u011b. Ale p\u0159esta\u0148me d\u011blat, \u017ee jsme si na tu zej\u00edc\u00ed d\u00edru zvykli.  To bychom o sob\u011b nedali moc dobrou zpr\u00e1vu.<\/p>\n<p><a href=\"http:\/\/jakl.blog.idnes.cz\/c\/176804\/Dostavme-uz-konecne-tu-radnici.html\" target=\"_blank\">Zdroj<\/a><\/div>\n","protected":false},"excerpt":{"rendered":"<p>Je 66 let po v\u00e1lce a na nej\u00fa\u017easn\u011bj\u0161\u00edm m\u00edst\u011b nej\u00fa\u017easn\u011bj\u0161\u00edho m\u011bsta sv\u011bta st\u00e1le zeje velmi ne\u00fa\u017easn\u00e1 d\u00edra. Ano, mluv\u00edm o Starom\u011bstsk\u00e9 radnici.<\/p>\n","protected":false},"author":1,"featured_media":0,"comment_status":"open","ping_status":"open","sticky":false,"template":"","format":"standard","meta":{"ngg_post_thumbnail":0,"footnotes":""},"categories":[10],"tags":[],"class_list":["post-801","post","type-post","status-publish","format-standard","hentry","category-zlehka"],"_links":{"self":[{"href":"https:\/\/www.ladislavjakl.cz\/index.php?rest_route=\/wp\/v2\/posts\/801","targetHints":{"allow":["GET"]}}],"collection":[{"href":"https:\/\/www.ladislavjakl.cz\/index.php?rest_route=\/wp\/v2\/posts"}],"about":[{"href":"https:\/\/www.ladislavjakl.cz\/index.php?rest_route=\/wp\/v2\/types\/post"}],"author":[{"embeddable":true,"href":"https:\/\/www.ladislavjakl.cz\/index.php?rest_route=\/wp\/v2\/users\/1"}],"replies":[{"embeddable":true,"href":"https:\/\/www.ladislavjakl.cz\/index.php?rest_route=%2Fwp%2Fv2%2Fcomments&post=801"}],"version-history":[{"count":3,"href":"https:\/\/www.ladislavjakl.cz\/index.php?rest_route=\/wp\/v2\/posts\/801\/revisions"}],"predecessor-version":[{"id":803,"href":"https:\/\/www.ladislavjakl.cz\/index.php?rest_route=\/wp\/v2\/posts\/801\/revisions\/803"}],"wp:attachment":[{"href":"https:\/\/www.ladislavjakl.cz\/index.php?rest_route=%2Fwp%2Fv2%2Fmedia&parent=801"}],"wp:term":[{"taxonomy":"category","embeddable":true,"href":"https:\/\/www.ladislavjakl.cz\/index.php?rest_route=%2Fwp%2Fv2%2Fcategories&post=801"},{"taxonomy":"post_tag","embeddable":true,"href":"https:\/\/www.ladislavjakl.cz\/index.php?rest_route=%2Fwp%2Fv2%2Ftags&post=801"}],"curies":[{"name":"wp","href":"https:\/\/api.w.org\/{rel}","templated":true}]}}