{"id":8025,"date":"2017-10-30T12:22:01","date_gmt":"2017-10-30T11:22:01","guid":{"rendered":"http:\/\/www.ladislavjakl.cz\/?p=8025"},"modified":"2017-10-30T12:22:01","modified_gmt":"2017-10-30T11:22:01","slug":"dlouhe-vedeni-ladislava-jakla","status":"publish","type":"post","link":"https:\/\/www.ladislavjakl.cz\/?p=8025","title":{"rendered":"Dlouh\u00e9 veden\u00ed Ladislava Jakla"},"content":{"rendered":"<div class=\"opener\">\u010cty\u0159iadvacet minut trval duel na internetov\u00e9 televizi DVTV mezi Hanou Marvanovou a Ladislavem Jaklem o budoucnosti \u010cesk\u00e9ho rozhlasu a \u010cesk\u00e9 televize (<a href=\"https:\/\/youtu.be\/pELBBC4AE_s\">https:\/\/youtu.be\/pELBBC4AE_s<\/a>). Ten si m\u016f\u017ee pustit ka\u017ed\u00fd.<\/div>\n<p><!--more--><\/p>\n<div id=\"art-text\" class=\"text\">\n<p>Kdy\u017e pak ale kamery zhasly, duel je\u0161t\u011b pokra\u010doval, a z toho pokra\u010dov\u00e1n\u00ed existuje jen p\u00edsemn\u00fd z\u00e1znam skryt\u00e9ho stenografa. Zde je jeho p\u0159epis:<\/p>\n<p>On: Mn\u011b to po\u0159\u00e1d n\u011bjak nen\u00ed jasn\u00fd. Vy um\u00edte definovat tu instituci ve\u0159ejn\u00e9 slu\u017eby?<\/p>\n<p>Ona: No, to p\u0159ece slou\u017e\u00ed v\u0161em a p\u0159itom to nen\u00ed st\u00e1tn\u00ed.<\/p>\n<p>On: A pro\u010d to nen\u00ed st\u00e1tn\u00ed?<\/p>\n<p>Ona: Proto\u017ee to je m\u00e9dium ve\u0159ejn\u00e9 slu\u017eby.<\/p>\n<p>On: Ale i st\u00e1t je instituc\u00ed ve\u0159ejn\u00e9 slu\u017eby.<\/p>\n<p>Ona: Ale to nen\u00ed, proto\u017ee st\u00e1tn\u00ed je st\u00e1tn\u00ed, to u\u017e jsme p\u0159ece prob\u00edrali.<\/p>\n<p>On: Instituce ve\u0159ejn\u00e9 slu\u017eby p\u0159ece slou\u017e\u00ed ve\u0159ejnosti, ne? A st\u00e1t tak\u00e9, ne? \u010c\u00edm se teda li\u0161\u00ed st\u00e1t od instituce ve\u0159ejn\u00e9 slu\u017eby?<\/p>\n<p>Ona: No pr\u00e1v\u011b t\u00edm, \u017ee ta instituce ve\u0159ejn\u00e9 slu\u017eby nen\u00ed st\u00e1tn\u00ed!<\/p>\n<p>On: V\u00edte, co to je definice? To je takov\u00e1 hrom\u00e1dka slov\u00ed\u010dek, kter\u00fdm definovan\u00fd jev jednak charakterizujeme, jednak ho jasn\u011b odli\u0161\u00edme od ostatn\u00edch. Definice mus\u00ed spl\u0148ovat oboj\u00ed. Kdy\u017e ne, nen\u00ed to definice. Platon s Diogenem pr\u00fd diskutovali o definici \u010dlov\u011bka. Zh\u00e1dali se kolem toho, jestli tam m\u00e1 b\u00fdt jako charakteristika u\u017eito, \u017ee \u010dlov\u011bk je bo\u017e\u00ed d\u00edlo. Aby h\u00e1dku p\u0159ekonali, dohodli se, \u017ee pou\u017eij\u00ed definici co nejobecn\u011bj\u0161\u00ed. A do\u0161li ke zn\u011bn\u00ed: \u010dlov\u011bk je hol\u00fd dvounoh\u00fd tvor. Druh\u00fd den jeden z nich postavil na st\u016fl o\u0161kubanou slepici a \u0159ekl: hle, \u010dlov\u011bk! Zadumali se, a k definici p\u0159idali &#8230;.s ploch\u00fdmi nehty. A to se asi taky moc nepovedlo, \u017ee? Definice by m\u011bla vymezit odli\u0161n\u00e9 znaky jevu, ne ty spole\u010dn\u00e9 s jin\u00fdmi jevy. Tak\u017ee znova: Je silnice m\u00e9dium ve\u0159ejn\u00e9 slu\u017eby?<\/p>\n<p>Ona: Nen\u00ed, proto\u017ee silnice je st\u00e1tn\u00ed, v\u017edy\u0165 v\u00e1m to vysv\u011btluju dokola. Jsem zt\u011blesn\u011bn\u00e1 and\u011blsk\u00e1 trp\u011blivost.<\/p>\n<p>On: Ale instituce ve\u0159ejn\u00e9 slu\u017eby slou\u017e\u00ed v\u0161em, stejn\u011b jako silnice, ne?<\/p>\n<p>Ona: To ano, ale sou\u010dasn\u011b to je jen ta instituce, kter\u00e1 nen\u00ed st\u00e1tn\u00ed. Vy to nem\u00e1te na\u010dten\u00e9?<\/p>\n<p>On: A je tedy \u010cesk\u00e1 televize st\u00e1tn\u00ed? A jestli ne, pro\u010d?<\/p>\n<p>Ona: Nen\u00ed. Proto\u017ee je to instituce ve\u0159ejn\u00e9 slu\u017eby.<\/p>\n<p>On: Ale to je st\u00e1t taky, ne?<\/p>\n<p>Ona: Ale st\u00e1t je st\u00e1tn\u00ed!<\/p>\n<p>On: A jak se pozn\u00e1, \u017ee \u010cesk\u00e1 televize nen\u00ed st\u00e1tn\u00ed?<\/p>\n<p>Ona: Proto\u017ee ji ne\u0159\u00edd\u00ed vl\u00e1da, ale rada.<\/p>\n<p>On: A pro\u010d ji ne\u0159\u00edd\u00ed vl\u00e1da?<\/p>\n<p>Ona: Proto\u017ee to je m\u00e9dium ve\u0159ejn\u00e9 slu\u017eby, ne st\u00e1tn\u00ed instituce.<\/p>\n<p>On: Aha. St\u00e1t ji ne\u0159\u00edd\u00ed, proto\u017ee to je m\u00e9dium ve\u0159ejn\u00e9 slu\u017eby, a m\u00e9dium ve\u0159ejn\u00e9 slu\u017eby to je, proto\u017ee ji ne\u0159\u00edd\u00ed st\u00e1t. Ano?<\/p>\n<p>Ona: No kone\u010dn\u011b. Uf. Vy m\u00e1te ale dlouh\u00fd veden\u00ed.<\/p>\n<\/div>\n<p><a href=\"https:\/\/jakl.blog.idnes.cz\/blog.aspx?c=630705\">Zdroj<\/a><\/p>\n","protected":false},"excerpt":{"rendered":"<p>\u010cty\u0159iadvacet minut trval duel na internetov\u00e9 televizi DVTV mezi Hanou Marvanovou a Ladislavem Jaklem o budoucnosti \u010cesk\u00e9ho rozhlasu a \u010cesk\u00e9 televize (https:\/\/youtu.be\/pELBBC4AE_s). Ten si m\u016f\u017ee pustit ka\u017ed\u00fd.<\/p>\n","protected":false},"author":1,"featured_media":0,"comment_status":"open","ping_status":"open","sticky":false,"template":"","format":"standard","meta":{"ngg_post_thumbnail":0,"footnotes":""},"categories":[10],"tags":[],"class_list":["post-8025","post","type-post","status-publish","format-standard","hentry","category-zlehka"],"_links":{"self":[{"href":"https:\/\/www.ladislavjakl.cz\/index.php?rest_route=\/wp\/v2\/posts\/8025","targetHints":{"allow":["GET"]}}],"collection":[{"href":"https:\/\/www.ladislavjakl.cz\/index.php?rest_route=\/wp\/v2\/posts"}],"about":[{"href":"https:\/\/www.ladislavjakl.cz\/index.php?rest_route=\/wp\/v2\/types\/post"}],"author":[{"embeddable":true,"href":"https:\/\/www.ladislavjakl.cz\/index.php?rest_route=\/wp\/v2\/users\/1"}],"replies":[{"embeddable":true,"href":"https:\/\/www.ladislavjakl.cz\/index.php?rest_route=%2Fwp%2Fv2%2Fcomments&post=8025"}],"version-history":[{"count":1,"href":"https:\/\/www.ladislavjakl.cz\/index.php?rest_route=\/wp\/v2\/posts\/8025\/revisions"}],"predecessor-version":[{"id":8026,"href":"https:\/\/www.ladislavjakl.cz\/index.php?rest_route=\/wp\/v2\/posts\/8025\/revisions\/8026"}],"wp:attachment":[{"href":"https:\/\/www.ladislavjakl.cz\/index.php?rest_route=%2Fwp%2Fv2%2Fmedia&parent=8025"}],"wp:term":[{"taxonomy":"category","embeddable":true,"href":"https:\/\/www.ladislavjakl.cz\/index.php?rest_route=%2Fwp%2Fv2%2Fcategories&post=8025"},{"taxonomy":"post_tag","embeddable":true,"href":"https:\/\/www.ladislavjakl.cz\/index.php?rest_route=%2Fwp%2Fv2%2Ftags&post=8025"}],"curies":[{"name":"wp","href":"https:\/\/api.w.org\/{rel}","templated":true}]}}