{"id":808,"date":"2011-02-25T15:14:48","date_gmt":"2011-02-25T14:14:48","guid":{"rendered":"http:\/\/www.ladislavjakl.cz\/?p=808"},"modified":"2011-02-25T15:14:48","modified_gmt":"2011-02-25T14:14:48","slug":"mlada-fronta-ma-starost-o-pana-batoru","status":"publish","type":"post","link":"https:\/\/www.ladislavjakl.cz\/?p=808","title":{"rendered":"Mlad\u00e1 fronta m\u00e1 starost o pana B\u00e1toru"},"content":{"rendered":"<p><strong>From:<\/strong> Jakl Ladislav<br \/>\n<strong>Sent:<\/strong> Friday, February 25, 2011 3:04 PM<br \/>\n<strong>To:<\/strong> &#8218;Strnadova Tereza&#8216;<br \/>\n<strong>Subject:<\/strong> RE: prosba MfD<\/p>\n<p><!--more--><\/p>\n<p>Dobr\u00fd den,<\/p>\n<p>na z\u00e1klad\u011b Va\u0161\u00ed sms pos\u00edl\u00e1m dotazy mailem\u2026<\/p>\n<p><strong>Zaj\u00edmalo by m\u011b, jak\u00fd m\u00e1te vztah s panem B\u00e1torou a jak byste ho charakterizoval? \u00a0Pan B\u00e1tora uvedl, \u017ee je s V\u00e1mi v kontaktu a \u017ee chod\u00edte na jeho akce a vz\u00e1jemn\u011b se podporujete. Je to pravda?<\/strong><\/p>\n<p>Dobr\u00fd den.<\/p>\n<p>Ano, pana B\u00e1toru zn\u00e1m. Je to velmi vzd\u011blan\u00fd a n\u00e1zorov\u011b vyhran\u011bn\u00fd \u010dlov\u011bk. P\u0159ejete-li si, abych ho charakterizoval, pak ho mohu charakterizovat jako n\u00e1rodn\u00edho konservativce star\u00e9 dobr\u00e9 \u0161koly. Pokud obratem &#8222;jeho akce&#8220; mysl\u00edte akce D.O.S.T., pak ano, tuto iniciativu podporuji a n\u011bkolikr\u00e1t jsem na jej\u00edch akc\u00edch promluvil.<\/p>\n<p><strong>Pan B\u00e1tora m\u011bl dnes jedn\u00e1n\u00ed na Hrad\u011b. T\u00fdkalo se toto jedn\u00e1n\u00ed jeho anga\u017em\u00e1 jako n\u00e1m\u011bstka na M\u0160MT?<\/strong><\/p>\n<p>K tomu nem\u00e1m \u017e\u00e1dn\u00e9 informace.<\/p>\n<p><strong>M\u00e1me konkr\u00e9tn\u00ed informace, \u017ee se lid\u00e9 z Hradu u veden\u00ed VV p\u0159imlouvali, aby se pan B\u00e1tora stal n\u00e1m\u011bstkem. M\u016f\u017eete se k tomu pros\u00edm vj\u00e1d\u0159it?<\/strong><\/p>\n<p>Nem\u016f\u017eu. Nikoho z veden\u00ed t\u00e9 strany nezn\u00e1m.<\/p>\n<p>Zdrav\u00ed L. Jakl<\/p>\n<p>P\u0159edem moc d\u011bkuji!<br \/>\nTereza Strnadov\u00e1<br \/>\nreport\u00e9rka MF DNES<br \/>\ntel.: 734 517 006<\/p>\n","protected":false},"excerpt":{"rendered":"<p>From: Jakl Ladislav Sent: Friday, February 25, 2011 3:04 PM To: &#8218;Strnadova Tereza&#8216; Subject: RE: prosba MfD<\/p>\n","protected":false},"author":1,"featured_media":0,"comment_status":"open","ping_status":"open","sticky":false,"template":"","format":"standard","meta":{"ngg_post_thumbnail":0,"footnotes":""},"categories":[13],"tags":[],"class_list":["post-808","post","type-post","status-publish","format-standard","hentry","category-rozhovory"],"_links":{"self":[{"href":"https:\/\/www.ladislavjakl.cz\/index.php?rest_route=\/wp\/v2\/posts\/808","targetHints":{"allow":["GET"]}}],"collection":[{"href":"https:\/\/www.ladislavjakl.cz\/index.php?rest_route=\/wp\/v2\/posts"}],"about":[{"href":"https:\/\/www.ladislavjakl.cz\/index.php?rest_route=\/wp\/v2\/types\/post"}],"author":[{"embeddable":true,"href":"https:\/\/www.ladislavjakl.cz\/index.php?rest_route=\/wp\/v2\/users\/1"}],"replies":[{"embeddable":true,"href":"https:\/\/www.ladislavjakl.cz\/index.php?rest_route=%2Fwp%2Fv2%2Fcomments&post=808"}],"version-history":[{"count":2,"href":"https:\/\/www.ladislavjakl.cz\/index.php?rest_route=\/wp\/v2\/posts\/808\/revisions"}],"predecessor-version":[{"id":810,"href":"https:\/\/www.ladislavjakl.cz\/index.php?rest_route=\/wp\/v2\/posts\/808\/revisions\/810"}],"wp:attachment":[{"href":"https:\/\/www.ladislavjakl.cz\/index.php?rest_route=%2Fwp%2Fv2%2Fmedia&parent=808"}],"wp:term":[{"taxonomy":"category","embeddable":true,"href":"https:\/\/www.ladislavjakl.cz\/index.php?rest_route=%2Fwp%2Fv2%2Fcategories&post=808"},{"taxonomy":"post_tag","embeddable":true,"href":"https:\/\/www.ladislavjakl.cz\/index.php?rest_route=%2Fwp%2Fv2%2Ftags&post=808"}],"curies":[{"name":"wp","href":"https:\/\/api.w.org\/{rel}","templated":true}]}}