{"id":8167,"date":"2018-01-23T11:11:21","date_gmt":"2018-01-23T10:11:21","guid":{"rendered":"http:\/\/www.ladislavjakl.cz\/?p=8167"},"modified":"2018-01-23T11:11:21","modified_gmt":"2018-01-23T10:11:21","slug":"jakl-nebudu-volit-nekoho-jenom-proto-ze-toho-druheho-nemam-rad","status":"publish","type":"post","link":"https:\/\/www.ladislavjakl.cz\/?p=8167","title":{"rendered":"Jakl: Nebudu volit n\u011bkoho jenom proto, \u017ee toho druh\u00e9ho nem\u00e1m r\u00e1d!"},"content":{"rendered":"<p>Takhle nen\u00ed mo\u017en\u00e9 se chovat ani v \u017eivot\u011b, p\u0159ece si nevezmu za man\u017eelku tuhle spolu\u017ea\u010dku, proto\u017ee nem\u00e1m r\u00e1d jinou , to je dost hloup\u00e9, uvedl Ladislav Jakl v debat\u011b v po\u0159adu Ud\u00e1losti, koment\u00e1\u0159e na \u010cT24.<\/p>\n<p><!--more--><\/p>\n<div align=\"justify\"><b>\u201e\u017d\u00e1dn\u00fd z kandid\u00e1t\u016f na post prezidenta ve druh\u00e9m kole&nbsp; nen\u00ed m\u00fdm favoritem a p\u0159ipomn\u011bl jsem si to, co jsem si \u0159ekl p\u0159ed p\u011bti lety p\u0159ed druh\u00fdm kolem,&nbsp; tehdy jsem \u0159ekl: \u017de jsem se ob\u00e1val, \u017ee zv\u00edt\u011bz\u00ed jeden ze dvou kandid\u00e1t\u016f, kte\u0159\u00ed postoupili do druh\u00e9ho kola a tyto m\u00e9 obavy se uk\u00e1zaly b\u00fdt opodstatn\u011bn\u00e9. Ano ob\u00e1v\u00e1m se zase, nen\u00ed \u017e\u00e1dn\u00fd z t\u011bch kandid\u00e1t\u016f m\u00fdm favoritem,<\/b>&nbsp;ostatn\u011b j\u00e1 jsem ani nebyl u prvn\u00edho kola v\u016fbec, proto\u017ee \u017e\u00e1dn\u00fd z t\u011bch dev\u00edti kandid\u00e1t\u016f pro m\u011b nen\u00ed \u010dlov\u011bkem, kter\u00fd by vyjad\u0159oval pln\u011b m\u00e9 n\u00e1zory. Nyn\u00ed k volb\u00e1m ke druh\u00e9mu kolu p\u016fjdu a tam m\u00e1m jak to vid\u00edm na vybranou mezi dv\u011bma mo\u017enostmi, jet autem po hrbolat\u00e9, pra\u0161n\u00e9 cest\u011b pln\u00e9 lou\u017e\u00ed, kter\u00e1 se mi ne \u00fapln\u011b \u010dasto l\u00edb\u00ed a druh\u00e1 mo\u017enost je zav\u00e1zat si o\u010di a jet kamkoliv a nev\u00edm jestli tam je d\u00edra, propast, proto\u017ee o t\u00e9 cest\u011b nev\u00edm v\u016fbec nic. Tak\u017ee to rad\u0161i pojedu po t\u00e9 hrbolat\u00e9 cest\u011b,\u201c vysv\u011btlil Ladislav Jakl v rozhovoru.<\/p>\n<p><b>Ladislav Jakl tak\u00e9 p\u0159ipomn\u011bl rozhovor dvou poslanc\u016f, kte\u0159\u00ed v tomto po\u0159adu diskutovali o volb\u011b prezidenta, \u201edalo se p\u0159edpokl\u00e1dat, \u017ee ka\u017ed\u00fd bude h\u00e1jit sv\u00e9ho kon\u011b, ale o nic takov\u00e9ho ne\u0161lo: Jeden h\u00e1jil Zemana a druh\u00fd han\u011bl Zemana, to znamen\u00e1, \u017ee o n\u011bjak\u00e9ho kandid\u00e1ta&nbsp; Draho\u0161e tady nejde, to znamen\u00e1, \u017ee nejde o volbu n\u011bjak\u00e9ho konkr\u00e9tn\u00edho kandid\u00e1ta.\u201c<\/b><\/div>\n<div align=\"justify\">&nbsp;<\/div>\n<div align=\"justify\">V rozhovoru zm\u00ednil, \u017ee d\u016fvodem pro\u010d ne\u0161el volit v 1.kole byla absence \u201ejak\u00e9koliv my\u0161lenky nebo ideje. Povolebn\u00ed rozhovory pora\u017een\u00fdch po 1.kole prozradily na pora\u017een\u00e9, \u017ee hodnot\u00ed svou \u00fa\u010dast ve volb\u00e1ch jako kdyby se \u00fa\u010dastnili&nbsp; sout\u011b\u017ee superstar nebo n\u011bjak\u00e9 reality show, \u201etak jsem si p\u0159i\u0161el zasout\u011b\u017eit\u201c, ale ani od jednoho jsme se nedozv\u011bd\u011bli ve jm\u00e9nu jak\u00e9 my\u0161lenky, ano ve jm\u00e9nu jedin\u00e9 \u201eneb\u00fdt Zemanem\u201c, a mn\u011b se zd\u00e1 stra\u0161n\u011b m\u00e1lo argument\u016f na to, aby se stal n\u011bkdo, kdo si za\u010dal te\u010f s politikou, pro za\u010d\u00e1tek rovnou prezidentem, proto\u017ee je to asi to nejleh\u010d\u00ed a je\u0161t\u011b s jedin\u00fdm bodem programu a to je neb\u00fdt Zemanem, to je opravdu m\u00e1lo.\u201c<\/div>\n<div align=\"justify\">&nbsp;<\/div>\n<div align=\"justify\"><b>\u201eNa rozd\u00edl ode mne je Milo\u0161 Zeman levi\u010d\u00e1k a socialista proto se v mnoha v\u011bcech na soci\u00e1ln\u00ed politice, hospod\u00e1\u0159sk\u00e9 politice opravdu nemohu s n\u00edm shodnout, za druh\u00e9 jeho vztah k evropsk\u00e9 integraci je velmi sm\u00ed\u0159liv\u00fd, vyv\u011bsil to modr\u00e9 sukno na Pra\u017esk\u00e9m hrad\u011b, tak\u017ee&nbsp; za t\u011bch p\u011bt let j\u00e1 jsem tou branou prost\u011b proj\u00edt nemohl a v \u010dem je pro mne jeho pozitivn\u00ed rys?, mysl\u00edm si, \u017ee to je \u010dlov\u011bk, kter\u00fd je odhodl\u00e1n a schopen br\u00e1nit na\u0161e n\u00e1rodn\u00ed z\u00e1jmy , a to osv\u011bd\u010dil,\u201c zhodnotil Milo\u0161e Zemana Ladislav Jakl. &nbsp;<\/b><\/p>\n<p><b>\u201eNaopak nezn\u00e1m \u017e\u00e1dn\u00e9 Draho\u0161ovy rysy, pro m\u011b je to naprosto nezn\u00e1m\u00fd \u010dlov\u011bk a neum\u00edm si p\u0159edstavit \u017ee bych byl natolik motivov\u00e1n a zvednul zadek a \u0161el k volb\u00e1m a volil n\u011bkoho o kom opravdu nic nev\u00edm jenom proto, \u017ee n\u011bkoho nem\u00e1m r\u00e1d&nbsp;<\/b>, takhle nen\u00ed mo\u017en\u00e9 se chovat ani v \u017eivot\u011b , p\u0159ece si nevezmu za man\u017eelku tuhle spolu\u017ea\u010dku, proto\u017ee nem\u00e1m r\u00e1d jinou , to je dost hloup\u00e9,\u201c uvedl p\u0159\u00edklad Jakl.<\/div>\n<div align=\"justify\">&nbsp;<\/div>\n<div align=\"justify\"><a href=\"http:\/\/www.prvnizpravy.cz\/zpravy\/politika\/jakl-nebudu-volit-nekoho-jenom-proto-ze-toho-druheho-nemam-rad\/\">Zdroj<\/a><\/div>\n","protected":false},"excerpt":{"rendered":"<p>Takhle nen\u00ed mo\u017en\u00e9 se chovat ani v \u017eivot\u011b, p\u0159ece si nevezmu za man\u017eelku tuhle spolu\u017ea\u010dku, proto\u017ee nem\u00e1m r\u00e1d jinou , to je dost hloup\u00e9, uvedl Ladislav Jakl v debat\u011b v po\u0159adu Ud\u00e1losti, koment\u00e1\u0159e na \u010cT24.<\/p>\n","protected":false},"author":1,"featured_media":0,"comment_status":"open","ping_status":"open","sticky":false,"template":"","format":"standard","meta":{"ngg_post_thumbnail":0,"footnotes":""},"categories":[11],"tags":[],"class_list":["post-8167","post","type-post","status-publish","format-standard","hentry","category-ozvena"],"_links":{"self":[{"href":"https:\/\/www.ladislavjakl.cz\/index.php?rest_route=\/wp\/v2\/posts\/8167","targetHints":{"allow":["GET"]}}],"collection":[{"href":"https:\/\/www.ladislavjakl.cz\/index.php?rest_route=\/wp\/v2\/posts"}],"about":[{"href":"https:\/\/www.ladislavjakl.cz\/index.php?rest_route=\/wp\/v2\/types\/post"}],"author":[{"embeddable":true,"href":"https:\/\/www.ladislavjakl.cz\/index.php?rest_route=\/wp\/v2\/users\/1"}],"replies":[{"embeddable":true,"href":"https:\/\/www.ladislavjakl.cz\/index.php?rest_route=%2Fwp%2Fv2%2Fcomments&post=8167"}],"version-history":[{"count":1,"href":"https:\/\/www.ladislavjakl.cz\/index.php?rest_route=\/wp\/v2\/posts\/8167\/revisions"}],"predecessor-version":[{"id":8168,"href":"https:\/\/www.ladislavjakl.cz\/index.php?rest_route=\/wp\/v2\/posts\/8167\/revisions\/8168"}],"wp:attachment":[{"href":"https:\/\/www.ladislavjakl.cz\/index.php?rest_route=%2Fwp%2Fv2%2Fmedia&parent=8167"}],"wp:term":[{"taxonomy":"category","embeddable":true,"href":"https:\/\/www.ladislavjakl.cz\/index.php?rest_route=%2Fwp%2Fv2%2Fcategories&post=8167"},{"taxonomy":"post_tag","embeddable":true,"href":"https:\/\/www.ladislavjakl.cz\/index.php?rest_route=%2Fwp%2Fv2%2Ftags&post=8167"}],"curies":[{"name":"wp","href":"https:\/\/api.w.org\/{rel}","templated":true}]}}