{"id":818,"date":"2011-03-04T15:16:46","date_gmt":"2011-03-04T14:16:46","guid":{"rendered":"http:\/\/www.ladislavjakl.cz\/?p=818"},"modified":"2011-03-04T15:16:46","modified_gmt":"2011-03-04T14:16:46","slug":"prezidentuv-tajemnik-ladislav-jakl-pise-o-lasce-reflexu","status":"publish","type":"post","link":"https:\/\/www.ladislavjakl.cz\/?p=818","title":{"rendered":"Prezident\u016fv tajemn\u00edk Ladislav Jakl p\u00ed\u0161e o l\u00e1sce Reflexu"},"content":{"rendered":"<p>Tajemn\u00edk prezidenta Klause Ladislav Jakl si p\u00ed\u0161e takov\u00fd blog. A na tom  blogu se te\u010f v p\u0159\u00edsp\u011bvku &#8222;Petr Holec z Reflexu mne vroucn\u011b miluje&#8220;  pochlubil s\u00a0t\u00edm, jak ho m\u00e1 Reflex &#8211; a zvl\u00e1\u0161\u0165 koment\u00e1tor Petr Holec &#8211;  r\u00e1d. Nahl\u00e9dn\u011bte do jeho du\u0161e.<\/p>\n<p><!--more--><\/p>\n<p>\u201eTenhle Holec ka\u017ed\u00e9 r\u00e1no nap\u00ed\u0161e aspo\u0148 deset v\u011bt, ve kter\u00fdch mne n\u011bjak  nen\u00e1padn\u011b pochv\u00e1l\u00ed,\u201c p\u00ed\u0161e na sv\u00e9m blogu na adrese jakl.blog.iDNES.cz.  \u201eTy nejhez\u010d\u00ed komplimenty se pak pokou\u0161\u00ed propa\u0161ovat do sv\u00fdch \u010dl\u00e1nk\u016f a  mnohdy mu to i projde, proto\u017ee n\u011bjak\u00fdmi t\u011bmi nezdary se prav\u00e1 l\u00e1ska  p\u0159ece odradit nenech\u00e1.\u201c<\/p>\n<p>O denn\u00ed rutin\u011b Petra Holce v redakci Reflexu p\u00ed\u0161e: \u201eA zase \u00fapln\u011b jindy  jsem zaslechl, jak pr\u00fd o n\u011bm kolegov\u00e9 \u0159\u00edkaj\u00ed, \u017ee m\u00e1 v\u00a0redakci na stole  mou figurku a ka\u017ed\u00fdch p\u011bt minut do n\u00ed p\u00edchne \u0161pendl\u00ed\u010dkem. A \u017ee je t\u00edm  \u00fapln\u011b umanut\u00fd. Ale na to j\u00e1 mus\u00edm odv\u011btit, \u017ee sv\u00fdm v\u00fad\u00fa ritu\u00e1lem jen  maskuje, jak mne zbo\u017e\u0148uje, proto\u017ee doma m\u00e1 mal\u00fd olt\u00e1\u0159 s\u00a0mou sochou  z\u00a0polystyr\u00e9nu, do kter\u00e9 v\u016fbec nikdy ani trochu nep\u00edch\u00e1.\u201c<\/p>\n<p>Z\u00e1v\u011brem pan Jakl v\u011bnoval \u00fasil\u00ed vybudov\u00e1n\u00ed p\u0159ehledn\u00e9ho  archivu v\u011bt, v\u00a0nich\u017e hraje ve \u010dl\u00e1nc\u00edch Reflexu hlavn\u00ed roli. Pat\u0159\u00ed mezi  n\u011b nap\u0159\u00edklad:<\/p>\n<p>&#8211; Prezident\u016fv tajemn\u00edk Ladislav Jakl \u2013 zl\u00fd p\u00e1n s legra\u010dn\u00edmi vlasy, jeho\u017e v\u011bt\u0161ina zn\u00e1 z televiz\u00edch komedi\u00e1ln\u00edch vstup\u016f.<\/p>\n<p>&#8211; Snad to bylo pivem, kter\u00e9 miluje. Nebo duchem prezidenta V\u00e1clava Klause, jemu\u017e slou\u017e\u00ed. Anebo oby\u010dejnou blbost\u00ed.<\/p>\n<p>&#8211; Pod\u00edvejte nap\u0159\u00edklad, co se za l\u00e9ta na Hrad\u011b p\u0159ihodilo Klausovu tajemn\u00edkovi Ladislavu Jaklovi: u\u017e klidn\u011b \u0161t\u011bk\u00e1 i v TV.<\/p>\n<p>&#8211; vedle tajemn\u00edk Ladislav Jakl \u017eehlil ko\u0161ile.<\/p>\n<p>&#8211; Ladislavu Jaklovi, tajemn\u00edku prezidenta V\u00e1clava Klause, se n\u011bco stalo s o\u010dima.<br \/>\nChyb\u00ed-li zde nebo na tajemn\u00edkov\u011b blogu va\u0161e obl\u00edben\u00e1  v\u011bta o Ladislavu Jaklovi, nev\u00e1hejte se o ni s Ladislavem Jaklem pod\u011blit  &#8211; a\u0165 je jeho v\u00fd\u010det kompletn\u00ed.<\/p>\n<p><a href=\"http:\/\/www.reflex.cz\/clanek\/dokument\/40749\/prezidentuv-tajemnik-ladislav-jakl-pise-o-lasce-reflexu.html\" target=\"_blank\">Zdroj<\/a><\/p>\n","protected":false},"excerpt":{"rendered":"<p>Tajemn\u00edk prezidenta Klause Ladislav Jakl si p\u00ed\u0161e takov\u00fd blog. A na tom blogu se te\u010f v p\u0159\u00edsp\u011bvku &#8222;Petr Holec z Reflexu mne vroucn\u011b miluje&#8220; pochlubil s\u00a0t\u00edm, jak ho m\u00e1 Reflex &#8211; a zvl\u00e1\u0161\u0165 koment\u00e1tor Petr Holec &#8211; r\u00e1d. Nahl\u00e9dn\u011bte do jeho du\u0161e.<\/p>\n","protected":false},"author":1,"featured_media":0,"comment_status":"open","ping_status":"open","sticky":false,"template":"","format":"standard","meta":{"ngg_post_thumbnail":0,"footnotes":""},"categories":[11],"tags":[],"class_list":["post-818","post","type-post","status-publish","format-standard","hentry","category-ozvena"],"_links":{"self":[{"href":"https:\/\/www.ladislavjakl.cz\/index.php?rest_route=\/wp\/v2\/posts\/818","targetHints":{"allow":["GET"]}}],"collection":[{"href":"https:\/\/www.ladislavjakl.cz\/index.php?rest_route=\/wp\/v2\/posts"}],"about":[{"href":"https:\/\/www.ladislavjakl.cz\/index.php?rest_route=\/wp\/v2\/types\/post"}],"author":[{"embeddable":true,"href":"https:\/\/www.ladislavjakl.cz\/index.php?rest_route=\/wp\/v2\/users\/1"}],"replies":[{"embeddable":true,"href":"https:\/\/www.ladislavjakl.cz\/index.php?rest_route=%2Fwp%2Fv2%2Fcomments&post=818"}],"version-history":[{"count":1,"href":"https:\/\/www.ladislavjakl.cz\/index.php?rest_route=\/wp\/v2\/posts\/818\/revisions"}],"predecessor-version":[{"id":819,"href":"https:\/\/www.ladislavjakl.cz\/index.php?rest_route=\/wp\/v2\/posts\/818\/revisions\/819"}],"wp:attachment":[{"href":"https:\/\/www.ladislavjakl.cz\/index.php?rest_route=%2Fwp%2Fv2%2Fmedia&parent=818"}],"wp:term":[{"taxonomy":"category","embeddable":true,"href":"https:\/\/www.ladislavjakl.cz\/index.php?rest_route=%2Fwp%2Fv2%2Fcategories&post=818"},{"taxonomy":"post_tag","embeddable":true,"href":"https:\/\/www.ladislavjakl.cz\/index.php?rest_route=%2Fwp%2Fv2%2Ftags&post=818"}],"curies":[{"name":"wp","href":"https:\/\/api.w.org\/{rel}","templated":true}]}}