{"id":822,"date":"2011-03-08T14:50:20","date_gmt":"2011-03-08T13:50:20","guid":{"rendered":"http:\/\/www.ladislavjakl.cz\/?p=822"},"modified":"2011-03-08T14:50:20","modified_gmt":"2011-03-08T13:50:20","slug":"jakl-proc-stat-nenecha-lidem-jejich-penize-at-se-sami-postaraji-o-sve-stari","status":"publish","type":"post","link":"https:\/\/www.ladislavjakl.cz\/?p=822","title":{"rendered":"Jakl: Pro\u010d st\u00e1t nenech\u00e1 lidem jejich pen\u00edze, a\u0165 se sami postaraj\u00ed o sv\u00e9 st\u00e1\u0159\u00ed?"},"content":{"rendered":"<p>Titulek: Jakl: Pro\u010d st\u00e1t nenech\u00e1 lidem jejich pen\u00edze, a\u0165 se sami postaraj\u00ed o sv\u00e9 st\u00e1\u0159\u00ed?<\/p>\n<p>Datum vyd\u00e1n\u00ed: 5.3. 2011<\/p>\n<p>Zdroj:\u00a0 Pr\u00e1vo\u00a0\u00a0\u00a0 Autor:<\/p>\n<p>Rubrika:\u00a0 Zpravodajstv\u00ed\u00a0\u00a0\u00a0 Strana: 2\u00a0\u00a0\u00a0 ID: PR2011030506116816<\/p>\n<p><!--more--><\/p>\n<p><strong>* Prezident si mysl\u00ed, \u017ee se o d\u016fchodov\u00e9 reform\u011b m\u00e1lo debatovalo. Z \u010deho vych\u00e1z\u00ed?<\/strong><\/p>\n<p>Nen\u00ed tak \u00fapln\u011b pravda, \u017ee by se m\u00e1lo mluvilo. Ono se o n\u00ed debatuje ur\u010dit\u011b aspo\u0148 15 let. Jde sp\u00ed\u0161 o to, o \u010dem se debatovalo. R\u016fzn\u00e9 generace analytik\u016f n\u00e1m \u0159\u00edkaj\u00ed, \u017ee sou\u010dasn\u00fd d\u016fchodov\u00fd syst\u00e9m je neudr\u017eiteln\u00fd, rod\u00ed se \u010d\u00edm d\u00e1l m\u00e9n\u011b d\u011bt\u00ed, a t\u00edm p\u00e1dem m\u00e9n\u011b lid\u00ed vch\u00e1z\u00ed do produktivn\u00edho v\u011bku. A lid\u00e9 se do\u017e\u00edvaj\u00ed st\u00e1le vy\u0161\u0161\u00edho v\u011bku. Tak\u017ee m\u00e9n\u011b lid\u00ed mus\u00ed financovat syst\u00e9m pro v\u00edce d\u016fchodc\u016f.<\/p>\n<p><strong>* Pro\u010d pan prezident \u0159\u00edk\u00e1, \u017ee toto nev\u00edme, kdy\u017e se o tom l\u00e9ta diskutuje?<\/strong><\/p>\n<p>Do\u0159eknu svou my\u0161lenku. O t\u011bchto v\u011bcech se mluv\u00ed, jsou to v\u011bci parametrick\u00e9. Ale hlavn\u00edm d\u016fvodem, pro\u010d bychom se m\u011bli zam\u00fd\u0161let nad skute\u010dnou reformou d\u016fchodov\u00e9ho syst\u00e9mu, nen\u00ed &#8222;jenom&#8220; nedostatek pen\u011bz. M\u011bla by p\u0159edch\u00e1zet pot\u0159ebn\u011bj\u0161\u00ed debata. J\u00e1 nev\u00edm, jestli jste se t\u0159eba s\u00e1m sebe ptal, pro\u010d st\u00e1t plat\u00ed lidem d\u016fchody? Pro\u010d od nich vyb\u00edr\u00e1 cel\u00fd \u017eivot ohromn\u00e9 pen\u00edze a pak jim k st\u00e1ru vypl\u00e1c\u00ed \u0161patn\u00fd nebo dobr\u00fd d\u016fchod? Pro\u010d st\u00e1t nenech\u00e1 lidem jejich pen\u00edze a svobodu v tom, a\u0165 se postaraj\u00ed o svou budoucnost a sv\u00e9 st\u00e1\u0159\u00ed, jak cht\u011bj\u00ed? Pro\u010d se st\u00e1t m\u00e1 zaj\u00edmat o to, \u017ee n\u011bkdo se o sv\u00e9 st\u00e1\u0159\u00ed postar\u00e1 t\u00edm, \u017ee investuje do sb\u00edrky zn\u00e1mek nebo \u0161perk\u016f, nebo v\u00fdchovou sv\u00fdch d\u011bt\u00ed?<\/p>\n<p><strong>* tedy vzn\u00e1\u0161\u00edte ot\u00e1zku, \u017ee by se m\u011blo debatovat o tom, \u017ee by d\u016fchody v\u016fbec v \u010cesku neexistovaly?<\/strong><\/p>\n<p>St\u00e1t vypl\u00e1c\u00ed lidem d\u016fchody a argumentuje se t\u00edm, \u017ee by existovala ur\u010dit\u00e1 skupina lid\u00ed, kte\u0159\u00ed by z hlouposti, z nezodpov\u011bdnosti v\u0161echno projedli. Tud\u00ed\u017e ur\u010dit\u00e1 skupina lid\u00ed by se o sebe nepostarala, a z\u016fstala tak na krku sv\u00fdm spoluob\u010dan\u016fm. Tud\u00ed\u017e je z\u00e1jmem ve\u0159ejnosti, aby v t\u011bchto v\u00fdjime\u010dn\u00fdch p\u0159\u00edpadech se o tuto skupinu postarala. Ale to p\u0159ece nen\u00ed d\u016fvod, aby st\u00e1t ka\u017edoro\u010dn\u011b vyb\u00edral ohromn\u00e9 miliardy a vypl\u00e1cel je lidem. \u010cili debata by m\u011bla za\u010d\u00edt: co je vlastn\u011b ve\u0159ejn\u00fdm statkem. O co vlastn\u011b se m\u00e1 st\u00e1t starat, v jak\u00e9m rozsahu a co m\u00e1 nechat na lidech.<\/p>\n<p><strong>* \u010c\u00edm byste do t\u00e9to debaty p\u0159isp\u011bl vy?<\/strong><\/p>\n<p>T\u00edm, \u017ee st\u00e1t by m\u011bl vypl\u00e1cet pouze minim\u00e1ln\u00ed d\u016fchod, kter\u00fdm by zajistil n\u011bjakou z\u00e1kladn\u00ed \u017eivotn\u00ed \u00farove\u0148 pro lidi, kte\u0159\u00ed budou nezodpov\u011bdn\u00ed a nepostaraj\u00ed se o sebe. Jinak by st\u00e1t m\u011bl nechat lidem pen\u00edze, to znamen\u00e1 z\u00e1sadn\u011b sn\u00ed\u017eit r\u016fzn\u00e9 formy odvod\u016f, kter\u00fdm se do dne\u0161ka \u0161patn\u011b ze setrva\u010dnosti \u0159\u00edk\u00e1 poji\u0161t\u011bn\u00ed, p\u0159itom nejde o \u017e\u00e1dnou pojistnou ud\u00e1lost. St\u00e1\u0159\u00ed se t\u00fdk\u00e1 ka\u017ed\u00e9ho z n\u00e1s. O zbytek by se st\u00e1t nestaral.<\/p>\n","protected":false},"excerpt":{"rendered":"<p>Titulek: Jakl: Pro\u010d st\u00e1t nenech\u00e1 lidem jejich pen\u00edze, a\u0165 se sami postaraj\u00ed o sv\u00e9 st\u00e1\u0159\u00ed? Datum vyd\u00e1n\u00ed: 5.3. 2011 Zdroj:\u00a0 Pr\u00e1vo\u00a0\u00a0\u00a0 Autor: Rubrika:\u00a0 Zpravodajstv\u00ed\u00a0\u00a0\u00a0 Strana: 2\u00a0\u00a0\u00a0 ID: PR2011030506116816<\/p>\n","protected":false},"author":1,"featured_media":0,"comment_status":"open","ping_status":"open","sticky":false,"template":"","format":"standard","meta":{"ngg_post_thumbnail":0,"footnotes":""},"categories":[13],"tags":[],"class_list":["post-822","post","type-post","status-publish","format-standard","hentry","category-rozhovory"],"_links":{"self":[{"href":"https:\/\/www.ladislavjakl.cz\/index.php?rest_route=\/wp\/v2\/posts\/822","targetHints":{"allow":["GET"]}}],"collection":[{"href":"https:\/\/www.ladislavjakl.cz\/index.php?rest_route=\/wp\/v2\/posts"}],"about":[{"href":"https:\/\/www.ladislavjakl.cz\/index.php?rest_route=\/wp\/v2\/types\/post"}],"author":[{"embeddable":true,"href":"https:\/\/www.ladislavjakl.cz\/index.php?rest_route=\/wp\/v2\/users\/1"}],"replies":[{"embeddable":true,"href":"https:\/\/www.ladislavjakl.cz\/index.php?rest_route=%2Fwp%2Fv2%2Fcomments&post=822"}],"version-history":[{"count":1,"href":"https:\/\/www.ladislavjakl.cz\/index.php?rest_route=\/wp\/v2\/posts\/822\/revisions"}],"predecessor-version":[{"id":823,"href":"https:\/\/www.ladislavjakl.cz\/index.php?rest_route=\/wp\/v2\/posts\/822\/revisions\/823"}],"wp:attachment":[{"href":"https:\/\/www.ladislavjakl.cz\/index.php?rest_route=%2Fwp%2Fv2%2Fmedia&parent=822"}],"wp:term":[{"taxonomy":"category","embeddable":true,"href":"https:\/\/www.ladislavjakl.cz\/index.php?rest_route=%2Fwp%2Fv2%2Fcategories&post=822"},{"taxonomy":"post_tag","embeddable":true,"href":"https:\/\/www.ladislavjakl.cz\/index.php?rest_route=%2Fwp%2Fv2%2Ftags&post=822"}],"curies":[{"name":"wp","href":"https:\/\/api.w.org\/{rel}","templated":true}]}}