{"id":827,"date":"2011-03-08T14:57:03","date_gmt":"2011-03-08T13:57:03","guid":{"rendered":"http:\/\/www.ladislavjakl.cz\/?p=827"},"modified":"2011-03-08T14:57:03","modified_gmt":"2011-03-08T13:57:03","slug":"vytrvalost-holcovy-lasky-me-dojima","status":"publish","type":"post","link":"https:\/\/www.ladislavjakl.cz\/?p=827","title":{"rendered":"Vytrvalost Holcovy l\u00e1sky m\u011b doj\u00edm\u00e1"},"content":{"rendered":"<p>Ladislav Jakl, tajemn\u00edk prezidenta V\u00e1clava Klause, bude od dubna  pracovat pro rusk\u00e9ho premi\u00e9ra Vladimira Putina. D\u016fvodem odchodu z\u00a0Hradu  je \u010desk\u00e1 politick\u00e1 korektnost a nedostate\u010dn\u00e9 vlastenectv\u00ed.<\/p>\n<p><!--more--><\/p>\n<p>\u201eRusko je posledn\u00ed o\u00e1zou konzervativn\u00ed demokracie. Premi\u00e9r i prezident m\u016f\u017eou \u0159\u00edct, co si skute\u010dn\u011b mysl\u00ed. Nemusej\u00ed se schov\u00e1vat za l\u00edbivou bruselskou hatmatilku,\u201c vysv\u011btlil Jakl d\u016fvod sv\u00e9ho odchodu v den\u00edku Hradn\u00ed listy. \u201eA taky si z nich nikdo ned\u011bl\u00e1 legraci, kdy\u017e v ob\u010danech p\u011bstuj\u00ed zdrav\u00e9 vlastenectv\u00ed, zvl\u00e1\u0161\u0165 v t\u011bch mlad\u00fdch. U\u010d\u00ed je d\u017eudo a box, p\u0159\u00edpadn\u011b je pos\u00edlaj\u00ed na n\u00e1pravu do pravoslavn\u00fdch kl\u00e1\u0161ter\u016f. Kdy\u017e se v Moskv\u011b chov\u00e1te jako v n\u011bjak\u00e9m kalif\u00e1tu, dostanete prost\u011b p\u0159es hubu. Voila!\u201c Posledn\u00ed kapkou pr\u00fd pro Jakla byla af\u00e9ra s nez\u00e1visl\u00fdm n\u00e1ckem, zn\u00e1m\u00fdm vlastencem a politick\u00fdm aktivistou Ladislavem B\u00e1torou. M\u00edsto abychom s jeho autentick\u00fdmi n\u00e1zory na jiho\u010desk\u00e9 selky, pra\u017esk\u00e9 intelektu\u00e1lky, seged\u00edn a hamburgery seri\u00f3zn\u011b diskutovali v r\u00e1mci debaty o n\u00e1rodn\u00ed identit\u011b, jak si p\u0159eje Klaus, ve\u0159ejn\u011b jsme ho zlyn\u010dovali jak \u201en\u011bjak\u00e9ho negra, co utekl z plant\u00e1\u017ee\u201c. To se naposledy d\u011blo za komunistick\u00e9 normalizace.<\/p>\n<p>\u201eZ Evropsk\u00e9 unie se vytr\u00e1cej\u00ed i posledn\u00ed zbytky svobody slova a plurality n\u00e1zor\u016f,\u201c \u0159\u00edk\u00e1 Jakl.<br \/>\nJako d\u016fkaz uv\u00e1d\u00ed \u00fadajn\u00e9 permanentn\u00ed pokusy uml\u010det Klause; ten pr\u00fd u\u017e m\u016f\u017ee mluvit jen na Hrad\u011b, v Parlamentu, v Europarlamentu, v B\u00edl\u00e9m dom\u011b, v americk\u00e9m Kongresu, v televizi, v r\u00e1diu, na ofici\u00e1ln\u00edch prezidentsk\u00fdch n\u00e1v\u0161t\u011bv\u00e1ch, p\u0159\u00edpadn\u011b ps\u00e1t knihy \u010di do novin. \u201ePro nepohodln\u00e9 men\u0161inov\u00e9 n\u00e1zory se vytr\u00e1c\u00ed tradi\u010dn\u00ed platforma,\u201c mysl\u00ed si Jakl.<\/p>\n<p>I proto posledn\u00ed roky sp\u00ed s \u010deskou vlajkou, korunovou minc\u00ed a kristuskami pod pol\u0161t\u00e1\u0159em, kdyby musel n\u00e1hodou narychlo emigrovat. M\u00e1 pr\u00fd sign\u00e1ly, \u017ee po n\u011bm jde Europ\u00f3l, bruselsk\u00e1 politick\u00e1 policie. Jak uvedl v Hradn\u00edch listech, \u201ekdy\u017e jsme byli s panem prezidentem na vych\u00e1zce, potkali jsme na Hrad\u011b skupinku divn\u00fdch chl\u00e1pk\u016f, kte\u0159\u00ed vypadali, jako by p\u0159ijeli z Bruselu. Po\u0159\u00e1d se cpali \u010dokol\u00e1dov\u00fdmi pralinkami a v\u0161ude cht\u011bli \u010d\u016frat.\u201c<\/p>\n<p>Pro Putina chce Jakl pracovat podobn\u011b jako pro Klause, \u201eb\u00fdt mu intelektu\u00e1ln\u00ed i osobn\u00ed oporou\u201c. Jiskra mezi nimi pr\u00fd poprv\u00e9 p\u0159esko\u010dila, kdy\u017e doprov\u00e1zel Klause na prezidentsk\u00e9 n\u00e1v\u0161t\u011bv\u011b v Moskv\u011b, kdy Putin je\u0161t\u011b b\u00fdval prezidentem.<br \/>\nPop\u00edjeli jsme s Vl\u00e1\u010fou vodku a j\u00e1 na\u0161eho pana prezidenta p\u0159esv\u011bd\u010doval, aby se taky ob\u010das uk\u00e1zal ve\u0159ejnosti do p\u016fl t\u011bla a v tmav\u00fdch br\u00fdl\u00edch,\u201c vzpom\u00edn\u00e1 Jakl. \u201eJen\u017ee n\u00e1\u0161 pan prezident se po\u0159\u00e1d o\u0161\u00edval, co na to \u0159eknou intelektu\u00e1lov\u00e9 a v Bruselu. Pr\u00e1v\u011b tehdy jsem pochopil, \u017ee m\u00e1m bl\u00ed\u017e do Moskvy ne\u017e do Prahy.\u201c Do Prahy se nicm\u00e9n\u011b Jakl hodl\u00e1 vracet aspo\u0148 na koncerty sv\u00e9 bluesov\u00e9 kapely. \u201ePo\u0159\u00e1d mysl\u00edm na velk\u00fd strahovsk\u00fd stadi\u00f3n,\u201c \u0159\u00edk\u00e1.<\/p>\n<p><a href=\"http:\/\/www.reflex.cz\/clanek\/politika\/40782\/klausuv-tajemnik-jakl-odchazi-do-ruska.html\" target=\"_blank\">Zdroj<\/a><\/p>\n","protected":false},"excerpt":{"rendered":"<p>Ladislav Jakl, tajemn\u00edk prezidenta V\u00e1clava Klause, bude od dubna pracovat pro rusk\u00e9ho premi\u00e9ra Vladimira Putina. D\u016fvodem odchodu z\u00a0Hradu je \u010desk\u00e1 politick\u00e1 korektnost a nedostate\u010dn\u00e9 vlastenectv\u00ed.<\/p>\n","protected":false},"author":1,"featured_media":0,"comment_status":"open","ping_status":"open","sticky":false,"template":"","format":"standard","meta":{"ngg_post_thumbnail":0,"footnotes":""},"categories":[11],"tags":[],"class_list":["post-827","post","type-post","status-publish","format-standard","hentry","category-ozvena"],"_links":{"self":[{"href":"https:\/\/www.ladislavjakl.cz\/index.php?rest_route=\/wp\/v2\/posts\/827","targetHints":{"allow":["GET"]}}],"collection":[{"href":"https:\/\/www.ladislavjakl.cz\/index.php?rest_route=\/wp\/v2\/posts"}],"about":[{"href":"https:\/\/www.ladislavjakl.cz\/index.php?rest_route=\/wp\/v2\/types\/post"}],"author":[{"embeddable":true,"href":"https:\/\/www.ladislavjakl.cz\/index.php?rest_route=\/wp\/v2\/users\/1"}],"replies":[{"embeddable":true,"href":"https:\/\/www.ladislavjakl.cz\/index.php?rest_route=%2Fwp%2Fv2%2Fcomments&post=827"}],"version-history":[{"count":1,"href":"https:\/\/www.ladislavjakl.cz\/index.php?rest_route=\/wp\/v2\/posts\/827\/revisions"}],"predecessor-version":[{"id":828,"href":"https:\/\/www.ladislavjakl.cz\/index.php?rest_route=\/wp\/v2\/posts\/827\/revisions\/828"}],"wp:attachment":[{"href":"https:\/\/www.ladislavjakl.cz\/index.php?rest_route=%2Fwp%2Fv2%2Fmedia&parent=827"}],"wp:term":[{"taxonomy":"category","embeddable":true,"href":"https:\/\/www.ladislavjakl.cz\/index.php?rest_route=%2Fwp%2Fv2%2Fcategories&post=827"},{"taxonomy":"post_tag","embeddable":true,"href":"https:\/\/www.ladislavjakl.cz\/index.php?rest_route=%2Fwp%2Fv2%2Ftags&post=827"}],"curies":[{"name":"wp","href":"https:\/\/api.w.org\/{rel}","templated":true}]}}