{"id":829,"date":"2011-03-08T14:58:26","date_gmt":"2011-03-08T13:58:26","guid":{"rendered":"http:\/\/www.ladislavjakl.cz\/?p=829"},"modified":"2011-03-08T14:58:26","modified_gmt":"2011-03-08T13:58:26","slug":"vaclav-klaus-%e2%80%93-rok-osmy-prezidentova-kritika-penzijni-reformy-v-klaus-proti-zasahu-v-libyi","status":"publish","type":"post","link":"https:\/\/www.ladislavjakl.cz\/?p=829","title":{"rendered":"V\u00e1clav Klaus \u2013 Rok osm\u00fd, Prezidentova kritika penzijn\u00ed reformy, V. Klaus proti z\u00e1sahu v Libyi"},"content":{"rendered":"<p>Zdroj: \u010cT 24 Datum: 07.03.2011\u00a0 Relace: Interview \u010cT24<\/p>\n<p><!--more--><\/p>\n<p><strong>Moder\u00e1tor: <\/strong><\/p>\n<p>Dobr\u00fd cen, v\u00edtejte u Interview \u010cT24. Dne\u0161kem po\u010d\u00ednaje za\u010d\u00ednaj\u00ed V\u00e1clavu Klausovi posledn\u00ed dva roky ve funkci hlavy st\u00e1tu, z\u0159ejm\u011b. Pokud vl\u00e1da vydr\u017e\u00ed cel\u00e9 funk\u010dn\u00ed obdob\u00ed je to tak\u00e9 posledn\u00ed ministersk\u00e1 sestava, kterou prezident jmenoval do funkc\u00ed. P\u0159ed p\u00e1r dny p\u0159itom zkritizoval vl\u00e1dn\u00ed d\u016fchodovou reformu. Ladislav Jakl, \u0159editel politick\u00e9ho odboru Kancel\u00e1\u0159e prezidenta republiky, v\u00edt\u00e1m V\u00e1s, dobr\u00fd den v Interview \u010cT24.<\/p>\n<p><strong>Ladislav Jakl, \u0159editel politick\u00e9ho odboru, Kancel\u00e1\u0159 prezidenta republiky: <\/strong><\/p>\n<p>Dobr\u00fd den.<\/p>\n<p><strong>Moder\u00e1tor: <\/strong><\/p>\n<p>Prezident V\u00e1clav Klaus dnes p\u0159edstavil svoji p\u0159edp\u0159edposledn\u00ed knihu v \u00fa\u0159ad\u011b, Rok osm\u00fd tedy my\u0161leno z t\u00e9 \u0159ady Rok prvn\u00ed a\u017e Rok des\u00e1t\u00fd. V n\u00ed tak\u00e9 reflektuje to, \u017ee politick\u00e1 sc\u00e9na za ten posledn\u00ed rok p\u0159i\u0161la o dva dominantn\u00ed l\u00eddry Ji\u0159\u00edho Paroubka, Mirka Topol\u00e1nka. Zept\u00e1m se mo\u017en\u00e1 \u00favodem, pane \u0159editeli, obecn\u011b zm\u011bnila se politick\u00e1 sc\u00e9na za ten posledn\u00ed rok k lep\u0161\u00edmu?<\/p>\n<p><strong>Ladislav Jakl, \u0159editel politick\u00e9ho odboru, Kancel\u00e1\u0159 prezidenta republiky: <\/strong><\/p>\n<p>Mo\u017en\u00e1 ano. Mo\u017en\u00e1 ano, proto\u017ee p\u0159eci jenom ten spor t\u011bch dvou osobnost\u00ed, kter\u00e9 jste jmenoval p\u0159ekr\u00fdval v\u011bci v\u00e1\u017en\u00e9 obsahov\u00e9, programov\u00e9. A bral na sebe takovou tu svoji personifikovanou podobu. Tak\u00e9 je pravdou, \u017ee p\u0159edchoz\u00ed vl\u00e1da nevznikla t\u00edm, \u017ee by n\u011bjak\u00e9 seskupen\u00ed z\u00edskalo v\u011bt\u0161inu ve volb\u00e1ch. \u017d\u00e1dn\u00e9 takov\u00e9 seskupen\u00ed nebylo, kter\u00e9 by z\u00edskalo v\u011bt\u0161inu. A ta vl\u00e1da vznikla p\u0159estupem poslanc\u016f, co\u017e poznamenalo cel\u00e9 ty n\u00e1sleduj\u00edc\u00ed roky, v\u010detn\u011b nestability vl\u00e1dy. Te\u010f ur\u010dit\u011b hodn\u011b plat\u00ed&#8230;<\/p>\n<p><strong> <\/strong><\/p>\n<p><strong>Moder\u00e1tor: <\/strong><\/p>\n<p>Pardon, \u017ee V\u00e1m do toho sko\u010d\u00edm, plat\u00ed to i s t\u00edm dov\u011btkem, kdy\u017e se pod\u00edv\u00e1me na kauzy Drobil, Vondra, Bart\u00e1k, Dobe\u0161, Jankovsk\u00fd&#8230;<\/p>\n<p><strong>Ladislav Jakl, \u0159editel politick\u00e9ho odboru, Kancel\u00e1\u0159 prezidenta republiky: <\/strong><\/p>\n<p>To j\u00e1 k tomu ur\u010dit\u011b tak\u00e9 se vyj\u00e1d\u0159\u00edm. Ale ur\u010dit\u011b lid\u00e9 m\u011bli najednou m\u00edt \u0161anci k pocitu, \u017ee n\u011bco ovlivnili, \u017ee do n\u011b\u010deho promluvili. Proto\u017ee p\u0159eci zat\u0159\u00e1sli s tou politickou sc\u00e9nou. A museli m\u00edt radost, \u017ee tam kone\u010dn\u011b vid\u00ed ty svoje kon\u011b, kter\u00fd cht\u011bli vid\u011bt, kter\u00fd m\u011bli r\u00e1di, kter\u00fd oslovili. Mo\u017en\u00e1, \u017ee v takov\u00fdch \u010dasto p\u0159\u00edpadech p\u0159ich\u00e1z\u00ed a u\u017e jsme to za\u017eili n\u011bkolikr\u00e1t v historii, p\u0159ich\u00e1z\u00ed deziluze a \u017ee t\u0159eba zrovna to, co se lidem nejv\u00edc l\u00edbilo a kter\u00e9 sliby na n\u011b nejv\u00edc zap\u016fsobily, tak najednou vid\u00ed, \u017ee nikdo nep\u0159ist\u00e1l z Marsu \u00fa\u017easn\u00fd, jin\u00fd, \u00fapln\u011b n\u011bjak\u00e1 jin\u00e1 garnitura. \u017de jsou to stejn\u011b tak lid\u00e9 jako p\u0159edt\u00edm a \u017ee mo\u017en\u00e1 n\u011bkter\u00e1 ta o\u010dek\u00e1v\u00e1n\u00ed byla p\u0159ehnan\u00e1.<\/p>\n<p><strong>Moder\u00e1tor: <\/strong><\/p>\n<p>Jsme na za\u010d\u00e1tku t\u00e9 deziluze podle Va\u0161eho n\u00e1zoru v t\u00e9to chv\u00edli? Kdy\u017e se pod\u00edv\u00e1me na ty kauzy, kter\u00e9 jsem se zmi\u0148oval, p\u0159es d\u016fchodovou reformu, ke kter\u00e9 se dostaneme.<\/p>\n<p><strong>Ladislav Jakl, \u0159editel politick\u00e9ho odboru, Kancel\u00e1\u0159 prezidenta republiky: <\/strong><\/p>\n<p>Je to jak u koho. N\u011bkte\u0159\u00ed lid\u00e9 netrp\u00ed deziluz\u00ed, proto\u017ee nemaj\u00ed p\u0159ehnan\u00e1 o\u010dek\u00e1v\u00e1n\u00ed. Frustrace je stav nap\u011bt\u00ed mezi realitou a o\u010dek\u00e1v\u00e1n\u00edm a z t\u00e9to definice nutn\u011b vyplyne, \u017ee ne v\u017edycky je realita t\u00edm<\/p>\n<p>vin\u00edkem. N\u011bkdy prost\u011b n\u011bkte\u0159\u00ed lid\u00e9 opakovan\u011b znova se nadchnou pro n\u011bjakou novou ideu, seskupen\u00ed a pak zjist\u00ed, \u017ee to v\u0161echno je potom tro\u0161ku jinak.<\/p>\n<p><strong>Moder\u00e1tor: <\/strong><\/p>\n<p>Je prezident v tuhle chv\u00edli v n\u011bjak\u00e9m kontaktu s opozic\u00ed?<\/p>\n<p><strong>Ladislav Jakl, \u0159editel politick\u00e9ho odboru, Kancel\u00e1\u0159 prezidenta republiky: <\/strong><\/p>\n<p>Tak j\u00e1 o takov\u00e9m kontaktu nev\u00edm, \u017ee by byl n\u011bjak p\u0159\u00edm\u00fd, \u017ee by se s n\u011bk\u00fdm se\u0161el a s n\u011bk\u00fdm vyjedn\u00e1val. Nev\u00edm, nev\u00edm.<\/p>\n<p><strong>Moder\u00e1tor: <\/strong><\/p>\n<p>Pro\u010d se na to pt\u00e1m, proto\u017ee za 14 dn\u016f bysme se m\u011bli dozv\u011bd\u011bt jm\u00e9no nov\u00e9ho \u0161\u00e9fa \u010cSSD. Prezident mysl\u00edm, \u017ee v tu chv\u00edli bude v zahrani\u010d\u00ed, tak\u017ee na sjezd po\u0161le jen zdravici. Jestli v t\u00e9 zdravici bude n\u011bco nazna\u010deno, jak\u00fdm sm\u011brem by se m\u011bla ub\u00edrat \u010cSSD.<\/p>\n<p><strong>Ladislav Jakl, \u0159editel politick\u00e9ho odboru, Kancel\u00e1\u0159 prezidenta republiky: <\/strong><\/p>\n<p>J\u00e1 tady nebudu ur\u010dit\u011b nic dop\u0159edu avizovat nebo nazna\u010dovat, ale faktem je, \u017ee \u010cSSD je d\u016fle\u017eit\u00fdm hr\u00e1\u010dem na \u010desk\u00e9 politick\u00e9 sc\u00e9n\u011b. A posledn\u00ed rok vlastn\u011b \u0159e\u0161\u00ed prim\u00e1rn\u011b jenom svoje vlastn\u00ed vnit\u0159n\u00ed probl\u00e9my. Mysl\u00edm, \u017ee to neprosp\u00edv\u00e1 ani t\u00e9 stran\u011b a ani zbytku politick\u00e9ho spektra. A \u017ee mo\u017en\u00e1 k n\u011bjak\u00e9mu \u00faklidu tam nastane a \u017ee situace se zp\u0159ehledn\u00ed, \u017ee bude tro\u0161ku jasn\u011bj\u0161\u00ed.<\/p>\n<p><strong>Moder\u00e1tor: <\/strong><\/p>\n<p>Kdybych se zeptal p\u0159\u00edmo na V\u00e1\u0161 n\u00e1zor. Pro V\u00e1s osobn\u011b by byl lep\u0161\u00edm l\u00eddrem \u010cSSD Bohuslav Sobotka nebo Michal Ha\u0161ek nebo n\u011bkdo jin\u00fd?<\/p>\n<p><strong>Ladislav Jakl, \u0159editel politick\u00e9ho odboru, Kancel\u00e1\u0159 prezidenta republiky: <\/strong><\/p>\n<p>A\u017e budu voli\u010dem \u010cSSD, tak V\u00e1m to \u0159eknu. Ale t\u00edm nejsem a nikdy jsem nebyl. J\u00e1 tud\u00ed\u017e nec\u00edt\u00edm prost\u011b mand\u00e1t k tomu, abych jim do toho mluvil.<\/p>\n<p><strong> <\/strong><\/p>\n<p><strong>Moder\u00e1tor: <\/strong><\/p>\n<p>Tak poj\u010fme te\u010f, kdy\u017e jsme u t\u011bch vztah\u016f s opozic\u00ed teda, proto\u017ee prezident se pom\u011brn\u011b ost\u0159e pustil do vl\u00e1dy kv\u016fli jej\u00ed d\u016fchodov\u00e9 reform\u011b, tak jak byla p\u0159edstavena, i kdy\u017e je to zat\u00edm jenom materi\u00e1l teda ekonomick\u00fdch ministr\u016f. By\u0165 K9 \u0159ekla, \u017ee to je materi\u00e1l, za kter\u00fdm si evidentn\u011b bude st\u00e1t. je prezidentova kritika ze stejn\u00fdch pozic jako \u010cSSD nebo ne?<strong> <\/strong><\/p>\n<p><strong>Ladislav Jakl, \u0159editel politick\u00e9ho odboru, Kancel\u00e1\u0159 prezidenta republiky: <\/strong><\/p>\n<p>To bych \u0159ekl, \u017ee ur\u010dit\u011b ne. Mo\u017en\u00e1 sv\u00fdm zp\u016fsobem dokonce i z opa\u010dn\u00fdch, proto\u017ee prezident tou svoj\u00ed kritikou nastolil u\u017e z principu t\u00e9ma, abychom se zam\u00fd\u0161leli o roli st\u00e1tu v t\u00e9 soci\u00e1ln\u00ed a d\u016fchodov\u00e9 oblasti. A tam ur\u010dit\u011b t\u011b\u017eko m\u016f\u017ee podez\u0159\u00edvat V\u00e1clava Klause jako \u010dlov\u011bka, jako ekonoma, politika, \u017ee by cht\u011bl v jak\u00e9koli oblasti zvy\u0161ovat roli st\u00e1tu. Je fakt, \u017ee ale je klidn\u011b mo\u017en\u00e9, \u017ee n\u011bkter\u00e9 v\u011bci konkr\u00e9tn\u00ed na tom konceptu, jak byl p\u0159edlo\u017een, bude kritizovat stejn\u011b tak, jako opozice. Nap\u0159\u00edklad ono zv\u00fd\u0161en\u00ed DPH pro n\u011bkter\u00e9 skupiny v\u00fdrobk\u016f. \u010cili v tom c\u00edli ten ter\u010d bude mo\u017en\u00e1 v n\u011bkter\u00fdch p\u0159\u00edpadech podobn\u00fd. Ta motivace m\u016f\u017ee b\u00fdt odli\u0161n\u00e1, ale to v tuto chv\u00edli nen\u00ed d\u016fle\u017eit\u00e9.<\/p>\n<p><strong>Moder\u00e1tor: <\/strong><\/p>\n<p>M\u00e1te na mysli mo\u017en\u00e1 i formu.<\/p>\n<p><strong>Ladislav Jakl, \u0159editel politick\u00e9ho odboru, Kancel\u00e1\u0159 prezidenta republiky: <\/strong><\/p>\n<p>Tak\u017ee nen\u00ed ani tak mo\u017en\u00e1 te\u010f d\u016fle\u017eit\u00ed bavit se o tom, z jak\u00fdch pozic a pro\u010d tady nejde o \u017e\u00e1dnou rva\u010dku a \u017e\u00e1dn\u00fd l\u00edt\u00fd boj, ml\u00e1tit se jeden druh\u00e9ho po hlav\u011b. V\u011bci t\u00fdkaj\u00edc\u00ed se d\u016fchod\u016f a jeho syst\u00e9mu d\u016fchodu na n\u011bkolik p\u0159\u00ed\u0161t\u00edch mo\u017en\u00e1 generac\u00ed, to jsou v\u011bci tak v\u00e1\u017en\u00e9, \u017ee by v nich nem\u011bl b\u00fdt v\u00edt\u011bz a pora\u017een\u00fd. Pan prezident \u0159ekl v\u011bc, kter\u00e1 se n\u011bkter\u00fdm autor\u016fm tohoto konceptu d\u016fchodov\u00e9 reformy nel\u00edbila a rozporovali ji. On \u0159\u00edk\u00e1, \u017ee o n\u011bkter\u00fdch v\u011bcech se v\u016fbec nemluvilo, \u017ee ta reforma je m\u00e1lo prodebatovan\u00e1. A oni \u0159\u00edkaj\u00ed, debatuje se tady 15 let. V tomto smyslu maj\u00ed pravdu. Debatuje se 15 let, ale po\u0159\u00e1d o tomt\u00e9\u017e. O tom, \u017ee lid\u00e9 se do\u017e\u00edvaj\u00ed st\u00e1le vy\u0161\u0161\u00edho v\u011bku d\u00edky lep\u0161\u00edmu zdrav\u00ed, lep\u0161\u00edm \u017eivotn\u00edm podm\u00ednk\u00e1m i v\u011bt\u0161\u00edmu bohatstv\u00ed asi z\u0159ejm\u011b. A rod\u00ed se st\u00e1le m\u00e9n\u011b lid\u00ed, z d\u016fvod\u016f tak\u00e9 r\u016fzn\u00fdch. T\u00edm p\u00e1dem m\u00e9n\u011b lid\u00ed p\u0159ich\u00e1z\u00ed do toho produktivn\u00edho v\u011bku. A tud\u00ed\u017e m\u00ed\u0148 lid\u00ed m\u00e1 \u017eivit v\u00edce d\u016fchodc\u016f. Ano, o tom se mluv\u00ed 15 let, ale v\u016fbec se nemluv\u00ed o t\u011bch nejz\u00e1kladn\u011bj\u0161\u00edch v\u011bcech. To<\/p>\n<p>znamen\u00e1 o tom, pro\u010d m\u00e1 st\u00e1t lidem poskytovat za jejich pen\u00edze dobro, 20-30 let od nich bude vyb\u00edrat pen\u00edze a pak jim mo\u017en\u00e1 v podob\u011b, kterou ten \u010dlov\u011bk v\u016fbec nezn\u00e1 dop\u0159edu, se o n\u011b postar\u00e1. Jestli by nebylo spr\u00e1vn\u011bj\u0161\u00ed, aby lid\u00e9 m\u011bli mo\u017enost si ty pen\u00edze prost\u011b nechat a postarat se o sebe jak\u00fdmkoli zp\u016fsobem. Tato reforma vlastn\u011b tyto z\u00e1kladn\u00ed fundament\u00e1ln\u00ed v\u011bci nejenom, \u017ee v\u016fbec ne\u0159e\u0161\u00ed, ale ani je nenastolila. V t\u00e9 debat\u011b se v\u016fbec neobjevilo&#8230;<\/p>\n<p><strong>Moder\u00e1tor: <\/strong><\/p>\n<p>Kdyby t\u0159eba n\u011bjak\u00fdmi osobn\u00edmi p\u0159\u00edklady&#8230;<\/p>\n<p><strong>Ladislav Jakl, \u0159editel politick\u00e9ho odboru, Kancel\u00e1\u0159 prezidenta republiky: <\/strong><\/p>\n<p>Pro\u010d m\u00e1 v\u016fbec st\u00e1t platit d\u016fchody, jestli skute\u010dn\u011b plat\u00ed to, \u017ee p\u0159es ten st\u00e1t je nutn\u00e9 proh\u00e1n\u011bt \u00fapln\u011b v\u0161echny, t\u00e9m\u011b\u0159 v\u0161echny pen\u00edze povinn\u011b, kter\u00fdmi se m\u00e1 \u010dlov\u011bk zabezpe\u010dit na sv\u00e9 st\u00e1\u0159\u00ed.<\/p>\n<p><strong>Moder\u00e1tor: <\/strong><\/p>\n<p>Pro\u010d podle V\u00e1s za t\u00edm nenastala ta shoda v\u016fbec na n\u011bjak\u00fdch z\u00e1kladn\u00edch obrysech?<\/p>\n<p><strong>Ladislav Jakl, \u0159editel politick\u00e9ho odboru, Kancel\u00e1\u0159 prezidenta republiky: <\/strong><\/p>\n<p>J\u00e1 \u0159\u00edk\u00e1m nap\u0159\u00edklad proto, \u017ee tyto fundament\u00e1ln\u00ed z\u00e1kladn\u00ed v\u011bci v\u016fbec neprob\u011bhli n\u011bjakou ve\u0159ejnou komunikac\u00ed. Stejn\u011b tak Vy, jako j\u00e1, tak na\u0161i div\u00e1ci sly\u0161eli, \u017ee je t\u0159eba n\u011bco ud\u011blat s d\u016fchodov\u00fdm syst\u00e9mem, \u017ee je t\u0159eba n\u011bjakou reformu ud\u011blat. Ale s t\u011bch d\u016fvod\u016f, sp\u00ed\u0161 z ufinancovatelnosti ne z t\u011bch principi\u00e1ln\u00edch, ideov\u00fdch d\u016fvod\u016f. To znamen\u00e1 zamyslet se nad vztahem st\u00e1tu a \u010dlov\u011bka a co vlastn\u011b m\u00e1 st\u00e1t d\u011blat, co je ve\u0159ejn\u00fdm statkem. \u017de \u010dlov\u011bk nen\u00ed jak\u00fdmsi klientem st\u00e1tu, ale \u017ee st\u00e1t nen\u00ed poji\u0161\u0165ovna nebo spo\u0159itelna a tud\u00ed\u017e.. Proto\u017ee jestli\u017ee plat\u00ed, \u017ee \u010dlov\u011bk je klientem a st\u00e1t m\u00e1 mu poskytnout n\u011bjak\u00e9 slu\u017eby za to, co on si zaplat\u00ed, tak bychom mohli \u0159\u00edci, \u017ee \u010dlov\u011bk, kter\u00fd plat\u00ed vy\u0161\u0161\u00ed dan\u011b, by m\u011bl m\u00edt n\u00e1rok na v\u011bt\u0161\u00ed pod\u00edl na ve\u0159ejn\u00e9m osv\u011btlen\u00ed nebo podobn\u00e9 v\u011bci. S\u00e1m jste se usm\u00e1l&#8230;<\/p>\n<p><strong>Moder\u00e1tor: <\/strong><\/p>\n<p>To d\u011blaj\u00ed kamery. To by mohlo b\u00fdt p\u0159\u00edznakov\u00e9.<\/p>\n<p><strong>Ladislav Jakl, \u0159editel politick\u00e9ho odboru, Kancel\u00e1\u0159 prezidenta republiky: <\/strong><\/p>\n<p>Vid\u00edte, ano, \u017ee to je asi nesmysl. A nad t\u011bmito z\u00e1kladn\u00edmi v\u011bcmi se nikdo nebavil a najednou z ni\u010deho nic z vl\u00e1dy nebo z pracovn\u00ed skupiny vl\u00e1dy vypadla konkr\u00e9tn\u00ed velmi detailn\u011b vypracovan\u00e1 p\u0159edstava o d\u016fchodov\u00e9 reform\u011b, ale ta p\u0159edstava ne\u0159e\u0161\u00ed ten s\u00e1m princip, \u017ee by p\u0159es st\u00e1t m\u011blo prot\u00e9kat m\u00e9n\u011b pen\u011bz. Proto\u017ee to, co si \u010dlov\u011bk n\u011bjak\u00fdm obtahem vezme do n\u011bjak\u00fdch d\u016fchodov\u00fdch fond\u016f, tak plat\u00ed ot\u00e1zka \u2013 je to je\u0161t\u011b, jsou to soukrom\u00e9 pen\u00edze nebo ve\u0159ejn\u00e9 pen\u00edze? St\u00e1t si nepolo\u017eil tu z\u00e1kladn\u00ed ot\u00e1zku, jestli teda tak dob\u0159e, tak m\u00ed\u0148 lid\u00ed bude pracovat na v\u00edce d\u016fchodc\u016f a co z toho plyne. To znamen\u00e1 bu\u010f budou ti d\u016fchodci dost\u00e1vat m\u00e9n\u011b pen\u011bz a nebo budou muset ti produktivn\u00ed platit v\u00edc. Vl\u00e1da n\u00e1m \u0159ekla, \u017ee B je spr\u00e1vn\u011b. \u017de budou platit v\u00edc.<\/p>\n<p><strong>Moder\u00e1tor: <\/strong><\/p>\n<p>A je pro V\u00e1s t\u0159eba p\u0159edstaviteln\u00e9, \u017ee by to vl\u00e1da protla\u010dila silou t\u011bch sv\u00fdch 118 hlas\u016f?<\/p>\n<p><strong>Ladislav Jakl, \u0159editel politick\u00e9ho odboru, Kancel\u00e1\u0159 prezidenta republiky: <\/strong><\/p>\n<p>Ano, takov\u00e9 riziko je, ale pak se m\u016f\u017ee st\u00e1t to, \u017ee p\u0159\u00ed\u0161t\u00ed vl\u00e1dn\u00ed garnitura ten syst\u00e9m \u00fapln\u011b zbour\u00e1, proto\u017ee se s n\u00edm neidentifikuje ani v t\u011bch z\u00e1kladn\u011bj\u0161\u00edch v\u011bcech. Ale ona se s t\u00edm nemus\u00ed nutn\u011b identifikovat jako s v\u00fdsledkem, ale bude m\u00edt prost\u011b pocit, \u017ee u toho nebyla, \u017ee se nikdo na nic neptal a \u017ee se tak\u00e9 na nikoho nebude pt\u00e1t. A v t\u011bchto z\u00e1kladn\u00edch v\u011bcech by p\u0159eci jenom m\u011bla b\u00fdt n\u011bjak\u00e1 setrva\u010dnost, n\u011bjak\u00e1 \u0161ir\u0161\u00ed shoda. J\u00e1 k tomu m\u016f\u017eu dodat, \u017ee bu\u010f ud\u011blejme skute\u010dn\u011b velkou reformu, ale pak takovou, kter\u00e1 bude m\u00edt o\u010di, kter\u00e1 bude m\u00edt z\u00e1sadn\u00ed perspektivu. Kter\u00e1 bude obsahovat v sob\u011b zamy\u0161len\u00ed nad rol\u00ed st\u00e1tu a jednotlivcem v t\u00e9to v\u011bci. Nebo a\u0165 se tedy rad\u011bji reforma s velk\u00fdm R ned\u011bl\u00e1 \u017e\u00e1dn\u00e1 a sou\u010dasn\u00fd syst\u00e9m a\u0165 se zm\u011bn\u00ed v n\u011bkolika parametrech tak, aby byl financovateln\u011bj\u0161\u00ed a pracujme na t\u00e9 reform\u011b d\u00e1l.<\/p>\n<p><strong>Moder\u00e1tor: <\/strong><\/p>\n<p>Jak jsem pochopil, tak vl\u00e1dn\u00ed koalice pom\u011brn\u011b sp\u011bch\u00e1 s t\u00edm, \u017ee prezident by mohl m\u00edt n\u011bco, mohl m\u00edt z\u00e1kony s t\u00edm souvisej\u00edc\u00edm na stole u\u017e n\u011bkdy na podzim. Jak by se p\u0159\u00edpadn\u011b hlava st\u00e1tu<\/p>\n<p>zachovala, pakli\u017ee by to nebylo takto prodiskutov\u00e1no, jak po tom vol\u00e1te, kdy\u017e tady \u010dteme kritiku hlavy st\u00e1tu, kter\u00e1 je zam\u011b\u0159ena t\u00edm sm\u011brem.<\/p>\n<p><strong>Ladislav Jakl, \u0159editel politick\u00e9ho odboru, Kancel\u00e1\u0159 prezidenta republiky: <\/strong><\/p>\n<p>V\u00edte, ono tady mo\u017en\u00e1 nejde jenom o d\u016fchodovou reformu samou, tady jde o zakl\u00edn\u00e1n\u00ed se d\u016fchodovou reformou, \u017ee jinak by tato koalice vlastn\u011b nem\u011bla v\u016fbec \u017e\u00e1dn\u00fd smysl. Koalice spojuje \u010dasto protich\u016fdn\u00e9 strany s protich\u016fdn\u00fdmi programy a je i samoz\u0159ejm\u00e9, \u017ee t\u00edm p\u00e1dem se kumuluje velk\u00e1 nespokojenost u v\u0161ech koali\u010dn\u00edch partner\u016f. A tito nespokojenci, kte\u0159\u00ed do ur\u010dit\u00e9 m\u00edry opr\u00e1vn\u011bn\u011b \u0159\u00edkaj\u00ed n\u011bco jsme slibovali ve volb\u00e1ch sv\u00fdm voli\u010d\u016fm, chceme v\u00edc uplatnit sv\u016fj program, n\u011bkter\u00e9 \u00fastupky jsou pro n\u00e1s nep\u0159ijateln\u00e9, tak t\u011bm v\u0161em se dnes zacp\u00e1vaj\u00ed \u00fasta t\u00edm, \u017ee se \u0159\u00edk\u00e1: no to jsou nepodstatn\u00e9 v\u011bci, proto\u017ee pot\u0159ebujeme tu d\u016fchodovou reformu. U\u017e se zd\u00e1, \u017ee ta d\u016fchodov\u00e1 reforma je sp\u00ed\u0161 instrumentem k udr\u017een\u00ed vl\u00e1dn\u00ed koalice. A na to je to p\u0159\u00edli\u0161 v\u00e1\u017en\u00e9 a drah\u00e9 t\u00e9ma.<\/p>\n<p><strong>Moder\u00e1tor: <\/strong><\/p>\n<p>N\u011bkte\u0159\u00ed politici tak\u00e9 \u0159\u00edkaj\u00ed, \u017ee sou\u010dasn\u00e1 vl\u00e1da v\u016fbec ne\u0159\u00edk\u00e1 nyn\u011bj\u0161\u00edm d\u016fchodc\u016fm, \u017ee z t\u00e9 reformy nebudou v\u016fbec t\u011b\u017eit. Mysl\u00edm, \u017ee to jsou i slova prezidenta Klause, \u017ee jen zaplat\u00ed v tuto chv\u00edli na sjednocen\u00ed DPH. Jak by jim to m\u011bl st\u00e1t kompenzovat t\u011bm nyn\u011bj\u0161\u00edm d\u016fchodc\u016fm? M\u011bl by jim to n\u011bjak kompenzovat?<\/p>\n<p><strong>Ladislav Jakl, \u0159editel politick\u00e9ho odboru, Kancel\u00e1\u0159 prezidenta republiky: <\/strong><\/p>\n<p>J\u00e1 jsem v\u016fbec proti tomu, aby st\u00e1t z\u00edsk\u00e1val pen\u00edze takov\u00fdmto zp\u016fsobem, nap\u0159\u00edklad i od d\u016fchodc\u016f ze spot\u0159eby. Prost\u011b ten koncept je \u0161patn\u00fd a d\u016fchodov\u00e1 reforma od n\u011bjak\u00e9 da\u0148ov\u00e9 reformy m\u00e1 b\u00fdt naprosto odd\u011blena. St\u00e1t t\u00edm vlastn\u011b p\u0159izn\u00e1v\u00e1, \u017ee nereformuje, \u017ee chce jenom sypat dal\u0161\u00ed pen\u00edze. A vyvst\u00e1v\u00e1 bizardn\u00ed situace, \u017ee mluv\u00edme tady o \u00fadajn\u011b solid\u00e1rn\u00edm syst\u00e9mu a z t\u00e9to reformy vypad\u00e1 v\u0161echny koncepty d\u016fchodov\u00e9 reformy a to bych cht\u011bl \u0159\u00edci v\u0161em div\u00e1k\u016fm, hlavn\u011b t\u011bm d\u016fchodov\u00e9ho v\u011bku, nikdy se v\u016fbec neuva\u017eovalo, \u017ee by se t\u00fdkaly sou\u010dasn\u00fdch d\u016fchodc\u016f. P\u0159esto ze slova d\u016fchodov\u00e1 reforma byly v\u017edycky nejv\u00edce nervosn\u00ed d\u016fchodci, ale t\u011bch se to v\u016fbec t\u00fdkat nikdy nem\u011blo. M\u011blo se to t\u00fdkat tak Va\u0161ich ro\u010dn\u00edk\u016f t\u0159iceti, p\u011btat\u0159iceti, \u010dty\u0159icetilet\u00fdch lid\u00ed, aby jim se \u0159eklo, \u017ee v budoucnu od toho d\u016fchodov\u00e9ho syst\u00e9mu st\u00e1tn\u00edho u\u017e nikdy nebudou dost\u00e1vat tolik, kolik jejich rodi\u010de a \u017ee by tud\u00ed\u017e se na to m\u011bli n\u011bjak\u00fdm zp\u016fsobem sami p\u0159ipravit. To bylo t\u00edm hlavn\u00edm sign\u00e1lem. A te\u010f vl\u00e1da \u0159\u00edk\u00e1: ne, nemus\u00edte d\u011blat nic, proto\u017ee my si s\u00e1hneme na r\u016fzn\u00e9 jin\u00e9 pen\u00edze a mimo jin\u00e9, t\u011bm kter\u00fdm je dneska 30-35 a nepochybn\u011b a\u017e jim bude 65 budou mnohem bohat\u0161\u00ed a maj\u00ed tak\u00e9 mnohem v\u00edc mo\u017enost\u00ed se p\u0159ipravit na st\u00e1\u0159\u00ed a na d\u016fchod. Ale jim v podstat\u011b \u010d\u00e1st t\u011bch d\u016fchod\u016f maj\u00ed platit dne\u0161n\u00ed mnohem chud\u0161\u00ed d\u016fchodci, kte\u0159\u00ed nav\u00edc nem\u011bli tolik mo\u017enost\u00ed ukl\u00e1dat si n\u011bkter\u00e9 pen\u00edze stranou, proto\u017ee jim st\u00e1t v\u0161echny vzal.<\/p>\n<p><strong>Moder\u00e1tor: <\/strong><\/p>\n<p>Prezident V\u00e1clav Klaus v podstat\u011b toto t\u00e9ma nepova\u017euje za skon\u010den\u00e9. Mysl\u00edm minim\u00e1ln\u011b debatu o d\u016fchodov\u00e9 reform\u011b, tak se d\u00e1 p\u0159edpokl\u00e1dat asi s\u00e9rie podobn\u00fdch \u010dl\u00e1nk\u016f. Znamen\u00e1 to v tuhle chv\u00edli&#8230;<\/p>\n<p><strong>Ladislav Jakl, \u0159editel politick\u00e9ho odboru, Kancel\u00e1\u0159 prezidenta republiky: <\/strong><\/p>\n<p>P\u0159ehled u\u017e jsem jeden vid\u011bl, ano.<\/p>\n<p><strong>Moder\u00e1tor: <\/strong><\/p>\n<p>A co v n\u011bm je? Prozrad\u00edte?<\/p>\n<p><strong>Ladislav Jakl, \u0159editel politick\u00e9ho odboru, Kancel\u00e1\u0159 prezidenta republiky: <\/strong><\/p>\n<p>Neprozrad\u00edm V\u00e1m to.<\/p>\n<p><strong>Moder\u00e1tor: <\/strong><\/p>\n<p>Ani heslovit\u011b?<\/p>\n<p><strong>Ladislav Jakl, \u0159editel politick\u00e9ho odboru, Kancel\u00e1\u0159 prezidenta republiky: <\/strong><\/p>\n<p>Ale pan prezident sliboval, \u017ee bude v tomto t\u00e9matu cht\u00edt d\u00e1l diskutovat a jestli n\u011bkomu se ten jeho z\u00e1kladn\u00ed n\u00e1st\u0159el zd\u00e1l p\u0159\u00edli\u0161 na p\u016fl cesty, tak to jenom prost\u011b proto, \u017ee se do jednoho \u010dl\u00e1nku \u00fapln\u011b v\u0161echno nevejde.<\/p>\n<p><strong> <\/strong><\/p>\n<p><strong> <\/strong><\/p>\n<p><strong>Moder\u00e1tor: <\/strong><\/p>\n<p>Znamen\u00e1 to v tuhle chv\u00edli, \u017ee prezident V\u00e1clav Klaus bere ten pomysln\u00fd prapor t\u00e9matu d\u016fchodov\u00e1 reforma, kter\u00fd ponese?<\/p>\n<p><strong>Ladislav Jakl, \u0159editel politick\u00e9ho odboru, Kancel\u00e1\u0159 prezidenta republiky: <\/strong><\/p>\n<p>Je to z\u00e1sadn\u00ed, je to velik\u00e9 t\u00e9ma a stoj\u00ed za norm\u00e1ln\u00ed ve\u0159ejnou spole\u010denskou debatu. Jsem r\u00e1d, \u017ee i tady v \u010cT na toto t\u00e9ma je mo\u017en\u00e9 mluvit. Nen\u00ed mo\u017en\u00e9 stav\u011bt ve\u0159ejnost a v\u016fbec ne kv\u016fli politice, kv\u016fli diskus\u00edm ve\u0159ejnost p\u0159ed hotovou v\u011bc a d\u00e1t jim p\u0159esko\u010dit ot\u00e1zky, jestli chceme bydlet, kde chceme, aby d\u016fm st\u00e1l. Rovnou d\u00e1t konkr\u00e9tn\u00ed projekt, kde je i barva z\u00e1clonek. J\u00e1 mysl\u00edm, \u017ee takhle p\u0159eskakovat n\u011bkter\u00e9 v\u011bci nelze.<\/p>\n<p><strong>Moder\u00e1tor: <\/strong><\/p>\n<p>Poj\u010fme te\u010f tak\u00e9 k zahrani\u010dn\u00edmu d\u011bn\u00ed nebo zahrani\u010dn\u011b politick\u00e9 \u010d\u00e1sti tohoto rozhovoru. Proto\u017ee prezident V\u00e1clav Klaus jede tento t\u00fdden na mimo\u0159\u00e1dn\u00fd summit do Bruselu k ud\u00e1lostem v Libyi. S jakou pozic\u00ed, s jak\u00fdm n\u00e1zorem? U\u017e v\u00edme, \u017ee prezident V\u00e1clav Klaus odm\u00edt\u00e1 v tuhle chv\u00edli n\u011bjak\u00fd vojensk\u00fd z\u00e1sah v Libyi.<\/p>\n<p><strong>Ladislav Jakl, \u0159editel politick\u00e9ho odboru, Kancel\u00e1\u0159 prezidenta republiky: <\/strong><\/p>\n<p>Tak on nejsp\u00ed\u0161 ani nen\u00ed na stole ten vojensk\u00fd z\u00e1sah. Neuva\u017euje o n\u011bm ani NATO, ani EU. Ale j\u00e1 jsem p\u0159esv\u011bd\u010den o tom, \u017ee tak, jak j\u00e1 zn\u00e1m jako \u010dlov\u011bka V\u00e1clava Klause, prezidenta republiky, tak je \u010dlov\u011bk velmi obez\u0159etn\u00fd v\u016f\u010di n\u011bjak\u00fdm silov\u00fdm \u0159e\u0161en\u00edm. J\u00e1 mysl\u00edm, \u017ee ned\u00e1vn\u00e1 minulost n\u00e1s p\u0159esv\u011bd\u010dila, \u017ee nen\u00ed dobr\u00e9 \u0161lapat jako slon v porcel\u00e1nu. \u017de ter\u00e9n n\u011bkter\u00fdch krizov\u00fdch oblast\u00ed a n\u011bkter\u00fdch krizov\u00fdch situac\u00ed je tak stra\u0161n\u011b citliv\u00fd, tak stra\u0161n\u011b slo\u017eit\u00fd, \u017ee z\u00e1pad n\u011bkdy naivn\u011b si ozna\u010d\u00ed sv\u00e9 padouchy, sv\u00e9 hrdiny, pak se do v\u011bci naveze, nem\u00e1 sv\u016fj konkr\u00e9tn\u00ed politick\u00fd pl\u00e1n. \u010cili pl\u00e1n politick\u00e9ho c\u00edle, jak to m\u00e1 potom vypadat. A pokud tyto v\u011bci nejsou dob\u0159e rozmy\u0161leny, pokud ta situace nen\u00ed v m\u00edst\u011b zmapovan\u00e1, tak je to jenom pouk\u00e1zka na dal\u0161\u00ed velk\u00e9 dobrodru\u017estv\u00ed mo\u017en\u00e1 s velik\u00fdmi bolestn\u00fdmi \u0161kodami a ztr\u00e1tami.<\/p>\n<p><strong>Moder\u00e1tor: <\/strong><\/p>\n<p>A v tuhle chv\u00edli, co by m\u011blo d\u011blat mezin\u00e1rodn\u00ed spole\u010denstv\u00ed nebo t\u0159eba EU, kter\u00e1 kv\u016fli tomu svol\u00e1v\u00e1 mimo\u0159\u00e1dn\u00fd summit. M\u016f\u017eeme p\u0159ipomenout sankce, kter\u00e9 EU cht\u011bla.<\/p>\n<p><strong>Ladislav Jakl, \u0159editel politick\u00e9ho odboru, Kancel\u00e1\u0159 prezidenta republiky: <\/strong><\/p>\n<p>V\u00edte, to je zaj\u00edmav\u00e9, \u017ee nejv\u00edc zbran\u011bmi a sankcemi hara\u0161\u00ed ti, kdo je\u0161t\u011b p\u0159edev\u010d\u00edrem Kadd\u00e1f\u00edmu zobali z ruky. A dneska najednou maj\u00ed pocit, \u017ee kdy\u017e se ztr\u00e1c\u00ed jeho kredit v tom posledn\u00edm v\u00fdvoji, tak najednou d\u00e1vaj\u00ed ruce pry\u010d&#8230;<\/p>\n<p><strong>Moder\u00e1tor: <\/strong><\/p>\n<p>To mysl\u00edte jako, \u017ee It\u00e1lie vypov\u011bd\u011bla smlouvu na \u00fato\u010den\u00ed s Liby\u00ed?<\/p>\n<p><strong>Ladislav Jakl, \u0159editel politick\u00e9ho odboru, Kancel\u00e1\u0159 prezidenta republiky: <\/strong><\/p>\n<p>Jako kdyby s n\u00edm nem\u011bli nikdy nic spole\u010dn\u00e9ho a je\u0161t\u011b p\u0159edev\u010d\u00edrem ho hostili na sv\u00e9 p\u016fd\u011b. J\u00e1 v tom vid\u00edm ur\u010dit\u00e9 pokrytectv\u00ed. Nen\u00ed to snadn\u00e9, co m\u00e1 d\u011blat mezin\u00e1rodn\u00ed spole\u010denstv\u00ed. Mus\u00ed se p\u0159ipravit mo\u017en\u00e1 na n\u011bjakou humanit\u00e1rn\u00ed katastrofu, mo\u017en\u00e1 se bude muset p\u0159ipravovat na velkou vlnu uprchl\u00edk\u016f a to nejenom z Libye, proto\u017ee Libye fungovala dote\u010f jako ur\u010dit\u00e1 hr\u00e1z p\u0159ed migrac\u00ed se subsaharsk\u00e9 Afriky a u\u017e nebude, nen\u00ed na to \u017e\u00e1dn\u00e1 s\u00edla. Mimochodem to byl jeden z d\u016fvod\u016f, pro\u010d z\u00e1pad a EU Kadd\u00e1f\u00edho dr\u017eela a podporovala, proto\u017ee za ni d\u011blal tuhletu pr\u00e1ci, stav\u011bl tuhle ze\u010f nebo tenhleten plot. Nepochybn\u011b se m\u00e1me sna\u017eit t\u00e9 situaci porozum\u011bt a v\u011bd\u011bt o n\u00ed n\u011bco. Ale sil\u00e1ckost s jakou n\u011bkdo p\u0159istupuje k tomu, \u017ee v\u00ed, kdo jsou to povstalci, z jak\u00fdch skupin se skl\u00e1daj\u00ed, co je jejich c\u00edl, kdo jsou lid\u00e9 na t\u00e9 druh\u00e9 stran\u011b. Najednou prost\u011b tendence do tohohle zab\u0159ednout, opravdu smrd\u00ed velk\u00fdm probl\u00e9mem.<\/p>\n<p><strong>Moder\u00e1tor: <\/strong><\/p>\n<p>Kdybych se zeptal na n\u011bjak\u00fd konkr\u00e9tn\u00ed n\u00e1vrh toho \u0159e\u0161en\u00ed, se kter\u00fdm hlava st\u00e1tu na ten bruselsk\u00fd summit jede jako jeden ze 27.<\/p>\n<p><strong>Ladislav Jakl, \u0159editel politick\u00e9ho odboru, Kancel\u00e1\u0159 prezidenta republiky: <\/strong><\/p>\n<p>J\u00e1 nev\u00edm, jestli je v\u017edycky t\u0159eba m\u00edt n\u011bjak\u00e9 velk\u00e9 ambice l\u00e9\u010dit sv\u011bt. Sv\u011bt je bolestn\u00e9 m\u00edsto a mysl\u00edm si, \u017ee daleko sp\u00ed\u0161 by bylo dobr\u00e9 varovat p\u0159ed n\u011bjak\u00fdmi un\u00e1hlen\u00fdmi kroky, ne\u017e za ka\u017edou cenu protla\u010dit n\u011bjak\u00e9 z\u00e1zra\u010dn\u00e9 \u0159e\u0161en\u00ed. J\u00e1 to tam \u0159e\u0161en\u00ed aktu\u00e1ln\u00ed v tuto chv\u00edli opravdu bohu\u017eel moc nevid\u00edm. A sp\u00ed\u0161 bych se b\u00e1l&#8230;<\/p>\n<p><strong>Moder\u00e1tor: <\/strong><\/p>\n<p>A na to jsem se ptal v podstat\u011b. Zda prezident V\u00e1clav Klaus jede s n\u011b\u010d\u00edm podobn\u00fdm jako te\u010f tady nen\u00ed \u017e\u00e1dn\u00e9 \u0159e\u0161en\u00ed, po\u010dkejme, jak se situace vyvine, m\u016f\u017eeme d\u011blat maxim\u00e1ln\u011b to a to nebo nem\u016f\u017eeme d\u011blat v\u016fbec nic.<\/p>\n<p><strong> <\/strong><\/p>\n<p><strong>Ladislav Jakl, \u0159editel politick\u00e9ho odboru, Kancel\u00e1\u0159 prezidenta republiky: <\/strong><\/p>\n<p>Tak \u00fapln\u011b podrobn\u011b jsem o tom s n\u00edm nemluvil, ale tak jak ho zn\u00e1m, tak douf\u00e1m, \u017ee tam p\u0159inese ten t\u00f3n n\u011bjak\u00e9ho varovn\u00e9ho prstu p\u0159ed n\u011bjakou zbrklost\u00ed a un\u00e1hlenost\u00ed. Proto\u017ee opravdu m\u016f\u017eeme si spo\u010d\u00edtat t\u0159i, \u010dty\u0159i krize za posledn\u00edch deset let a tam ty v\u00fdsledky sv\u011btov\u00e9ho spole\u010denstv\u00ed jsou dost sporn\u00e9. A cena, kterou se platilo za n\u011bkter\u00e9 ty dobrodru\u017estv\u00ed a tyhle operace byla velik\u00e1 a porovn\u00e1vat je s v\u00fdnosy nen\u00ed \u017e\u00e1dn\u00e1 sl\u00e1va.<\/p>\n<p><strong>Moder\u00e1tor:<\/strong> Ladislav Jakl, \u0159editel politick\u00e9ho odboru Kancel\u00e1\u0159e prezidenta republiky, d\u011bkuji V\u00e1m. Na shledanou.<\/p>\n<p><strong>Ladislav Jakl, \u0159editel politick\u00e9ho odboru, Kancel\u00e1\u0159 prezidenta republiky: <\/strong><\/p>\n<p>D\u011bkuji za pozv\u00e1n\u00ed.<\/p>\n<p><strong>Moder\u00e1tor: <\/strong><\/p>\n<p>A v\u00e1m div\u00e1k\u016fm \u010cty\u0159iadvac\u00edtky d\u011bkuji za pozornost, m\u011bjte se hezky a dobr\u00fd ve\u010der.<\/p>\n","protected":false},"excerpt":{"rendered":"<p>Zdroj: \u010cT 24 Datum: 07.03.2011\u00a0 Relace: Interview \u010cT24<\/p>\n","protected":false},"author":1,"featured_media":0,"comment_status":"open","ping_status":"open","sticky":false,"template":"","format":"standard","meta":{"ngg_post_thumbnail":0,"footnotes":""},"categories":[13],"tags":[],"class_list":["post-829","post","type-post","status-publish","format-standard","hentry","category-rozhovory"],"_links":{"self":[{"href":"https:\/\/www.ladislavjakl.cz\/index.php?rest_route=\/wp\/v2\/posts\/829","targetHints":{"allow":["GET"]}}],"collection":[{"href":"https:\/\/www.ladislavjakl.cz\/index.php?rest_route=\/wp\/v2\/posts"}],"about":[{"href":"https:\/\/www.ladislavjakl.cz\/index.php?rest_route=\/wp\/v2\/types\/post"}],"author":[{"embeddable":true,"href":"https:\/\/www.ladislavjakl.cz\/index.php?rest_route=\/wp\/v2\/users\/1"}],"replies":[{"embeddable":true,"href":"https:\/\/www.ladislavjakl.cz\/index.php?rest_route=%2Fwp%2Fv2%2Fcomments&post=829"}],"version-history":[{"count":1,"href":"https:\/\/www.ladislavjakl.cz\/index.php?rest_route=\/wp\/v2\/posts\/829\/revisions"}],"predecessor-version":[{"id":830,"href":"https:\/\/www.ladislavjakl.cz\/index.php?rest_route=\/wp\/v2\/posts\/829\/revisions\/830"}],"wp:attachment":[{"href":"https:\/\/www.ladislavjakl.cz\/index.php?rest_route=%2Fwp%2Fv2%2Fmedia&parent=829"}],"wp:term":[{"taxonomy":"category","embeddable":true,"href":"https:\/\/www.ladislavjakl.cz\/index.php?rest_route=%2Fwp%2Fv2%2Fcategories&post=829"},{"taxonomy":"post_tag","embeddable":true,"href":"https:\/\/www.ladislavjakl.cz\/index.php?rest_route=%2Fwp%2Fv2%2Ftags&post=829"}],"curies":[{"name":"wp","href":"https:\/\/api.w.org\/{rel}","templated":true}]}}