{"id":8300,"date":"2018-03-22T14:43:41","date_gmt":"2018-03-22T13:43:41","guid":{"rendered":"http:\/\/www.ladislavjakl.cz\/?p=8300"},"modified":"2018-03-22T14:43:41","modified_gmt":"2018-03-22T13:43:41","slug":"folimanka-blues-a-liby-kveton-rozpoutaji-ve-stare-mydlarne-peklo-a-raj","status":"publish","type":"post","link":"https:\/\/www.ladislavjakl.cz\/?p=8300","title":{"rendered":"FOLIMANKA BLUES a LIB\u00dd KV\u011aTO\u0147 rozpoutaj\u00ed ve Star\u00e9 mydl\u00e1rn\u011b peklo a r\u00e1j"},"content":{"rendered":"<p><strong>Rozhovor Vladim\u00edra \u0160pul\u00e1ka s&nbsp;frontmanem Folimanky Blues Ladislavem Jaklem pro m\u011bs\u00ed\u010dn\u00edk M\u011blnicko.<\/strong><\/p>\n<p><em>Tvoji kapelu Folimanka Blues jsem poprv\u00e9 zaznamenal v&nbsp;devades\u00e1t\u00fdch letech na Divadeln\u00edch pout\u00edch v&nbsp;Neratovic\u00edch. Kdy\u017e jsem pak v&nbsp;roce 2009 ve spolupr\u00e1ci s&nbsp;m\u011blnick\u00fdm kultur\u00e1kem po\u0159\u00e1dal cyklus bluesrockov\u00fdch ve\u010der\u016f Blues Night, byli jste druh\u00fdmi pozvan\u00fdmi hned po klasic\u00edch \u017e\u00e1nru Bluesberry.<\/em><\/p>\n<p><!--more--><\/p>\n<p>No, to by m\u011b stejn\u011b zaj\u00edmalo, jak jsme se ti dostali do r\u00e1ny zrovna my.<\/p>\n<p><em>&nbsp;I kdy\u017e hrajete sp\u00ed\u0161 klasick\u00fd bigb\u00edt ne\u017e blues, j\u00e1 ve va\u0161ich p\u00edsni\u010dk\u00e1ch vn\u00edm\u00e1m z\u0159eteln\u00fd bluesov\u00fd pocit. Je tam opravdu? M\u016f\u017ee to souviset s&nbsp;t\u00edm, \u017ee miluje\u0161 Led Zeppelin?<\/em><\/p>\n<p>Malinko si odpov\u00edd\u00e1\u0161 s\u00e1m, ale trochu to roz\u0161\u00ed\u0159\u00edm. Kdy\u017e se u n\u00e1s \u0159ekne \u201ebluesov\u00e1 kapela\u201c, mysl\u00ed se t\u00edm v\u011bt\u0161inou boogie, prost\u011b rychl\u00e9 dvan\u00e1ctky. Rytmus je dan\u00fd, harmonie taky, ob\u010das se to n\u011b\u010d\u00edm ozvl\u00e1\u0161tn\u00ed, ale d\u00e1l to jede v&nbsp;p\u0159\u00edjemn\u00e9m tempu. J\u00e1 jsem takhle slovo blues nikdy nevn\u00edmal. Vn\u00edmal jsem ho jako krajn\u00ed emoci, ne jen jako p\u0159\u00edb\u011bhy o trampot\u00e1ch se \u017eenami. Vn\u00edm\u00e1m ho jako pro\u017eitek na samu hranu snesitelnosti, mo\u017en\u00e1 a\u017e za n\u00ed. Sv\u00e9 ur\u010dit\u011b sehr\u00e1la i m\u00e1 l\u00e1ska k&nbsp;Zeppelin, ale taky to, \u017ee bigb\u00edt poslouch\u00e1m ne od puberty, ale u\u017e od mate\u0159sk\u00e9 \u0161koly, to d\u00edky sv\u00fdm star\u0161\u00edm bratr\u016fm. Kdy\u017e si \u010dlov\u011bk v&nbsp;\u017eivot\u011b a ve vztaz\u00edch nenech\u00e1v\u00e1 zadn\u00ed vr\u00e1tka, za\u017eije v\u00e1\u0161n\u011b, o jak\u00fdch se jin\u00fdm m\u016f\u017ee jen zd\u00e1t. Ale je taky mnohem zraniteln\u011bj\u0161\u00ed a snadno p\u0159ijde k&nbsp;takov\u00e9 bolesti, od kter\u00e9 jsou ti \u201echyt\u0159ej\u0161\u00ed\u201c uchr\u00e1n\u011bni. Tak j\u00e1 vn\u00edm\u00e1m blues. Ale kdy\u017e to blues zredukujeme na hudebn\u00ed formu, pak mus\u00edm \u0159\u00edct, \u017ee v&nbsp;opravdov\u00e9m bigb\u00edtu vespod blues b\u00fdt mus\u00ed, jinak je to jen vymy\u0161len\u00e1 um\u011blotina.<\/p>\n<p><em>V&nbsp;posledn\u00edch letech k n\u00e1m jezd\u00edte celkem pravideln\u011b. Jak\u00e9 byly dosavadn\u00ed m\u011blnick\u00e9 koncerty, u\u017eili jste si je? <\/em><\/p>\n<p>Nojo, jezd\u00edme. Je to mo\u017en\u00e1 shoda okolnost\u00ed. M\u011bln\u00edk nab\u00edz\u00ed v\u0161echno. Hr\u00e1li jsme n\u011bkolikr\u00e1t i na Vinobran\u00ed, p\u00e1rkr\u00e1t i v&nbsp;m\u00edstn\u00edch klubech. To jsou \u00fapln\u011b odli\u0161n\u00e9 sv\u011bty. Um\u00edme ud\u011blat show na velk\u00e9m podiu, ale v&nbsp;tom klubu, kdy \u010dlov\u011bk vid\u00ed poslucha\u010di do o\u010d\u00ed, to je fakt n\u011bco jin\u00e9ho. Zrovna minul\u00fd v\u00edkend jsme v&nbsp;p\u00e1tek hr\u00e1li pro mnoho set lid\u00ed na pivn\u00edm festivalu v&nbsp;Bud\u011bjovic\u00edch a hned druh\u00fd den v&nbsp;klub\u00edku v&nbsp;\u010cesk\u00e9m Krumlov\u011b. Kontrast jako hrom. Mysl\u00edm, \u017ee se na\u0161e p\u00edsn\u011b hod\u00ed sp\u00ed\u0161 do osobn\u00edho prost\u0159ed\u00ed, pro pozorn\u011bj\u0161\u00ed poslucha\u010de.<\/p>\n<p><em>Jak\u00fd bude nadch\u00e1zej\u00edc\u00ed b\u0159eznov\u00fd koncert ve Star\u00e9 Mydl\u00e1rn\u011b, tentokr\u00e1t vlastn\u011b dvojkoncert s&nbsp;kapelou Lib\u00fd Kv\u011bto\u0148? T\u011b\u0161\u00edte se?<\/em><\/p>\n<p>No jasn\u011b. Mydl\u00e1rna je rarita, v&nbsp;prastar\u00e9m sklepen\u00ed \u010dlov\u011bk nehraje ka\u017ed\u00fd den. Kdy\u017e jsme tam hr\u00e1li minule, str\u010dili pod p\u00f3dium n\u011bjak\u00e9ho voz\u00ed\u010dk\u00e1\u0159e. Prchnout nemohl &#8211; a po chv\u00edli mo\u017en\u00e1 u\u017e ani necht\u011bl.<\/p>\n<p><em>Toho tam nestr\u010dili, to je pravideln\u00fd n\u00e1v\u0161t\u011bvn\u00edk mydl\u00e1rensk\u00fdch koncert\u016f. Jak to p\u0159i\u0161lo &#8211; turn\u00e9 zrovna s&nbsp;Kv\u011bton\u011bm?<\/em><\/p>\n<p>Spojuje n\u00e1s s&nbsp;n\u00edm Pavel Ben\u00ed\u0161ek, n\u00e1\u0161 n\u011bkdej\u0161\u00ed pianista a jejich aktu\u00e1ln\u00ed zp\u011bv\u00e1k. Kv\u011bto\u0148 je takov\u00fd n\u00e1\u0161 protip\u00f3l. Oni si um\u011bj\u00ed d\u011blat srandu ze v\u0161eho, my zas ve v\u0161em hled\u00e1me drama. Je\u0161t\u011b\u017ee \u017eivot nab\u00edz\u00ed oboj\u00ed.<\/p>\n<p><em>Tak to se m\u00e1me na co t\u011b\u0161it \u2013 peklo a r\u00e1j v&nbsp;jeden ve\u010der <\/em><em>J . Od vyd\u00e1n\u00ed va\u0161eho posledn\u00edho alba Krajina po bitv\u011b uteklo u\u017e p\u00e1r let, m\u00e1\u0161 v&nbsp;\u0161upl\u00edku n\u011bjak\u00e9 nov\u00e9 p\u00edsni\u010dky? Chyst\u00e1te dal\u0161\u00ed desku?<\/em><\/p>\n<p>No, to jsem je\u0161t\u011b nikomu ne\u0159ekl, ale ano, chyst\u00e1me. Te\u010f n\u00e1s \u010dek\u00e1 je\u0161t\u011b velk\u00fd koncert k&nbsp;25. v\u00fdro\u010d\u00ed kapely v&nbsp;Malostransk\u00e9 Besed\u011b 20. \u010dervna, ale hned po n\u011bm u\u017e se za\u010dneme p\u0159ipravovat do studia. A jak jinak, bude to deska je\u0161t\u011b tvrd\u0161\u00ed a je\u0161t\u011b emotivn\u011bj\u0161\u00ed.<\/p>\n<p><em>Usly\u0161\u00edme n\u011bco z&nbsp;nov\u00fdch v\u011bc\u00ed v&nbsp;Mydl\u00e1rn\u011b?<\/em><\/p>\n<p>No, to bych asi prozrazovat nem\u011bl. Ale dobr\u00e1, asi usly\u0161\u00edte. Ale nejv\u00edc jeden \u010di dva kousky, je\u0161t\u011b to tolik neum\u00edme.<\/p>\n<p><em>Krom\u011b bigb\u00edtu se intenzivn\u011b v\u011bnuje\u0161 pivu a jsi jedn\u00edm z&nbsp;jeho nejv\u011bt\u0161\u00edch znalc\u016f v&nbsp;t\u00e9hle zemi. Jak v\u00fdznamn\u00e9 m\u00edsto v&nbsp;tv\u00e9m \u017eivot\u011b zauj\u00edmaj\u00ed tyhle dva sv\u011bty, a prol\u00ednaj\u00ed se n\u011bjak?<\/em><\/p>\n<p>Jasn\u011b\u017ee prol\u00ednaj\u00ed. Pivo k&nbsp;bigb\u00edtu pat\u0159\u00ed a naopak. Ale p\u0159esto pro mne oboj\u00ed nem\u00e1 v&nbsp;\u017eivot\u011b roli stejnou. Muzika je pro m\u011b zp\u016fsob my\u0161len\u00ed, zp\u016fsob pro\u017e\u00edv\u00e1n\u00ed, zp\u016fsob d\u00edv\u00e1n\u00ed se na sv\u011bt, zp\u016fsob vn\u00edm\u00e1n\u00ed, c\u00edt\u011bn\u00ed. Pivo, to je hlavn\u011b kr\u00e1sn\u00fd kon\u00ed\u010dek. Kdy\u017e \u010dlov\u011bk nez\u016fstane na povrchu a zaj\u00edm\u00e1 se o n\u011bj hloub, objevuje \u00fa\u017easn\u00e9 sv\u011bty, co\u017e m\u011b kr\u00e1sn\u011b obohacuje.<\/p>\n<p><em>D\u011bkuji za p\u0159\u00edjemn\u00e9 popov\u00edd\u00e1n\u00ed.<\/em><\/p>\n<p>&nbsp;<\/p>\n<p>Dvojkoncert&nbsp; kapel FOLIMANK BLUES a LIB\u00dd KV\u011aTO\u0147 se odehraje 16. 3. 2018 od 20 hodin ve vyhl\u00e1\u0161en\u00e9m&nbsp;m\u011blnick\u00e9m &nbsp;klubu Star\u00e1 mydl\u00e1rna.&nbsp;<\/p>\n","protected":false},"excerpt":{"rendered":"<p>Rozhovor Vladim\u00edra \u0160pul\u00e1ka s&nbsp;frontmanem Folimanky Blues Ladislavem Jaklem pro m\u011bs\u00ed\u010dn\u00edk M\u011blnicko. Tvoji kapelu Folimanka Blues jsem poprv\u00e9 zaznamenal v&nbsp;devades\u00e1t\u00fdch letech na Divadeln\u00edch pout\u00edch v&nbsp;Neratovic\u00edch. Kdy\u017e jsem pak v&nbsp;roce 2009 ve spolupr\u00e1ci s&nbsp;m\u011blnick\u00fdm kultur\u00e1kem po\u0159\u00e1dal cyklus bluesrockov\u00fdch ve\u010der\u016f Blues Night, byli jste druh\u00fdmi pozvan\u00fdmi hned po klasic\u00edch \u017e\u00e1nru Bluesberry.<\/p>\n","protected":false},"author":1,"featured_media":0,"comment_status":"open","ping_status":"open","sticky":false,"template":"","format":"standard","meta":{"ngg_post_thumbnail":0,"footnotes":""},"categories":[4,13],"tags":[],"class_list":["post-8300","post","type-post","status-publish","format-standard","hentry","category-hudba","category-rozhovory"],"_links":{"self":[{"href":"https:\/\/www.ladislavjakl.cz\/index.php?rest_route=\/wp\/v2\/posts\/8300","targetHints":{"allow":["GET"]}}],"collection":[{"href":"https:\/\/www.ladislavjakl.cz\/index.php?rest_route=\/wp\/v2\/posts"}],"about":[{"href":"https:\/\/www.ladislavjakl.cz\/index.php?rest_route=\/wp\/v2\/types\/post"}],"author":[{"embeddable":true,"href":"https:\/\/www.ladislavjakl.cz\/index.php?rest_route=\/wp\/v2\/users\/1"}],"replies":[{"embeddable":true,"href":"https:\/\/www.ladislavjakl.cz\/index.php?rest_route=%2Fwp%2Fv2%2Fcomments&post=8300"}],"version-history":[{"count":1,"href":"https:\/\/www.ladislavjakl.cz\/index.php?rest_route=\/wp\/v2\/posts\/8300\/revisions"}],"predecessor-version":[{"id":8301,"href":"https:\/\/www.ladislavjakl.cz\/index.php?rest_route=\/wp\/v2\/posts\/8300\/revisions\/8301"}],"wp:attachment":[{"href":"https:\/\/www.ladislavjakl.cz\/index.php?rest_route=%2Fwp%2Fv2%2Fmedia&parent=8300"}],"wp:term":[{"taxonomy":"category","embeddable":true,"href":"https:\/\/www.ladislavjakl.cz\/index.php?rest_route=%2Fwp%2Fv2%2Fcategories&post=8300"},{"taxonomy":"post_tag","embeddable":true,"href":"https:\/\/www.ladislavjakl.cz\/index.php?rest_route=%2Fwp%2Fv2%2Ftags&post=8300"}],"curies":[{"name":"wp","href":"https:\/\/api.w.org\/{rel}","templated":true}]}}