{"id":8325,"date":"2018-04-05T12:14:40","date_gmt":"2018-04-05T10:14:40","guid":{"rendered":"http:\/\/www.ladislavjakl.cz\/?p=8325"},"modified":"2018-08-31T12:10:55","modified_gmt":"2018-08-31T10:10:55","slug":"ladislav-jakl-pro-parlamentni-listy","status":"publish","type":"post","link":"https:\/\/www.ladislavjakl.cz\/?p=8325","title":{"rendered":"Ladislav Jakl pro Parlamentn\u00ed listy"},"content":{"rendered":"<p>Tolik napjat\u00e9 vztahy mezi Ruskem a Z\u00e1padem dost\u00e1vaj\u00ed dal\u0161\u00ed v\u00e1\u017en\u00e9 trhliny. Velk\u00e1 Brit\u00e1nie i dal\u0161\u00ed kl\u00ed\u010dov\u00e9 zem\u011b Evropsk\u00e9 unie obvi\u0148uj\u00ed Rusko, \u017ee stoj\u00ed za \u00fatokem na b\u00fdval\u00e9ho \u0161piona Sergeje Skripala a jeho dceru v anglick\u00e9m Salisbury, kter\u00fd z\u00e1sadn\u00edm zp\u016fsobem zhor\u0161il vztahy mezi ob\u011bma zem\u011bmi. Mayov\u00e1 prosadila v britsk\u00e9m parlamentu vyho\u0161t\u011bn\u00ed 23 rusk\u00fdch diplomat\u016f a dal\u0161\u00ed sankce. V reakci na vyj\u00e1d\u0159en\u00ed rusk\u00e9 diplomacie, \u017ee smrt\u00edc\u00ed jed mohl poch\u00e1zet i z&nbsp;\u010ceska, i \u010cR vyhost\u00ed pracovn\u00edky rusk\u00e9 ambas\u00e1dy\u2026<\/p>\n<p><!--more--><\/p>\n<p>Tyhle diplomatick\u00e9 tance maj\u00ed sv\u00e1 pravidla a ve sv\u011bt\u011b diplomacie jim ka\u017ed\u00fd rozum\u00ed. D\u011blaj\u00ed se zpravidla pro dom\u00e1c\u00ed ve\u0159ejnost a s&nbsp;o\u010dek\u00e1v\u00e1n\u00edm, \u017ee soupe\u0159 to pochop\u00ed. Pokud by v\u0161e prob\u00edhalo t\u00edmto zp\u016fsobem, v\u0161e se postupn\u011b urovn\u00e1 a uhraje do ztracena. Pokud m\u00e1 ale n\u011bkdo z\u00e1jem \u0161ponovat nap\u011bt\u00ed v\u00fd\u0161 a v\u00fd\u0161, je to u\u017e krajn\u011b nebezpe\u010dn\u00e9. Rozd\u00edlnost z\u00e1jm\u016f u velk\u00fdch mocnost\u00ed je p\u0159irozen\u00e1 a byla tu v\u017edy. Z\u00e1sadou ale mus\u00ed b\u00fdt v\u017edy a za v\u0161ech okolnost\u00ed spolu po\u0159\u00e1d mluvit, komunikovat, vysv\u011btlovat si. P\u0159ed o\u010dima ve\u0159ejnosti \u010di mimo n\u011b. Ale kdy\u017e se p\u0159estane komunikovat, pos\u00edl\u00ed to extr\u00e9misty na obou stran\u00e1ch a sv\u011bt se stane nebezpe\u010dn\u00fdm m\u00edstem.<\/p>\n<p><strong>Ukrajinsk\u00e1 poslankyn\u011b Nadija Sav\u010denkov\u00e1, kter\u00e1 se v&nbsp;\u010cR se\u0161la s&nbsp;Karlem Schwarzenbergem a Miroslavem Kalouskem (kter\u00fd ji v\u011bnoval d\u00fdku) \u00fadajn\u011b m\u011bla pl\u00e1novat st\u00e1tn\u00ed p\u0159evrat a zam\u00fd\u0161lela vra\u017edit poslance Vrchn\u00ed rady. V parlamentu ji z toho obvinil ukrajinsk\u00fd gener\u00e1ln\u00ed prokur\u00e1tor Jurij Lucenko. Podle prokuratury cht\u011bla pou\u017e\u00edt gran\u00e1ty, st\u0159\u00edlet z minomet\u016f a z automatick\u00fdch zbran\u00ed \u201edob\u00edt p\u0159e\u017eiv\u0161\u00ed\u201c. Sav\u010denkov\u00e1 obvin\u011bn\u00ed odm\u00edtla. Podle n\u00ed jde o v\u00e1lku tajn\u00fdch slu\u017eeb. Co si o tom mysl\u00edte?<\/strong><\/p>\n<p>Sledovat n\u011bjak moc podrobn\u011b ukrajinsk\u00e9 vnitropolitick\u00e9 d\u011bn\u00ed, to u\u017e chce trochu masochismu. Posta\u010d\u00ed se d\u00edvat z&nbsp;povzd\u00e1l\u00ed, proto\u017ee ka\u017ed\u00e1 ud\u00e1lost vlastn\u011b jen potvrd\u00ed, \u017ee od n\u00e1siln\u00e9ho st\u00e1tn\u00edho p\u0159evratu p\u0159ed \u010dty\u0159ma lety se Ukrajina pot\u00e1c\u00ed v&nbsp;nestabilit\u011b a chaosu. Dokud si bude jedna omezen\u00e1 skupina myslet, \u017ee j\u00ed mus\u00ed pat\u0159it cel\u00e1 zem a v\u0161echna moc, nebude tam klid, proto\u017ee ti ostatn\u00ed to nep\u0159ijmou. Klid m\u016f\u017ee nastat jen n\u011bjak\u00fdm kompromisem, na kter\u00fd tam ale nen\u00ed nikdo p\u0159ipraven.<\/p>\n<p>Anekdota s&nbsp;Kalouskem a Sav\u010denkovu \u2013 stejn\u011b jako d\u0159\u00edve s&nbsp;Nulandovou a Jace\u0148ukem \u2013 ale dokl\u00e1d\u00e1 absolutn\u00ed naivitu z\u00e1padn\u00edch politik\u016f, kte\u0159\u00ed si mysl\u00ed, \u017ee kdy\u017e se jim n\u011bkdo vl\u00eds\u00e1v\u00e1 do p\u0159\u00edzn\u011b, bude to ten prav\u00fd, na koho je t\u0159eba vsadit. On se ale v\u017edy vl\u00eds\u00e1v\u00e1 jen proto, \u017ee o\u010dek\u00e1v\u00e1 zahrani\u010dn\u00ed podporu v&nbsp;boji se sv\u00fdmi dom\u00e1c\u00edmi konkurenty. O ideje mu nejde. Proto v\u017edy dojde k&nbsp;p\u0159ekvapen\u00e9mu zklam\u00e1n\u00ed. Mo\u017en\u00e1 n\u011bco podobn\u00e9ho za\u017e\u00edv\u00e1me i u n\u00e1s. Mo\u017en\u00e1 i u n\u00e1s si Brusel vybral sv\u00e9 mil\u00e1\u010dky podle toho, kdo nejv\u00edc k\u0159i\u010d\u00ed eurohujersk\u00e9 fr\u00e1ze. A i v&nbsp;tomto p\u0159\u00edpad\u011b to bude s\u00e1zka na \u0161patn\u00e9 kon\u011b.&nbsp;<\/p>\n<p><strong>Studenti ned\u00e1vno protestovali ve v\u00fdstra\u017en\u00fdch st\u00e1vk\u00e1ch po cel\u00e9 republice za dodr\u017eov\u00e1n\u00ed \u00fastavn\u00edch zvyklost\u00ed. V reflexu V\u00e1clav Klaus ml. odm\u00edtl, aby se politika m\u00edchala do \u0161kol. Miroslav Kalousek pak prohl\u00e1sil, \u017ee se mu d\u011bl\u00e1 z Klause nevolno a vmetl mu, \u017ee jeho otec byl \u010dlenem prvn\u00ed polistopadov\u00e9 vl\u00e1dy, kter\u00e1 vznikla na z\u00e1klad\u011b studentsk\u00fdch protest\u016f. Bojuj\u00ed studenti za svobodu jako v&nbsp;roce 1989?<\/strong><\/p>\n<p>V\u00edte, moc bych si tu roli student\u016f te\u010f ani v&nbsp;listopadu 1989 neidealizoval. J\u00e1 byl na t\u00e9 demonstraci 17. listopadu tak\u00e9, a to u\u017e jsem d\u00e1vno studentem nebyl. A ve sv\u00e9 odrostlej\u0161\u00ed v\u011bkov\u00e9 skupin\u011b jsem tam rozhodn\u011b tehdy nebyl s\u00e1m. Pamatuju skupinu st\u0159edo\u0161kol\u00e1k\u016f na Albertov\u011b, kter\u00e1 na n\u00e1\u0161 pok\u0159ik \u201eSvobodn\u00e9 volby!\u201c reagovala heslem \u201eA\u0165 \u017eije t\u0159et\u00ed b\u00e9!\u201c Ano, z\u00e1minkou byl den studentstva, ale ofici\u00e1ln\u00edm c\u00edlem byl p\u016fvodn\u011b hrob Karla Hynka M\u00e1chy na Vy\u0161ehrad\u011b. \u017de se pak t\u00e1hlo do centra a zcela p\u0159evl\u00e1dl protire\u017eimn\u00ed charakter akce, to rozhodli mo\u017en\u00e1 sp\u00ed\u0161 ti star\u0161\u00ed v&nbsp;pr\u016fvodu.<\/p>\n<p>Kdy\u017e u\u017e jsem ale vzpomenul tehdej\u0161\u00ed heslo Svobodn\u00e9 volby, pak se mus\u00edm sv\u011b\u0159it s&nbsp;pocitem, jako kdyby se dnes demonstrovalo pod heslem Pry\u010d se svobodn\u00fdmi volbami, tedy proti v\u00fdsledk\u016fm svobodn\u00fdch voleb. V\u00e1gn\u00ed t\u00e9ma \u201edodr\u017eov\u00e1n\u00ed \u00fastavn\u00edch zvyklost\u00ed\u201c p\u0159ece nikdo nem\u016f\u017ee myslet v\u00e1\u017en\u011b.&nbsp; \u00dastavu nikdo neporu\u0161uje. Jen se n\u011bkdo neum\u00ed sm\u00ed\u0159it s&nbsp;t\u00edm, \u017ee v&nbsp;r\u00e1mci \u00dastavy se n\u011bjak\u00fd politik rozhoduje podle sv\u00e9ho, a ne na p\u0159\u00e1n\u00ed t\u011bch, co volby prohr\u00e1li. A \u00fa\u010dast \u0161kol? Cel\u00e9 \u0161kolstv\u00ed je od dob ministr\u016f za Stranu zelen\u00fdch zamo\u0159eno. D\u011bti nikdo po\u0159\u00e1dn\u011b neu\u010d\u00ed, jen je vychov\u00e1v\u00e1 v&nbsp;duchu bruselsk\u00e9 centralistick\u00e9 a ekoextr\u00e9mistick\u00e9 ideologie. Za chv\u00edli budou \u0161koly u\u010dit, \u017ee slova jako m\u00e1ma a t\u00e1ta jsou neslu\u0161n\u00e9 vulgarismy.<\/p>\n<p><strong>Nebyli tam jen st\u0159edo\u0161kol\u00e1ci a vysoko\u0161kol\u00e1ci, jak bylo vid\u011bt na videoz\u00e1znamech z n\u00e1m\u011bst\u00ed V\u00e1clava Havla. Zapojily i dvan\u00e1ctilet\u00e9 d\u011bti, kter\u00e9 se ob\u00e1vaj\u00ed toho, \u017ee n\u00e1s zp\u011bt Babi\u0161 se Zemanem \u201evrhnou do komunismu.\u201c \u010c\u00e1st videa mal\u00fdch d\u011bt\u00ed, kter\u00e9 se zapojily do st\u00e1vky, koluje, a n\u011bkte\u0159\u00ed u\u017eivatel\u00e9 internetu p\u00ed\u0161\u00ed, \u017ee je to \u201epolitick\u00e1 pedofilie.\u201c O \u010dem to sv\u011bd\u010d\u00ed, \u017ee se k politice vyjad\u0159uj\u00ed i mal\u00e9 d\u011bti a jak vid\u011bt tuto akci student\u016f?<\/strong><\/p>\n<p>V\u00edte, lidi, kte\u0159\u00ed pracuj\u00ed, plat\u00ed dan\u011b a \u0159e\u0161\u00ed denn\u00ed \u017eivotn\u00ed starosti, to nikdy nebude voli\u010dsk\u00e1 z\u00e1kladna probruselsk\u00fdch krasoduch\u016f. Zam\u011bstnanci a \u017eivnostn\u00edci se zaj\u00edmaj\u00ed o takov\u00e9 p\u0159\u00edzemn\u00ed v\u011bci, jako jsou bezpe\u010dnost, platy, omezov\u00e1n\u00ed svobody. A podle toho vol\u00ed. Proto havlistick\u00e9 s\u00edly mus\u00ed lovit v&nbsp;jin\u00fdch vod\u00e1ch. Idealistick\u00e1 ml\u00e1de\u017e, kter\u00e1 nikdy neplatila dan\u011b, ne\u0159e\u0161ila bydlen\u00ed a starost o rodinu, to je skv\u011bl\u00e9 publikum pro \u017evan\u011bn\u00ed o nov\u00e9 Evrop\u011b.<\/p>\n<p><strong>Tis\u00edce lid\u00ed rovn\u011b\u017e demonstrovaly za \u010ceskou televizi. Prezident tento protest komentoval v TV Barrandov: \u201eV\u00edte, za co ti chud\u00e1\u010dci demonstrovali? Za svobodu televize ne, ale za Kalouskovu televizi,\u201c \u0159ekl prezident, kter\u00fd to pr\u00fd dok\u00e1\u017ee jednodu\u0161e t\u00edm, \u017ee v inaugura\u010dn\u00edm projevu v\u011bnoval \u010cT pouze jednu v\u011btu, proto\u017ee za v\u00edc nestoj\u00ed a proto\u017ee m\u00e1 zpravodajstv\u00ed a publicistiku vych\u00fdlenou ve prosp\u011bch TOP 09. \u201eLid\u00e9 demonstrovali na z\u00e1klad\u011b pouze t\u00e9to jedn\u00e9 v\u011bty,\u201c uvedl. Zm\u00ednil, \u017ee nikdo \u010cT neohro\u017euje a nikdy ne\u00fato\u010dil na svobodu slova. A z \u010deho podle v\u00e1s vyplynulo z\u00e1kladn\u00ed t\u00e9ma demonstrac\u00ed, \u017ee je u n\u00e1s ohro\u017eena svoboda slova?<\/strong><\/p>\n<p>Nebudu opakovat, \u017ee prezident Zeman v\u011bnoval \u010cesk\u00e9 televizi jedin\u00fd cit\u00e1t, a to ze zpr\u00e1vy, kterou si sama \u010cesk\u00e1 televize objednala u Fakulty soci\u00e1ln\u00edch v\u011bd a kter\u00e1 vypov\u00edd\u00e1 o tenden\u010dnosti zpravodajstv\u00ed a publicistiky. \u010cesk\u00e1 televize i \u010cesk\u00fd rozhlas jsou st\u00e1tn\u00ed m\u00e9dia. Neslou\u017e\u00ed v\u0161ak v\u0161em ob\u010dan\u016fm, ale jen \u00fazk\u00e9 skupin\u011b lid\u00ed. Skupin\u011b, kter\u00e1 m\u00e1 velk\u00fd medi\u00e1ln\u00ed vliv a tak\u00e9 velkou motivaci v&nbsp;podob\u011b pen\u011bz, kter\u00e9 p\u0159ed st\u00e1tn\u00ed m\u00e9dia prot\u00e9kaj\u00ed. A je to skupina, kter\u00e1 nejm\u00e9n\u011b dvacet let t\u00edhne k&nbsp;jednomu men\u0161inov\u00e9mu politick\u00e9mu proudu: k&nbsp;havlismu.<\/p>\n<p>Tak\u017ee v\u011bt\u0161ina lid\u00ed si plat\u00ed propagandu proti sv\u00fdm z\u00e1jm\u016fm. Dokud budou st\u00e1tn\u00ed m\u00e9dia existovat, nelze zabr\u00e1nit tomu, aby si je neuchv\u00e1tila \u00fazk\u00e1 skupina. Proto takov\u00e9 m\u00e9dia nemaj\u00ed v\u016fbec existovat. St\u00e1tn\u00ed noviny tak\u00e9 nem\u00e1me a nikdo po nich nest\u016fn\u011b. P\u0159ipad\u00e1 mi ale komick\u00e9, kdy\u017e o svobod\u011b slova \u0159vou lid\u00e9, kte\u0159\u00ed maj\u00ed t\u00e9m\u011b\u0159 monopol na cel\u00fd komunika\u010dn\u00ed prostor a kte\u0159\u00ed vedou kampa\u0148 proti t\u011bm n\u011bkolika ostr\u016fvk\u016fm svobody slova na internetu, kter\u00e9 u n\u00e1s jsou.<\/p>\n<p><strong>Martin C. Putna \u0159ekl, vrahem Jana Kuciaka a jeho snoubenky v duchovn\u00edm smyslu jsou podle n\u011bj Fico a \u010desk\u00fd prezident Milo\u0161 Zeman. Oba podle n\u011bj pat\u0159\u00ed p\u0159ed soud\u2026 Co na to \u0159\u00edci?<\/strong><\/p>\n<p>J\u00e1 nebudu na Putnovy \u0161\u00edlen\u011b p\u0159est\u0159elen\u00e9 v\u00fdroky reagovat snahou o to, abych je p\u0159ebil sv\u00fdmi je\u0161t\u011b p\u0159est\u0159elen\u011bj\u0161\u00edmi. Spokoj\u00edm se jen s&nbsp;mal\u00fdm doporu\u010den\u00edm: k\u00e9\u017e by pan Putna v\u017edy, kdy\u017e se chyst\u00e1 na n\u011bkoho sprost\u011b za\u00fato\u010dit, nejd\u0159\u00edv pop\u0159em\u00fd\u0161lel o v\u00fdznamu toho sv\u00e9ho souslov\u00ed \u201educhovn\u00ed smysl\u201c.<\/p>\n<p><strong>Ma\u010farsk\u00fd premi\u00e9r Viktor Orb\u00e1n \u0159ekl, \u017ee v sou\u010dasn\u00e9m d\u011bn\u00ed na Slovensku spat\u0159uje rukopis George Sorose a jeho organizac\u00ed, kter\u00e9 podle n\u011bj \u00fato\u010d\u00ed na vl\u00e1dy zem\u00ed, je\u017e se migraci br\u00e1n\u00ed \u2013 v\u010detn\u011b Ma\u010farska, \u010ceska a Slovenska. Soros podle n\u011bj chce p\u0159em\u011bnit Evropu v kontinent migrant\u016f. Co si o tom mysl\u00edte? A souvis\u00ed protesty u n\u00e1s s&nbsp;d\u011bn\u00edm na Slovensku?<\/strong><\/p>\n<p>Na Slovensku \u0161lo o pokus vyrobit trhlinu mezi st\u00e1ty Visegr\u00e1dsk\u00e9 \u010dty\u0159ky a dosadit tam vl\u00e1du, kter\u00e1 bude slep\u011b poslouchat pokyny z&nbsp;Bruselu a Berl\u00edna a kter\u00e1 za\u010dne horliv\u011b na sv\u00e9m \u00fazem\u00ed masov\u011b vysazovat \u010dernochy a Araby. Douf\u00e1m, \u017ee to byl pokus ne\u00fasp\u011b\u0161n\u00fd.<\/p>\n<p><strong>Andrej Babi\u0161 op\u011bt prioritn\u011b vyjedn\u00e1v\u00e1 s \u010cSSD. Jen\u017ee soci\u00e1ln\u00ed demokracie si \u0159ekla o p\u011bt resort\u016f, kter\u00e9 j\u00ed evidentn\u011b ANO ned\u00e1, a pak je ve h\u0159e vnitrostranick\u00e9 referendum \u010cSSD. Jak vid\u00edte vyjedn\u00e1v\u00e1n\u00ed o vl\u00e1d\u011b? A co hrozba p\u0159ed\u010dasn\u00fdch voleb, i kdy\u017e Babi\u0161 tvrd\u00ed, \u017ee je nechce? Jak by asi dopadly?<\/strong><\/p>\n<p>Nev\u00edme kdy a za jak\u00fdch okolnost\u00ed by se p\u0159\u00edpadn\u00e9 p\u0159ed\u010dasn\u00e9 volby konaly, tak\u017ee t\u011b\u017eko p\u0159edv\u00eddat jejich v\u00fdsledek. Je ale zjevn\u00e9, \u017ee nejsou v&nbsp;z\u00e1jmu ani jedn\u00e9 parlamentn\u00ed s\u00edly. Tak\u017ee k&nbsp;n\u011bjak\u00e9 vl\u00e1d\u011b s&nbsp;v\u011bt\u0161inovou podporou to nakonec doklop\u00fdt\u00e1. U\u017e z&nbsp;v\u00fdsledku voleb bylo jasn\u00e9, \u017ee bude vl\u00e1dnout Babi\u0161 a \u017ee to nebude m\u00edt se sh\u00e1n\u011bn\u00edm podpory snadn\u00e9. Co\u017e se projevuje. J\u00e1 budu jen r\u00e1d, kdy\u017e ANO bude korigovat n\u011bjak\u00fd koali\u010dn\u00ed partner, ale byl bych rad\u011bji, kdyby to byl n\u011bkdo s&nbsp;rozhodn\u011bj\u0161\u00edm odporem k&nbsp;masov\u00e9 imigraci, ne\u017e jak\u00fd d\u00e1v\u00e1 najevo sou\u010dasn\u00e9 veden\u00ed \u010cSSD.&nbsp;<\/p>\n<p><strong>V Respektu vy\u0161el s odkazem na pr\u016fzkumy, kter\u00e9 ukazuj\u00ed posilov\u00e1n\u00ed hnut\u00ed ANO, \u010dl\u00e1nek, \u017ee t\u00e9ma antibabi\u0161 prost\u011b nefunguje. Co vlastn\u011b ud\u011blal Andrej Babi\u0161 s \u010deskou ve\u0159ejnost\u00ed? Mimochodem, p\u0159ich\u00e1z\u00ed s t\u00e9maty jako zvy\u0161ov\u00e1n\u00ed d\u016fchod\u016f, slevy na j\u00edzdn\u00e9m, obj\u00ed\u017ed\u00ed republiku a \u0159\u00edk\u00e1, co v\u0161echno zaplat\u00ed a postav\u00ed. Bude tohle d\u00e1l fungovat?<\/strong><\/p>\n<p>Babi\u0161 toho nasliboval hodn\u011b. \u017de pozav\u00edr\u00e1 zlod\u011bje, \u017ee podpo\u0159\u00ed podnik\u00e1n\u00ed, \u017ee nezv\u00fd\u0161\u00ed dan\u011b a p\u0159itom zlep\u0161\u00ed soci\u00e1ln\u00ed politiku. A \u017ee bude br\u00e1nit masov\u00e9 imigraci. Mysl\u00edm, \u017ee to v\u0161e splnit nejde. Ale n\u011bjakou dobu m\u016f\u017ee tvrdit, \u017ee na tom v\u0161em pracuje.<\/p>\n<p><strong>Co by musel ud\u011blat \u0161patn\u011b, aby ho \u010ce\u0161i m\u011bli dost?<\/strong><\/p>\n<p>Sl\u00edbit v&nbsp;Bruselu, \u017ee \u010cesk\u00e1 republika sehne hlavu a poslu\u0161n\u011b p\u0159ijme proud p\u0159ist\u011bhovalc\u016f. To by mu nepro\u0161lo a nesm\u00ed proj\u00edt. Pozor ale, aby tak ne\u010dinil pl\u00ed\u017eiv\u011b, potichu, pozvolna a nen\u00e1padn\u011b. Je t\u0159eba mu v&nbsp;tom denn\u011b koukat pod prsty.<\/p>\n<p><strong>V It\u00e1lii zv\u00edt\u011bzily strany, kter\u00e9 neskr\u00fdvaj\u00ed odpor proti Evropsk\u00e9 unii a proti migraci do Evropy. Jde o p\u0159ed\u011bl ve v\u00fdvoji EU? Ot\u0159ese se \u201eBrusel\u201c? Bude nutn\u00e9 zcela p\u0159ehodnotit nejen politiku migrace, nebo bude EU d\u00e1le stabiln\u00ed? T\u0159eba i proto, \u017ee Merkelov\u00e1 bude v N\u011bmecku d\u00e1le pokra\u010dovat. Budou \u201eantisyst\u00e9mov\u00e9\u201c, \u201epopulistick\u00e9\u201c a \u201eextremistick\u00e9\u201c strany v Evrop\u011b posilovat, nebo sl\u00e1bnout?<\/strong><\/p>\n<p>Kdo nen\u00ed slep\u00fd, u\u017e p\u0159ed mnoha lety tvrdil, \u017ee jsou dva mo\u017en\u00e9 sc\u00e9n\u00e1\u0159e. Bu\u010f se bruselsk\u00e9 elity vzpamatuj\u00ed a p\u0159estanou kr\u00e1st \u010dlensk\u00fdm zem\u00edm zbytky samostatnosti a suverenity a nutit jim sv\u00e9 zvrhl\u00e9 pl\u00e1ny, nebo se postupn\u011b za\u010dne zvedat odpor i v&nbsp;podob\u00e1ch, v&nbsp;jak\u00fdch ho nikdo nebude \u010dekat. Po t\u011bch letech u\u017e je mo\u017en\u00fd sc\u00e9n\u00e1\u0159 jen jeden. Ne, v&nbsp;Bruselu se nikdo nevzpamatuje. Naopak, je\u0161t\u011b v\u00edc tam tla\u010d\u00ed na pilu. Tak\u017ee protestn\u00ed s\u00edly budou mohutn\u011bt. V\u0161ude. A budou m\u00edt i takov\u00e9 podoby, kter\u00e9 ohroz\u00ed fungov\u00e1n\u00ed st\u00e1t\u016f v&nbsp;podob\u011b, v&nbsp;jak\u00e9 je zn\u00e1me. S&nbsp;t\u00edm ale u\u017e nikdo nic neud\u011bl\u00e1. Kdo si l\u00e9ta zacp\u00e1val u\u0161i a necht\u011bl p\u0159ehodnotit v\u016fbec nic, ten se sraz\u00ed s&nbsp;hodn\u011b tvrdou realitou.&nbsp;<\/p>\n<p><strong>\u010c\u00edm d\u00e1l v\u00edce lid\u00ed nev\u011b\u0159\u00ed Evropsk\u00e9 unii. Ve Sn\u011bmovn\u011b vznik\u00e1 iniciativa, kter\u00e1 m\u00e1 jako hlavn\u00ed c\u00edl zlep\u0161it pov\u011bdom\u00ed \u010desk\u00fdch ob\u010dan\u016f o Evropsk\u00e9 unii. Pl\u00e1nuj\u00ed se do n\u00ed zapojit poslanci v\u0161ech stran krom\u011b SPD a KS\u010cM.&nbsp;S n\u00e1vrhem vytvo\u0159it nadstranick\u00fd klub, kter\u00fd se bude zab\u00fdvat evropskou agendou, p\u0159i\u0161la m\u00edstop\u0159edsedkyn\u011b TOP 09 Mark\u00e9ta Pekarov\u00e1 Adamov\u00e1: \u201eChyb\u00ed tu hlasy, kter\u00e9 o Unii mluv\u00ed pravdiv\u011b a nedemagogicky,\u201c objasnila sv\u016fj z\u00e1m\u011br. Proevropsk\u00e9 strany o pozitivech EU pro \u010cesko informuj\u00ed m\u00e1lo nebo \u0161patn\u011b, naopak euroskeptick\u00e9 strany pr\u00fd neust\u00e1le bombarduj\u00ed ob\u010dany ne\u00fapln\u00fdmi nebo zcela nesmysln\u00fdmi informacemi. P\u0159ipome\u0148me, \u017ee olomouck\u00e1 univerzita v r\u00e1mci osv\u011bty, nejen, co se t\u00fdk\u00e1 EU, bude prost\u0159ednictv\u00edm takzvan\u00e9 Ob\u010dansk\u00e9 univerzity pos\u00edlat studenty a dobrovoln\u00edky do region\u016f. Budou lid\u00e9 naslouchat? Skon\u010d\u00ed v&nbsp;\u010cesku d\u00edky osv\u011bt\u011b, a\u0165 u\u017e od politik\u016f nebo dobrovoln\u00edk\u016f trend euroskepticismu?<\/strong><\/p>\n<p>Evropsk\u00e1 civilizace existuje stovky let. Za\u017eila u\u017e mnoho podob sv\u00e9ho uspo\u0159\u00e1d\u00e1n\u00ed a mnoho revolu\u010dn\u00edch pokus\u016f uspo\u0159\u00e1dat v\u0161e nov\u011b. Jedn\u00edm z&nbsp;takov\u00fdch pokus\u016f je evropsk\u00e1 integrace tak, jak ji bezohledn\u011b raz\u00ed Evropsk\u00e1 unie. To p\u0159ece nen\u00ed \u017e\u00e1dn\u00e1 danost, \u017e\u00e1dn\u00fd nezvratn\u00fd jedin\u00fd mo\u017en\u00fd osud. To je jeden z mnoha pl\u00e1n\u016f, jak uspo\u0159\u00e1dat vztahy na na\u0161em kontinentu. Tenhle pl\u00e1n ale selhal. EU je ekonomicky nejm\u00e9n\u011b rostouc\u00ed oblast sv\u011bta. Je to oblast, kde dramaticky ka\u017ed\u00fdm dnem ub\u00fdv\u00e1 svobody. A je prostorem, kde se realizuj\u00ed ty nejbl\u00e1zniv\u011bj\u0161\u00ed spole\u010densko-in\u017een\u00fdrsk\u00e9 experimenty.&nbsp;<\/p>\n<p>Opu\u0161t\u011bn\u00edm t\u00e9to slep\u00e9 uli\u010dky p\u0159ece Evropa neskon\u010d\u00ed. Naopak dostane novou \u0161anci. N\u011bkdy m\u00e1m pocit, \u017ee n\u00e1lepku \u201eevropsk\u00fd\u201c dost\u00e1v\u00e1 ten, kdo chce z&nbsp;Evropy ud\u011blat Afriku a Ar\u00e1bii, zat\u00edmco kdo chce zachovat Evropu evropskou, m\u00e1 n\u00e1lepku \u201eprotievropsk\u00fd\u201c. Euroskepticismus nen\u00ed ment\u00e1ln\u00ed defekt, kter\u00fd lze l\u00e9\u010dit experty z&nbsp;olomouck\u00e9 univerzity. Je to postoj zalo\u017een\u00fd na hlubok\u00e9 zku\u0161enosti. Zku\u0161enosti s&nbsp;nepoda\u0159en\u00fdm projektem zvan\u00fdm Evropsk\u00e1 unie.<\/p>\n<p><em>Luk\u00e1\u0161 Pet\u0159\u00edk, publikov\u00e1no na serveru Parlamentnilisty.cz dne 27. b\u0159ezna 2018.<\/em><\/p>\n<p><a href=\"http:\/\/institutvk.cz\/clanky\/1111.html\">Zdroj<\/a><\/p>\n","protected":false},"excerpt":{"rendered":"<p>Tolik napjat\u00e9 vztahy mezi Ruskem a Z\u00e1padem dost\u00e1vaj\u00ed dal\u0161\u00ed v\u00e1\u017en\u00e9 trhliny. Velk\u00e1 Brit\u00e1nie i dal\u0161\u00ed kl\u00ed\u010dov\u00e9 zem\u011b Evropsk\u00e9 unie obvi\u0148uj\u00ed Rusko, \u017ee stoj\u00ed za \u00fatokem na b\u00fdval\u00e9ho \u0161piona Sergeje Skripala a jeho dceru v anglick\u00e9m Salisbury, kter\u00fd z\u00e1sadn\u00edm zp\u016fsobem zhor\u0161il vztahy mezi ob\u011bma zem\u011bmi. Mayov\u00e1 prosadila v britsk\u00e9m parlamentu vyho\u0161t\u011bn\u00ed 23 rusk\u00fdch diplomat\u016f a dal\u0161\u00ed [&hellip;]<\/p>\n","protected":false},"author":1,"featured_media":0,"comment_status":"open","ping_status":"open","sticky":false,"template":"","format":"standard","meta":{"ngg_post_thumbnail":0,"footnotes":""},"categories":[22,13],"tags":[],"class_list":["post-8325","post","type-post","status-publish","format-standard","hentry","category-jakl-senator","category-rozhovory"],"_links":{"self":[{"href":"https:\/\/www.ladislavjakl.cz\/index.php?rest_route=\/wp\/v2\/posts\/8325","targetHints":{"allow":["GET"]}}],"collection":[{"href":"https:\/\/www.ladislavjakl.cz\/index.php?rest_route=\/wp\/v2\/posts"}],"about":[{"href":"https:\/\/www.ladislavjakl.cz\/index.php?rest_route=\/wp\/v2\/types\/post"}],"author":[{"embeddable":true,"href":"https:\/\/www.ladislavjakl.cz\/index.php?rest_route=\/wp\/v2\/users\/1"}],"replies":[{"embeddable":true,"href":"https:\/\/www.ladislavjakl.cz\/index.php?rest_route=%2Fwp%2Fv2%2Fcomments&post=8325"}],"version-history":[{"count":1,"href":"https:\/\/www.ladislavjakl.cz\/index.php?rest_route=\/wp\/v2\/posts\/8325\/revisions"}],"predecessor-version":[{"id":8326,"href":"https:\/\/www.ladislavjakl.cz\/index.php?rest_route=\/wp\/v2\/posts\/8325\/revisions\/8326"}],"wp:attachment":[{"href":"https:\/\/www.ladislavjakl.cz\/index.php?rest_route=%2Fwp%2Fv2%2Fmedia&parent=8325"}],"wp:term":[{"taxonomy":"category","embeddable":true,"href":"https:\/\/www.ladislavjakl.cz\/index.php?rest_route=%2Fwp%2Fv2%2Fcategories&post=8325"},{"taxonomy":"post_tag","embeddable":true,"href":"https:\/\/www.ladislavjakl.cz\/index.php?rest_route=%2Fwp%2Fv2%2Ftags&post=8325"}],"curies":[{"name":"wp","href":"https:\/\/api.w.org\/{rel}","templated":true}]}}