{"id":834,"date":"2011-03-10T09:43:26","date_gmt":"2011-03-10T08:43:26","guid":{"rendered":"http:\/\/www.ladislavjakl.cz\/?p=834"},"modified":"2011-03-10T09:44:10","modified_gmt":"2011-03-10T08:44:10","slug":"jakl-vlitnout-do-libye-smrdi-velikym-problemem","status":"publish","type":"post","link":"https:\/\/www.ladislavjakl.cz\/?p=834","title":{"rendered":"Jakl: Vl\u00edtnout do Libye smrd\u00ed velik\u00fdm probl\u00e9mem"},"content":{"rendered":"<p>Praha &#8211; Prezident V\u00e1clav  Klaus se vyslovil proti vojensk\u00e9mu z\u00e1sahu v Libyi. Odm\u00edtl tak n\u00e1zor  sv\u00e9ho p\u0159edch\u016fdce ve funkci V\u00e1clava Havla. Klaus\u016fv pohled na v\u011bc h\u00e1j\u00ed  tak\u00e9 Ladislav Jakl, \u0159editel politick\u00e9ho odboru Kancel\u00e1\u0159e prezidenta  republiky.<\/p>\n<p><!--more--><\/p>\n<p>&#8222;M\u00e1me se sna\u017eit t\u00e9 situaci porozum\u011bt a v\u011bd\u011bt o tom n\u011bco. Ale  sil\u00e1ckost, s jakou n\u011bkdo p\u0159istupuje k tomu, \u017ee v\u00ed, kdo jsou povstalci, z  jak\u00fdch skupin se skl\u00e1daj\u00ed, co je jejich c\u00edl, kdo jsou lid\u00e9 na druh\u00e9  stran\u011b, tendence do tohohle najednou vl\u00edtnout, to smrd\u00ed velik\u00fdm  probl\u00e9mem,&#8220; mysl\u00ed si Jakl, kter\u00fd byl hostem <em>Interview \u010cT24<\/em>.<\/p>\n<p>Klaus bude \u010cR v p\u00e1tek zastupovat na mimo\u0159\u00e1dn\u00e9m summitu Evropsk\u00e9 unie,  kter\u00fd se situac\u00ed v severoafrick\u00e9 zemi bude zab\u00fdvat. &#8222;Douf\u00e1m, \u017ee tam  p\u0159inese t\u00f3n varovn\u00e9ho prstu p\u0159ed zbrklost\u00ed a un\u00e1hlenost\u00ed, proto\u017ee si  m\u016f\u017eeme spo\u010d\u00edtat t\u0159i \u010dty\u0159i krize za posledn\u00edch deset let. A v\u00fdsledky  sv\u011btov\u00e9ho spole\u010denstv\u00ed jsou dost sporn\u00e9. A cena, kterou se platilo za  n\u011bkter\u00e1 z dobrodru\u017estv\u00ed a operac\u00ed, byla velik\u00e1 a porovn\u00e1vat je s v\u00fdnosy,  to nen\u00ed \u017e\u00e1dn\u00e1 sl\u00e1va,&#8220;\u00a0\u0159\u00edk\u00e1 Jakl.<\/p>\n<p>Jin\u00fd n\u00e1zor m\u00e1 ale b\u00fdval\u00fd prezident republiky V\u00e1clav Havel. Ten v rozhovoru pro Hospod\u00e1\u0159sk\u00e9 noviny (HN) uvedl, \u017ee z\u00e1sah je nutn\u00fd.<\/p>\n<p>Libyjsk\u00e9ho v\u016fdce Muammara Kadd\u00e1f\u00edho ozna\u010dil Havel za \u0161\u00edlen\u00e9ho  zlo\u010dince. Z\u00e1pad by se m\u011bl pou\u010dit ze situace v b\u00fdval\u00e9 Jugosl\u00e1vii, kde se  z\u00e1sah proti Srbsku p\u0159\u00edli\u0161 dlouho odkl\u00e1dal.<\/p>\n<p><strong>S panem exprezidentem nesouhlas\u00edm<\/strong><\/p>\n<p>Havel zd\u016fraznil, \u017ee pokud se boje budou d\u00e1le protahovat a Kadd\u00e1f\u00ed  bude p\u00e1chat dal\u0161\u00ed a dal\u0161\u00ed zlo\u010diny, bude z\u00e1sah z\u00e1padn\u00edch zem\u00ed nutn\u00fd.  &#8222;M\u016f\u017ee m\u00edt r\u016fznou podobu. Od pomoci tamn\u00edm povstalc\u016fm p\u0159es blokaci  vzdu\u0161n\u00e9ho prostoru po c\u00edlen\u00fd atak na m\u00edsta, kde se schov\u00e1v\u00e1 Kadd\u00e1f\u00ed,&#8220;  uvedl.<\/p>\n<p>&#8222;J\u00e1 s panem exprezidentem nesouhlas\u00edm v mnoha v\u011bcech. Nejfat\u00e1ln\u011bji  jsem s n\u00edm nesouhlasil v momentu, kdy cht\u011bl bombardovat B\u011blehrad, a j\u00e1 s  n\u00edm nesouhlas\u00edm ani v t\u00e9to v\u011bci,&#8220; reagoval na Havlovy v\u00fdroky Klaus.<\/p>\n<p>Co m\u00e1 ale mezin\u00e1rodn\u00ed spole\u010denstv\u00ed d\u011blat, nen\u00ed podle Ladislava Jakla  snadn\u00e9 \u0159\u00edci. &#8222;Mo\u017en\u00e1 se mus\u00ed p\u0159ipravit na humanit\u00e1rn\u00ed katastrofu. Mo\u017en\u00e1  se mus\u00ed p\u0159ipravit na velikou vlnu uprchl\u00edk\u016f, a to nejen z Libye. Proto\u017ee  Libye fungovala jako ur\u010dit\u00e1 hr\u00e1z p\u0159ed migrac\u00ed ze subsaharsk\u00e9 Afriky,&#8220;  p\u0159ipom\u00edn\u00e1 nicm\u00e9n\u011b Jakl.<\/p>\n<p><a href=\"http:\/\/www.ct24.cz\/domaci\/117521-jakl-vlitnout-do-libye-smrdi-velikym-problemem\/\" target=\"_blank\">Zdroj<\/a><\/p>\n","protected":false},"excerpt":{"rendered":"<p>Praha &#8211; Prezident V\u00e1clav Klaus se vyslovil proti vojensk\u00e9mu z\u00e1sahu v Libyi. Odm\u00edtl tak n\u00e1zor sv\u00e9ho p\u0159edch\u016fdce ve funkci V\u00e1clava Havla. Klaus\u016fv pohled na v\u011bc h\u00e1j\u00ed tak\u00e9 Ladislav Jakl, \u0159editel politick\u00e9ho odboru Kancel\u00e1\u0159e prezidenta republiky.<\/p>\n","protected":false},"author":1,"featured_media":0,"comment_status":"open","ping_status":"open","sticky":false,"template":"","format":"standard","meta":{"ngg_post_thumbnail":0,"footnotes":""},"categories":[11],"tags":[],"class_list":["post-834","post","type-post","status-publish","format-standard","hentry","category-ozvena"],"_links":{"self":[{"href":"https:\/\/www.ladislavjakl.cz\/index.php?rest_route=\/wp\/v2\/posts\/834","targetHints":{"allow":["GET"]}}],"collection":[{"href":"https:\/\/www.ladislavjakl.cz\/index.php?rest_route=\/wp\/v2\/posts"}],"about":[{"href":"https:\/\/www.ladislavjakl.cz\/index.php?rest_route=\/wp\/v2\/types\/post"}],"author":[{"embeddable":true,"href":"https:\/\/www.ladislavjakl.cz\/index.php?rest_route=\/wp\/v2\/users\/1"}],"replies":[{"embeddable":true,"href":"https:\/\/www.ladislavjakl.cz\/index.php?rest_route=%2Fwp%2Fv2%2Fcomments&post=834"}],"version-history":[{"count":2,"href":"https:\/\/www.ladislavjakl.cz\/index.php?rest_route=\/wp\/v2\/posts\/834\/revisions"}],"predecessor-version":[{"id":836,"href":"https:\/\/www.ladislavjakl.cz\/index.php?rest_route=\/wp\/v2\/posts\/834\/revisions\/836"}],"wp:attachment":[{"href":"https:\/\/www.ladislavjakl.cz\/index.php?rest_route=%2Fwp%2Fv2%2Fmedia&parent=834"}],"wp:term":[{"taxonomy":"category","embeddable":true,"href":"https:\/\/www.ladislavjakl.cz\/index.php?rest_route=%2Fwp%2Fv2%2Fcategories&post=834"},{"taxonomy":"post_tag","embeddable":true,"href":"https:\/\/www.ladislavjakl.cz\/index.php?rest_route=%2Fwp%2Fv2%2Ftags&post=834"}],"curies":[{"name":"wp","href":"https:\/\/api.w.org\/{rel}","templated":true}]}}