{"id":838,"date":"2011-03-16T15:11:40","date_gmt":"2011-03-16T14:11:40","guid":{"rendered":"http:\/\/www.ladislavjakl.cz\/?p=838"},"modified":"2011-03-16T15:11:40","modified_gmt":"2011-03-16T14:11:40","slug":"l-j-v-poradu-interview-na-ct24-o-duchodove-reforme-a-postoji-k-situaci-v-libyi","status":"publish","type":"post","link":"https:\/\/www.ladislavjakl.cz\/?p=838","title":{"rendered":"L. J. v po\u0159adu Interview na \u010cT24 o d\u016fchodov\u00e9 reform\u011b a postoji k situaci v Libyi."},"content":{"rendered":"<p><!--more--><\/p>\n<p><a href=\"http:\/\/www.ct24.cz\/vysilani\/2011\/03\/07\/10095426857-211411058040307-18:30-interview-ct24\/1\/\">http:\/\/www.ct24.cz\/vysilani\/2011\/03\/07\/10095426857-211411058040307-18:30-interview-ct24\/1\/<\/a><\/p>\n","protected":false},"excerpt":{"rendered":"","protected":false},"author":1,"featured_media":0,"comment_status":"open","ping_status":"open","sticky":false,"template":"","format":"standard","meta":{"ngg_post_thumbnail":0,"footnotes":""},"categories":[13],"tags":[],"class_list":["post-838","post","type-post","status-publish","format-standard","hentry","category-rozhovory"],"_links":{"self":[{"href":"https:\/\/www.ladislavjakl.cz\/index.php?rest_route=\/wp\/v2\/posts\/838","targetHints":{"allow":["GET"]}}],"collection":[{"href":"https:\/\/www.ladislavjakl.cz\/index.php?rest_route=\/wp\/v2\/posts"}],"about":[{"href":"https:\/\/www.ladislavjakl.cz\/index.php?rest_route=\/wp\/v2\/types\/post"}],"author":[{"embeddable":true,"href":"https:\/\/www.ladislavjakl.cz\/index.php?rest_route=\/wp\/v2\/users\/1"}],"replies":[{"embeddable":true,"href":"https:\/\/www.ladislavjakl.cz\/index.php?rest_route=%2Fwp%2Fv2%2Fcomments&post=838"}],"version-history":[{"count":1,"href":"https:\/\/www.ladislavjakl.cz\/index.php?rest_route=\/wp\/v2\/posts\/838\/revisions"}],"predecessor-version":[{"id":839,"href":"https:\/\/www.ladislavjakl.cz\/index.php?rest_route=\/wp\/v2\/posts\/838\/revisions\/839"}],"wp:attachment":[{"href":"https:\/\/www.ladislavjakl.cz\/index.php?rest_route=%2Fwp%2Fv2%2Fmedia&parent=838"}],"wp:term":[{"taxonomy":"category","embeddable":true,"href":"https:\/\/www.ladislavjakl.cz\/index.php?rest_route=%2Fwp%2Fv2%2Fcategories&post=838"},{"taxonomy":"post_tag","embeddable":true,"href":"https:\/\/www.ladislavjakl.cz\/index.php?rest_route=%2Fwp%2Fv2%2Ftags&post=838"}],"curies":[{"name":"wp","href":"https:\/\/api.w.org\/{rel}","templated":true}]}}