{"id":846,"date":"2011-03-16T15:35:38","date_gmt":"2011-03-16T14:35:38","guid":{"rendered":"http:\/\/www.ladislavjakl.cz\/?p=846"},"modified":"2011-03-16T15:35:38","modified_gmt":"2011-03-16T14:35:38","slug":"jakl-k-libyi-nemuzeme-se-tam-navezt-a-jen-tak-strilet","status":"publish","type":"post","link":"https:\/\/www.ladislavjakl.cz\/?p=846","title":{"rendered":"Jakl k Libyi: Nem\u016f\u017eeme se tam nav\u00e9zt a jen tak st\u0159\u00edlet"},"content":{"rendered":"<p><strong>Podle \u0161\u00e9fa politick\u00e9ho odboru kancel\u00e1\u0159e prezidenta republiky  Ladislava Jakla je situace v Libyi natolik slo\u017eit\u00e1, \u017ee by se \u010cesko  nem\u011blo stylizovat do role jej\u00edho spasitele.<\/strong><\/p>\n<p><strong><!--more--><\/strong><\/p>\n<p align=\"justify\">Vl\u00e1da na sv\u00e9m st\u0159ede\u010dn\u00edm jedn\u00e1n\u00ed schv\u00e1lila mand\u00e1t prezidenta V\u00e1clava  Klause pro mimo\u0159\u00e1dn\u00fd summit v Libyi. Klaus na n\u011bj pojede prosazovat  nejen sankce, ale z\u00e1rove\u0148 i pomoc t\u00e9to severoafrick\u00e9 zemi. Za intervenci  ale &#8211; tak jak ji prosazuje t\u0159eba exprezident V\u00e1clav Havel &#8211; lobbovat  nebude.<\/p>\n<p align=\"justify\">S Klausov\u00fdm mand\u00e1tem souhlas\u00ed i \u0159editel politick\u00e9ho odboru jeho  kancel\u00e1\u0159e Ladislav Jakl. &#8222;Nen\u00ed to o tom, \u017ee se tam navezeme a budeme tam  st\u0159\u00edlet,&#8220; sd\u011blil v \u010cesk\u00e9m rozhlase.<\/p>\n<p><strong>Jakl: Bu\u010fme zdr\u017eenliv\u00ed<\/strong><\/p>\n<p align=\"justify\">Podle Jakla je situace v Libyi velmi nep\u0159ehledn\u00e1, a tak nen\u00ed vhodn\u00e9 ji  nyn\u00ed \u0159e\u0161it radik\u00e1ln\u00edmi kroky. &#8222;Zdr\u017eenlivost je na m\u00edst\u011b, jde o spletitou  situaci,&#8220; \u0159ekl prezident\u016fv pod\u0159\u00edzen\u00fd v rozhlase s t\u00edm, \u017ee je t\u0159eba  vy\u010dkat, jak se situace v severn\u00ed Africe d\u00e1le vyvine. A\u017e ve chv\u00edli, kdy  se vyhrot\u00ed, by pr\u00fd bylo vhodn\u00e9 p\u0159ikro\u010dit k radik\u00e1ln\u00edm krok\u016fm.<\/p>\n<p align=\"justify\">\u010cesk\u00e1 republika nav\u00edc podle Jakla nen\u00ed st\u00e1tem, kter\u00fd by m\u011bl jak\u00e9koli  z\u00e1sadn\u00ed zm\u011bny pl\u00e1novan\u00e9ho postupu evropsk\u00fdch i dal\u0161\u00edch zem\u00ed iniciovat.  &#8222;\u010cR nen\u00ed zem\u011b, kter\u00e1 by si m\u011bla hr\u00e1t na sv\u011btov\u00e9ho \u010detn\u00edka,&#8220; prohl\u00e1sil  \u0159editel politick\u00e9ho odboru prezidenta republiky.<\/p>\n<p align=\"justify\"><strong>\u010cesko nat\u00e1hne pomocnou ruku. A\u017e p\u0159ijde \u010das<\/strong><\/p>\n<p align=\"justify\">Ten ale obyvatel\u016fm Libye p\u0159es rozhlas sl\u00edbil, \u017ee ve chv\u00edli, kdy se  situace uklidn\u00ed, po\u0161le jim \u010cesko pomoc. &#8222;Kdyby to bylo mocensky  klidn\u011bj\u0161\u00ed, \u010cesko\u00a0 pomoc nab\u00eddne,&#8220; uzav\u0159el Jakl.<\/p>\n<p align=\"justify\">Libyjsk\u00e9 nepokoje a protesty proti tam\u011bj\u0161\u00edmu v\u016fdci Muammaru Kadd\u00e1f\u00edmu  trvaj\u00ed u\u017e n\u011bkolik t\u00fddn\u016f. Za tu dobu st\u00e1ly \u017eivoty stovek lid\u00ed, v\u00fdsledek  v\u0161ak nep\u0159inesly.<\/p>\n<p align=\"justify\"><a href=\"http:\/\/www.parlamentnilisty.cz\/arena\/monitor\/190953.aspx\" target=\"_blank\">Zdroj<\/a><\/p>\n","protected":false},"excerpt":{"rendered":"<p>Podle \u0161\u00e9fa politick\u00e9ho odboru kancel\u00e1\u0159e prezidenta republiky Ladislava Jakla je situace v Libyi natolik slo\u017eit\u00e1, \u017ee by se \u010cesko nem\u011blo stylizovat do role jej\u00edho spasitele.<\/p>\n","protected":false},"author":1,"featured_media":0,"comment_status":"open","ping_status":"open","sticky":false,"template":"","format":"standard","meta":{"ngg_post_thumbnail":0,"footnotes":""},"categories":[11],"tags":[],"class_list":["post-846","post","type-post","status-publish","format-standard","hentry","category-ozvena"],"_links":{"self":[{"href":"https:\/\/www.ladislavjakl.cz\/index.php?rest_route=\/wp\/v2\/posts\/846","targetHints":{"allow":["GET"]}}],"collection":[{"href":"https:\/\/www.ladislavjakl.cz\/index.php?rest_route=\/wp\/v2\/posts"}],"about":[{"href":"https:\/\/www.ladislavjakl.cz\/index.php?rest_route=\/wp\/v2\/types\/post"}],"author":[{"embeddable":true,"href":"https:\/\/www.ladislavjakl.cz\/index.php?rest_route=\/wp\/v2\/users\/1"}],"replies":[{"embeddable":true,"href":"https:\/\/www.ladislavjakl.cz\/index.php?rest_route=%2Fwp%2Fv2%2Fcomments&post=846"}],"version-history":[{"count":1,"href":"https:\/\/www.ladislavjakl.cz\/index.php?rest_route=\/wp\/v2\/posts\/846\/revisions"}],"predecessor-version":[{"id":847,"href":"https:\/\/www.ladislavjakl.cz\/index.php?rest_route=\/wp\/v2\/posts\/846\/revisions\/847"}],"wp:attachment":[{"href":"https:\/\/www.ladislavjakl.cz\/index.php?rest_route=%2Fwp%2Fv2%2Fmedia&parent=846"}],"wp:term":[{"taxonomy":"category","embeddable":true,"href":"https:\/\/www.ladislavjakl.cz\/index.php?rest_route=%2Fwp%2Fv2%2Fcategories&post=846"},{"taxonomy":"post_tag","embeddable":true,"href":"https:\/\/www.ladislavjakl.cz\/index.php?rest_route=%2Fwp%2Fv2%2Ftags&post=846"}],"curies":[{"name":"wp","href":"https:\/\/api.w.org\/{rel}","templated":true}]}}