{"id":848,"date":"2011-03-16T15:37:00","date_gmt":"2011-03-16T14:37:00","guid":{"rendered":"http:\/\/www.ladislavjakl.cz\/?p=848"},"modified":"2011-03-16T15:37:00","modified_gmt":"2011-03-16T14:37:00","slug":"jakl-klausovi-bych-navrhl-aby-duchodovou-reformu-vratil","status":"publish","type":"post","link":"https:\/\/www.ladislavjakl.cz\/?p=848","title":{"rendered":"Jakl: Klausovi bych navrhl, aby d\u016fchodovou reformu vr\u00e1til"},"content":{"rendered":"<p>Pokud vl\u00e1da nezm\u011bn\u00ed sv\u016fj pl\u00e1n d\u016fchodov\u00e9 reformy spojen\u00e9 se zv\u00fd\u0161en\u00edm DPH,  prezident\u016fv tajemn\u00edk Ladislav Jakl by V\u00e1clavu Klausovi navrhl, aby  p\u0159\u00edslu\u0161n\u00e9 z\u00e1kony vr\u00e1til.<\/p>\n<p><!--more--><\/p>\n<p>Jakl ve st\u0159edu uvedl, \u017ee Klaus nikdy dop\u0159edu neavizuje, zda ten \u010di onen z\u00e1kon podep\u00ed\u0161e. \u201eJ\u00e1 bych byl ur\u010dit\u011b t\u00edm, kter\u00fd by navrhoval, aby to vr\u00e1til. Aby umo\u017enil tu debatu je\u0161t\u011b alespo\u0148 jednou p\u0159ehodnotit a n\u011bco si z t\u00e9 debaty vz\u00edt,\u201c \u0159ekl Jakl v Radio\u017eurn\u00e1lu.<\/p>\n<p>Pokud by v\u0161ak koalice byla jednotn\u00e1, m\u016f\u017ee sv\u00fdmi 118 hlasy ve 200\u010dlenn\u00e9 Sn\u011bmovn\u011b p\u0159\u00edpadn\u00e9 prezidentsk\u00e9 veto snadno p\u0159ehlasovat.<\/p>\n<p>Jakl si p\u0159itom nemysl\u00ed, \u017ee se Klaus do takov\u00e9 situace dostane, \u201eproto\u017ee z vl\u00e1dy i z p\u0159\u00edslu\u0161n\u00e9ho ministerstva u\u017e zazn\u00edvaj\u00ed hlasy, \u017ee n\u011bco na t\u00e9 prezidentov\u011b kritice bude a \u017ee by bylo dobr\u00e9 je\u0161t\u011b n\u011bkter\u00e9 v\u011bci znovu prodebatovat\u201c, uvedl prezident\u016fv tajemn\u00edk.<br \/>\nKlaus podle Jakla opozici nenahr\u00e1v\u00e1<\/p>\n<p>Podle Jakla by te\u010f vl\u00e1da m\u011bla couvnout \u201eo t\u0159i kroky zp\u00e1tky\u201c a bu\u010f vyjasnit vztah mezi poplatn\u00edkem, d\u016fchodcem a st\u00e1tem, a nebo rad\u011bji ned\u011blat \u017e\u00e1dnou reformu a pouze sou\u010dasn\u00fd syst\u00e9m upravit v n\u011bkolika parametrech.<\/p>\n<p>Hrad kabinetu vy\u010d\u00edt\u00e1, \u017ee pr\u00fd nebylo \u0159e\u010deno, zda st\u00e1t v budoucnu lidem nech\u00e1 v\u00edc pen\u011bz, aby se mohli na d\u016fchod p\u0159ipravit, nebo zda se chce \u201ei nad\u00e1le starat o na\u0161e dobra\u201c.<\/p>\n<p>\u201eVl\u00e1da vlastn\u011b signalizuje mlad\u00fdm t\u0159iceti p\u011btat\u0159icetilet\u00fdm: nemus\u00edte spo\u0159it, investovat, proto\u017ee vl\u00e1da to ud\u011bl\u00e1 t\u00edm, \u017ee vycuc\u00e1 od v\u0161ech lid\u00ed pen\u00edze,\u201c poznamenal Jakl.<\/p>\n<p>Prezident\u016fv tajemn\u00edk jednozna\u010dn\u011b odm\u00edtl, \u017ee by Klaus nyn\u00ed nahr\u00e1val opozici. Je\u0161t\u011b ned\u00e1vno byl podle n\u011bj kritizov\u00e1n, \u017ee p\u0159\u00edli\u0161 stran\u00ed vl\u00e1d\u011b. \u201eMysl\u00edm, \u017ee na to pan prezident ka\u0161le,\u201c dodal Jakl.<\/p>\n<p><a href=\"http:\/\/www.novinky.cz\/domaci\/227361-jakl-klausovi-bych-navrhl-aby-duchodovou-reformu-vratil.html\" target=\"_blank\">Zdroj<\/a><\/p>\n","protected":false},"excerpt":{"rendered":"<p>Pokud vl\u00e1da nezm\u011bn\u00ed sv\u016fj pl\u00e1n d\u016fchodov\u00e9 reformy spojen\u00e9 se zv\u00fd\u0161en\u00edm DPH, prezident\u016fv tajemn\u00edk Ladislav Jakl by V\u00e1clavu Klausovi navrhl, aby p\u0159\u00edslu\u0161n\u00e9 z\u00e1kony vr\u00e1til.<\/p>\n","protected":false},"author":1,"featured_media":0,"comment_status":"open","ping_status":"open","sticky":false,"template":"","format":"standard","meta":{"ngg_post_thumbnail":0,"footnotes":""},"categories":[11],"tags":[],"class_list":["post-848","post","type-post","status-publish","format-standard","hentry","category-ozvena"],"_links":{"self":[{"href":"https:\/\/www.ladislavjakl.cz\/index.php?rest_route=\/wp\/v2\/posts\/848","targetHints":{"allow":["GET"]}}],"collection":[{"href":"https:\/\/www.ladislavjakl.cz\/index.php?rest_route=\/wp\/v2\/posts"}],"about":[{"href":"https:\/\/www.ladislavjakl.cz\/index.php?rest_route=\/wp\/v2\/types\/post"}],"author":[{"embeddable":true,"href":"https:\/\/www.ladislavjakl.cz\/index.php?rest_route=\/wp\/v2\/users\/1"}],"replies":[{"embeddable":true,"href":"https:\/\/www.ladislavjakl.cz\/index.php?rest_route=%2Fwp%2Fv2%2Fcomments&post=848"}],"version-history":[{"count":2,"href":"https:\/\/www.ladislavjakl.cz\/index.php?rest_route=\/wp\/v2\/posts\/848\/revisions"}],"predecessor-version":[{"id":850,"href":"https:\/\/www.ladislavjakl.cz\/index.php?rest_route=\/wp\/v2\/posts\/848\/revisions\/850"}],"wp:attachment":[{"href":"https:\/\/www.ladislavjakl.cz\/index.php?rest_route=%2Fwp%2Fv2%2Fmedia&parent=848"}],"wp:term":[{"taxonomy":"category","embeddable":true,"href":"https:\/\/www.ladislavjakl.cz\/index.php?rest_route=%2Fwp%2Fv2%2Fcategories&post=848"},{"taxonomy":"post_tag","embeddable":true,"href":"https:\/\/www.ladislavjakl.cz\/index.php?rest_route=%2Fwp%2Fv2%2Ftags&post=848"}],"curies":[{"name":"wp","href":"https:\/\/api.w.org\/{rel}","templated":true}]}}