{"id":8491,"date":"2018-05-10T10:33:10","date_gmt":"2018-05-10T08:33:10","guid":{"rendered":"http:\/\/www.ladislavjakl.cz\/?p=8491"},"modified":"2018-05-16T13:51:18","modified_gmt":"2018-05-16T11:51:18","slug":"4-2018-zmlsani-porotci-krutoprisne-trestali","status":"publish","type":"post","link":"https:\/\/www.ladislavjakl.cz\/?p=8491","title":{"rendered":"4\/2018 Zmlsan\u00ed porotci krutop\u0159\u00edsn\u011b trestali"},"content":{"rendered":"<p>Ve zna\u010dn\u011b kombinovan\u00e9 sestav\u011b zasedli porotci Prvn\u00ed pivn\u00ed extraligy ke 4.z\u00e1kladn\u00edmu kolu sout\u011b\u017ee o le\u017e\u00e1k roku 2018. Ze seance se toti\u017e omluvili hned \u010dty\u0159i \u0159\u00e1dn\u00ed \u010dlenov\u00e9 PPE, co\u017e ov\u0161em neznamen\u00e1, \u017ee by t\u00edm \u00farove\u0148 ve\u010dera n\u011bjak utrp\u011bla, nebo\u0165 povolan\u00e9 rezervy se sv\u00e9 role zhostily v\u00edce ne\u017e d\u016fstojn\u011b.<\/p>\n<p><!--more--><\/p>\n<p>Pr\u016fb\u011bh samotn\u00e9 degustace ov\u0161em porotu trochu zasko\u010dil, nutno toti\u017e konstatovat, \u017ee p\u0159edlo\u017een\u00e9 vzorky tentokr\u00e1t vykazovaly v\u00edce vad ne\u017e b\u00fdv\u00e1 obvykl\u00e9.. O r\u016fzn\u00e9 ne\u0161vary, kter\u00e9 se ob\u010das v \u010desk\u00fdch le\u017e\u00e1c\u00edch vyskytuj\u00ed, nebyla nouze, od diacetylu p\u0159es r\u016fzn\u00e9 sklepn\u00ed v\u016fn\u011b a\u017e k podez\u0159en\u00ed, \u017ee si v jednom pivu vym\u00e1chal podsl\u00e1dek smradlav\u00fd fusekle.<\/p>\n<p>A tak nebyla nouze o p\u0159\u00edsn\u00e1 hodnocen\u00ed. Mnoz\u00ed porotci nav\u00edc vyu\u017eili p\u0159edchoz\u00ed prodlou\u017een\u00fd filipojakubsk\u00fd v\u00edkend k n\u00e1v\u0161t\u011bv\u011b r\u016fzn\u00fdch pivn\u00edch festival\u016f doma i v zahrani\u010d\u00ed a tak se dostavili k degustaci s jaz\u00fd\u010dky \u0159\u00e1dn\u011b chlupat\u00fdmi&nbsp; a s poh\u00e1rky je\u0161t\u011b pln\u00fdmi r\u016fzn\u00fdch belgi\u010dan\u016f, ipi\u010dek, stout\u016f a kdov\u00ed\u010deho je\u0161t\u011b.<\/p>\n<p>A podpr\u016fm\u011brn\u00e1 \u00farove\u0148 p\u0159edlo\u017een\u00fdch vzork\u016f vedla zmlsan\u00e9 porotce k tomu, \u017ee ru\u010de naslinili tu\u017eky a za\u010dali ps\u00e1t hanliv\u00e9 pozn\u00e1mky, a\u017e od pap\u00edru jiskry l\u00e9taly.<\/p>\n<p>V\u00fdsledkem pak bylo, \u017ee k postupu ze \u010dtvrt\u00e9ho m\u00edsta sta\u010dilo hanebn\u00fdch 38 bod\u016f, v\u00edt\u011bzn\u00e9 t\u0159i vzorky pak z\u00edskaly o pouh\u00fd bod m\u00e9n\u011b, tj. 37, co\u017e by jindy sta\u010dilo tak na sedm\u00e9 nebo osm\u00e9 m\u00edsto. Zaj\u00edmavost\u00ed ov\u0161em je, \u017ee p\u0159es tristn\u00ed v\u00fdsledky postupuj\u00ed do semifin\u00e1le hned t\u0159i vzorky ze \u010dty\u0159 tzv. nasazen\u00fdch, o \u010dtvrt\u00e9m postupuj\u00edc\u00edm musel rozhodnout&nbsp; rozpij.<\/p>\n<p>5. z\u00e1kladn\u00ed kolo se bude konat op\u011bt v Prvn\u00ed Pivn\u00ed Tramwayi dne 16.5.2018 a jako v\u017edy bude ve\u0159ejn\u011b p\u0159\u00edstupn\u00e9.<\/p>\n<p><strong>V\u00fdsledky 4. kola<\/strong><\/p>\n<table width=\"348\">\n<tbody>\n<tr>\n<td width=\"64\">1. \u2013 3.<\/td>\n<td width=\"198\">Chodovar Chodov\u00e1 Plan\u00e1<\/td>\n<td width=\"64\">37<\/td>\n<\/tr>\n<tr>\n<td>1. \u2013 3.<\/td>\n<td>B\u0159ez\u0148\u00e1k Velk\u00e9 B\u0159ezno<\/td>\n<td>37<\/td>\n<\/tr>\n<tr>\n<td>1. \u2013 3.<\/td>\n<td>Pilsner Urquell<\/td>\n<td>37<\/td>\n<\/tr>\n<tr>\n<td>4.<\/td>\n<td>Staropramen (rozpij)<\/td>\n<td>38<\/td>\n<\/tr>\n<tr>\n<td>5.<\/td>\n<td>Starobrno (rozpij)<\/td>\n<td>38<\/td>\n<\/tr>\n<tr>\n<td>6. \u2013 7.<\/td>\n<td>Hubertus K\u00e1cov<\/td>\n<td>39<\/td>\n<\/tr>\n<tr>\n<td>6. \u2013 7.<\/td>\n<td>V\u00e9voda Vysok\u00fd Chlumec<\/td>\n<td>39<\/td>\n<\/tr>\n<tr>\n<td>8. \u2013 9.<\/td>\n<td>Otavsk\u00fd Zlat\u00fd Strakonice<\/td>\n<td>44<\/td>\n<\/tr>\n<tr>\n<td>8. \u2013 9.<\/td>\n<td>Bernard Humpolec<\/td>\n<td>44<\/td>\n<\/tr>\n<tr>\n<td>10.<\/td>\n<td>Platan Protiv\u00edn<\/td>\n<td>47<\/td>\n<\/tr>\n<\/tbody>\n<\/table>\n<p>&nbsp;<\/p>\nngg_shortcode_0_placeholder\n<p><a href=\"http:\/\/www.prvnipivniextraliga.cz\/cesky-lezak\/4-2018-zmlsani-porotci-krutoprisne-trestali\/\">Zdroj<\/a><\/p>\n","protected":false},"excerpt":{"rendered":"<p>Ve zna\u010dn\u011b kombinovan\u00e9 sestav\u011b zasedli porotci Prvn\u00ed pivn\u00ed extraligy ke 4.z\u00e1kladn\u00edmu kolu sout\u011b\u017ee o le\u017e\u00e1k roku 2018. Ze seance se toti\u017e omluvili hned \u010dty\u0159i \u0159\u00e1dn\u00ed \u010dlenov\u00e9 PPE, co\u017e ov\u0161em neznamen\u00e1, \u017ee by t\u00edm \u00farove\u0148 ve\u010dera n\u011bjak utrp\u011bla, nebo\u0165 povolan\u00e9 rezervy se sv\u00e9 role zhostily v\u00edce ne\u017e d\u016fstojn\u011b.<\/p>\n","protected":false},"author":1,"featured_media":0,"comment_status":"open","ping_status":"open","sticky":false,"template":"","format":"standard","meta":{"ngg_post_thumbnail":0,"footnotes":""},"categories":[11,20],"tags":[],"class_list":["post-8491","post","type-post","status-publish","format-standard","hentry","category-ozvena","category-pivo"],"_links":{"self":[{"href":"https:\/\/www.ladislavjakl.cz\/index.php?rest_route=\/wp\/v2\/posts\/8491","targetHints":{"allow":["GET"]}}],"collection":[{"href":"https:\/\/www.ladislavjakl.cz\/index.php?rest_route=\/wp\/v2\/posts"}],"about":[{"href":"https:\/\/www.ladislavjakl.cz\/index.php?rest_route=\/wp\/v2\/types\/post"}],"author":[{"embeddable":true,"href":"https:\/\/www.ladislavjakl.cz\/index.php?rest_route=\/wp\/v2\/users\/1"}],"replies":[{"embeddable":true,"href":"https:\/\/www.ladislavjakl.cz\/index.php?rest_route=%2Fwp%2Fv2%2Fcomments&post=8491"}],"version-history":[{"count":2,"href":"https:\/\/www.ladislavjakl.cz\/index.php?rest_route=\/wp\/v2\/posts\/8491\/revisions"}],"predecessor-version":[{"id":8554,"href":"https:\/\/www.ladislavjakl.cz\/index.php?rest_route=\/wp\/v2\/posts\/8491\/revisions\/8554"}],"wp:attachment":[{"href":"https:\/\/www.ladislavjakl.cz\/index.php?rest_route=%2Fwp%2Fv2%2Fmedia&parent=8491"}],"wp:term":[{"taxonomy":"category","embeddable":true,"href":"https:\/\/www.ladislavjakl.cz\/index.php?rest_route=%2Fwp%2Fv2%2Fcategories&post=8491"},{"taxonomy":"post_tag","embeddable":true,"href":"https:\/\/www.ladislavjakl.cz\/index.php?rest_route=%2Fwp%2Fv2%2Ftags&post=8491"}],"curies":[{"name":"wp","href":"https:\/\/api.w.org\/{rel}","templated":true}]}}