{"id":851,"date":"2011-03-16T15:45:48","date_gmt":"2011-03-16T14:45:48","guid":{"rendered":"http:\/\/www.ladislavjakl.cz\/?p=851"},"modified":"2011-03-16T15:45:48","modified_gmt":"2011-03-16T14:45:48","slug":"jak-pracuje-publicistika-ceske-televize","status":"publish","type":"post","link":"https:\/\/www.ladislavjakl.cz\/?p=851","title":{"rendered":"Jak pracuje publicistika \u010cesk\u00e9 televize"},"content":{"rendered":"<p>Po\u0159ad \u010cesk\u00e9 televize 168 hodin m\u011b dva dny \u017e\u00e1dal o vyj\u00e1d\u0159en\u00ed k d\u016fchodov\u00e9 reform\u011b. Moc se mi do toho necht\u011blo, m\u00e1m s t\u00edm po\u0159adem smutnou zku\u0161enost. Je nezaj\u00edmaj\u00ed fakta, maj\u00ed p\u0159edem stanoven\u00fd sc\u00e9n\u00e1\u0159, jak m\u00e1 repot\u00e1\u017e vyzn\u00edt, a pak\u00a0ho jen do stanoven\u00e9 podoby vypl\u0148uj\u00ed materi\u00e1lem. Necht\u011bj\u00ed se nic dov\u011bd\u011bt, v\u0161echno v\u011bd\u00ed u\u017e na za\u010d\u00e1tku, pot\u0159ebuj\u00ed jen potvrzen\u00ed sv\u00fdch v\u00fdchoz\u00edch tez\u00ed.<\/p>\n<p><!--more--><\/p>\n<p>A pak z nato\u010den\u00e9ho daj\u00ed a uprav\u00ed jen to, co jako potvrzen\u00ed bude fungovat. Odpov\u011bd\u011bl jsem, \u017ee z patn\u00e1ctiminutov\u00e9ho pov\u00edd\u00e1n\u00ed daj\u00ed jen jednu v\u011btu a je\u0161t\u011b k tomu pozp\u00e1tku.<\/p>\n<p>Redaktor Va\u0161ek mi poslal n\u011bkolik ubezpe\u010dovac\u00edch SMS, jak \u010dist\u00e9 jsou jejich \u00famysly.<\/p>\n<p><strong>T\u0159eba tuto:<\/strong><\/p>\n<p>My se v\u00e1m \u010dasov\u011b p\u0159izp\u016fsob\u00edme. M\u016f\u017eeme se sej\u00edt u v\u00e1s, u n\u00e1s i jinde. Zdr\u017e\u00edme v\u00e1s max. 15 minut. Ur\u010dit\u011b z\u00a0toho nebude jedna v\u011bta a ur\u010dit\u011b nebude pozp\u00e1tku. Jde n\u00e1m o seri\u00f3zn\u00ed vysv\u011btlen\u00ed prezidentov\u00fdch\u00a0 pohnutek, pro\u010d se takto v\u00fdrazn\u011b vlo\u017eil do debaty o penzijn\u00ed reform\u011b, co\u017e z\u00a0n\u011bj ud\u011blalo d\u016fle\u017eit\u00e9ho hr\u00e1\u010de p\u0159i definov\u00e1n\u00ed reformn\u00edch zm\u011bn.<\/p>\n<p><strong>No, nakonec jsem se dal p\u0159emluvit, ale nic jsem si od toho nesliboval.<\/strong><\/p>\n<p><strong>V\u00fdsledek jsem panu redaktorovi komentoval takto:<\/strong><\/p>\n<p>Celkem to dopadlo podle m\u00fdch p\u0159edstav. Sama debata o d\u016fchodov\u00e9 reform\u011b \u010ceskou televizi nezaj\u00edmala. Pot\u0159ebovala pouze materi\u00e1l k\u00a0podpo\u0159e sv\u00e9 \u00favodn\u00ed teze: sugesce jak\u00fdchsi skryt\u00fdch temn\u00fdch motiv\u016f prezidentov\u00fdch. \u017de by n\u011bkdo \u0159\u00edkal n\u011bco prost\u011b z\u00a0toho d\u016fvodu, proto\u017ee to pova\u017euje za spr\u00e1vn\u00e9, je a\u017e to posledn\u00ed, co jist\u00fd typ novin\u00e1\u0159e napadne. V\u00a0tomto smyslu jste splnil zad\u00e1n\u00ed. Nejsem zklam\u00e1n, p\u0159esn\u011b tak jsem to \u010dekal. Po troj\u00edm opakov\u00e1n\u00ed ot\u00e1zky, jestli je nov\u00fd n\u00e1vrh vl\u00e1dy v\u00edt\u011bzstv\u00edm prezidentov\u00fdm, t\u00edm sp\u00ed\u0161. L.J.<\/p>\n<p>Koneckonc\u016f, zde je to k vid\u011bn\u00ed:<\/p>\n<p><a title=\"http:\/\/www.ct24.cz\/vysilani\/10117034229-168-hodin\/\" href=\"http:\/\/www.ct24.cz\/vysilani\/10117034229-168-hodin\/\"><strong>http:\/\/www.ct24.cz\/vysilani\/10117034229-168-hodin\/<\/strong><\/a><\/p>\n<p>1. Kdo je \u0161\u00e9f?<\/p>\n<p>\u010cT 1 | 13.03.2011 | 168 hodin<\/p>\n<p>Moder\u00e1tor: Nora Fridrichov\u00e1<\/p>\n<p>Host\u00e9: Petr Ne\u010das, Radek John, V\u00edt B\u00e1rta, V\u00e1clav Klaus, Petr Fischer, Bohumil Dole\u017eal, Ladislav Jakl, Tom\u00e1\u0161 Je\u017eek<\/p>\n<p>Moder\u00e1tor:<\/p>\n<p>Kdo \u0159\u00edd\u00ed tuto zemi a kdo jen klade v\u011bnce? Po t\u00fddnu verb\u00e1ln\u00ed akrobacie vl\u00e1dn\u00edho kabinetu m\u00e1me stran tohoto st\u00e1le v\u011bt\u0161\u00ed pochybnosti. Handrkov\u00e1n\u00ed o v\u00fd\u0161i DPH m\u00e1 p\u0159edem jasn\u00e9ho v\u00edt\u011bze i jasn\u00e9ho pora\u017een\u00e9ho. Ne\u010das, nebo Klaus? No h\u00e1dejte. S Petrem Va\u0161kem.<\/p>\n<p>Petr Ne\u010das \/ODS\/, p\u0159edseda vl\u00e1dy (2. 3. 2011):<\/p>\n<p>My jsme vlastn\u011b to&#8230; tu dohodu posv\u011btili i z politick\u00e9ho hlediska.<\/p>\n<p>Radek John, ministr vnitra (2. 3. 2011):<\/p>\n<p>Nep\u0159ijdou \u017e\u00e1dn\u00e9 dal\u0161\u00ed diskuse. To, co bylo vyjedn\u00e1no, bylo vyjedn\u00e1no.<\/p>\n<p>Petr Ne\u010das \/ODS\/, p\u0159edseda vl\u00e1dy (10. 3. 2011):<\/p>\n<p>Dohodli jsme se na n\u00e1sleduj\u00edc\u00edch \u00faprav\u00e1ch.<\/p>\n<p>V\u00edt B\u00e1rta \/VV\/, ministr dopravy (10. 3. 2011):<\/p>\n<p>D\u011bkujeme koali\u010dn\u00edm partner\u016fm za to, \u017ee jsme d\u00e1le hledali shodu.<\/p>\n<p>Autor:<\/p>\n<p>Je\u0161t\u011b nikdy v historii nezm\u011bnila \u017e\u00e1dn\u00e1 vl\u00e1da sv\u016fj n\u00e1zor na dan\u011b tak rychle jako t\u00fdm Petra Ne\u010dase. Jeho dohodu o DPH rozmetal b\u011bhem t\u00fddne jedin\u00fd mu\u017e &#8211; V\u00e1clav Klaus.<\/p>\n<p>V\u00e1clav Klaus, prezident \u010cR:<\/p>\n<p>Komunikace t\u00e9 reformy, dom\u00fd\u0161len\u00ed t\u00e9 reformy, prom\u00fd\u0161len\u00ed v\u0161ech souvislost\u00ed nen\u00ed v po\u0159\u00e1dku.<\/p>\n<p>Autor:<\/p>\n<p>Sta\u010dilo mu k tomu velmi m\u00e1lo &#8211; napadnout reformu na autogrami\u00e1d\u011b sv\u00e9 knihy a napsat do novin t\u0159i kritick\u00e9 \u010dl\u00e1nky. Do dan\u00ed si p\u0159itom zat\u00edm \u017e\u00e1dn\u00fd premi\u00e9r v \u010cesku od prezidenta mluvit nenechal.<\/p>\n<p>Petr Fischer, analytik Zpravodajstv\u00ed \u010cesk\u00e9 televize:<\/p>\n<p>Je to ur\u010dit\u011b v\u00edt\u011bzstv\u00ed V\u00e1clava Klause, proto\u017ee tu agendu vr\u00e1til vl\u00e1d\u011b a ona ji poopravila. Mysl\u00edm si, \u017ee to nen\u00ed p\u0159\u00edli\u0161 d\u016fstojn\u00e9 pro vl\u00e1du, kdy\u017e u\u017e se jednou dohodla na n\u011b\u010dem, aby to opravovala kv\u016fli tomu, \u017ee vystoupil prezident.<\/p>\n<p>Autor: Klaus tak uk\u00e1zal, kdo tady skute\u010dn\u011b vl\u00e1dne, a Ne\u010das \u017ee si vedle n\u011bj neum\u00ed prosadit svou. Za to, aby m\u011bl na rozd\u00edl t\u0159eba od p\u0159edch\u016fdce Topol\u00e1nka s prezidentem dobr\u00e9 vztahy, ten plat\u00ed vysokou cenu.<\/p>\n<p>Bohumil Dole\u017eal, politolog, b\u00fdval\u00fd poradce V. Klause:<\/p>\n<p>Je vid\u011bt, \u017ee se mu to prost\u011b stra\u0161n\u011b nevyplatilo, proto\u017ee podal panu prezidentovi prst\u00ed\u010dek.<\/p>\n<p>Autor:<\/p>\n<p>Je\u0161t\u011b v prosinci p\u0159itom prezident Ne\u010dase ozna\u010doval, cituji &#8222;za optim\u00e1ln\u00edho premi\u00e9ra\u201d. Te\u010f ale vyu\u017eije ka\u017ed\u00e9 p\u0159\u00edle\u017eitosti, aby Ne\u010dasovi p\u0159ipomn\u011bl, jak to d\u011bl\u00e1 \u0161patn\u011b.<\/p>\n<p>V\u00e1clav Klaus, prezident \u010cR:<\/p>\n<p>Ta vl\u00e1da je m\u00e1lo razantn\u00ed, m\u00e1lo pr\u016frazn\u00e1, m\u00e1lo z\u0159eteln\u00e1, a to je to, co chyb\u00ed i mn\u011b na t\u00e9to vl\u00e1d\u011b.<\/p>\n<p>Autor:<\/p>\n<p>A co na to Petr Ne\u010das? Vzkazuje prezidentovi, \u017ee premi\u00e9rem je tu on, tak a\u0165 mu do toho nemluv\u00ed? Ne. Prav\u00fd opak. Kritiku pokorn\u011b p\u0159ij\u00edm\u00e1.<\/p>\n<p>Petr Ne\u010das \/ODS\/, p\u0159edseda vl\u00e1dy:<\/p>\n<p>J\u00e1 respektuji n\u00e1zor kohokoli, kdo se vyj\u00e1d\u0159\u00ed k pr\u00e1ci vl\u00e1dy, pr\u00e1v\u011b proto, \u017ee si pamatuji v\u0161echny minul\u00e9 vl\u00e1dy \u010cesk\u00e9 republiky, tak jsem v tomto tolerance sama.<\/p>\n<p>Petr Fischer, analytik Zpravodajstv\u00ed \u010cesk\u00e9 televize:<\/p>\n<p>Petr Ne\u010das by se m\u011bl kone\u010dn\u011b rozhodnout, jestli chce b\u00fdt dobr\u00fdm premi\u00e9rem, a nebo jestli chce vych\u00e1zet s V\u00e1clavem Klausem. Ob\u011b ty v\u011bci dohromady spojit nep\u016fjde.<\/p>\n<p>Autor:<\/p>\n<p>Nejparadoxn\u011bj\u0161\u00ed je, \u017ee prezident Klaus kritizuje to, co v 90. letech jako premi\u00e9r s\u00e1m vymyslel &#8211; t\u0159eba d\u016fchodov\u00fd syst\u00e9m -, nebo po\u017eaduje to, co s\u00e1m nedok\u00e1zal. Nezavedl \u0161koln\u00e9 na vysok\u00fdch \u0161kol\u00e1ch, neud\u011blal reformu zdravotnictv\u00ed a o sjednocen\u00ed DPH se mu jako premi\u00e9rovi ani nesnilo. Te\u010f p\u0159itom kritizuje vl\u00e1du, kter\u00e1 v\u0161echny tyhle reformy chyst\u00e1.<\/p>\n<p>Ladislav Jakl, \u0161\u00e9f politick\u00e9ho odboru prezidentsk\u00e9 kancel\u00e1\u0159e:<\/p>\n<p>Byly na po\u0159adu nal\u00e9hav\u011bj\u0161\u00ed v\u011bci a ve\u0159ejn\u00e9 finance zdaleka nebyly v takov\u00e9m nap\u011bt\u00ed. Za Klausov\u00fdch vl\u00e1d byly p\u0159ebytkov\u00e9 rozpo\u010dty.<\/p>\n<p>Bohumil Dole\u017eal, politolog, b\u00fdval\u00fd poradce V. Klause:<\/p>\n<p>Od t\u00e9 polovi\u010dky 90. let u n\u011bj vlastn\u011b jakoby ta pravicov\u00e1 r\u00e9torika tu furt byla, akor\u00e1t byla v rozporu s praktickou politikou. Tak v tomhletom baletu, politick\u00fdm baletu on je pom\u011brn\u011b dost obratnej.<\/p>\n<p>Autor:<\/p>\n<p>Prezident do toho dokola sn\u00ed o rovn\u00e9m d\u016fchodu, tedy stejn\u00e9m pro v\u0161echny bez ohledu na p\u0159edchoz\u00ed p\u0159\u00edjmy. A \u017ee zbytek si maj\u00ed lid\u00e9 naspo\u0159it ze sv\u00e9ho. To je koncept, kter\u00fd neexistuje v \u017e\u00e1dn\u00e9 zemi Evropsk\u00e9 unie, a u n\u00e1s ho zak\u00e1zal i \u00dastavn\u00ed soud. Jako premi\u00e9r s t\u00edm ale Klaus nikdy nep\u0159i\u0161el. A kdy\u017e se rovn\u00fd d\u016fchod objevil v p\u0159edvolebn\u00edm programu ODS v roce 2002, drtiv\u011b s n\u00edm prohr\u00e1l volby.<\/p>\n<p>Ladislav Jakl, \u0161\u00e9f politick\u00e9ho odboru prezidentsk\u00e9 kancel\u00e1\u0159e:<\/p>\n<p>I tehdy jsem v\u011bd\u011bl, \u017ee to asi bude t\u011b\u017ek\u00e1 v\u011bc, to n\u011bkdy to prosadit.<\/p>\n<p>Autor:<\/p>\n<p>Mo\u017en\u00e1 to je podobn\u00e9 i dnes ale, ne? Jako ta spole\u010densk\u00e1 podstata&#8230;<\/p>\n<p>Ladislav Jakl, \u0161\u00e9f politick\u00e9ho odboru prezidentsk\u00e9 kancel\u00e1\u0159e:<\/p>\n<p>To se uvid\u00ed, ale p\u0159ece si nebudeme zakazovat o tom p\u0159em\u00fd\u0161let a nahlas mluvit.<\/p>\n<p>Autor:<\/p>\n<p>Co mysl\u00edte, \u017ee by se stalo, kdyby n\u011bkdo navrhl u\u017e v tom roce &#8217;95 navrhl rovn\u00fd d\u016fchod? Mysl\u00edte, \u017ee by to bylo politicky prosaditeln\u00e9?<\/p>\n<p>Tom\u00e1\u0161 Je\u017eek, b\u00fdval\u00fd poradce V. Klause, exministr \u010desk\u00e9 vl\u00e1dy:<\/p>\n<p>Ne, a to by nikoho nenapadlo tenkr\u00e1t v\u016fbec. Ani nenapadlo. J\u00e1 jsem tu my\u0161lenku nikdy nezaslech, j\u00e1 ji nepova\u017euji za rozumnou.<\/p>\n<p>Petr Ne\u010das \/ODS\/, p\u0159edseda vl\u00e1dy:<\/p>\n<p>Je to jenom intelektu\u00e1ln\u011b zaj\u00edmav\u00fd koncept, ale politicky nerealizovateln\u00fd.<\/p>\n<p>Autor:<\/p>\n<p>Petr Ne\u010das je, tedy aspo\u0148 podle \u00fastavy, mnohem siln\u011bj\u0161\u00ed ne\u017e prezident. Jen\u017ee na politick\u00e9 sc\u00e9n\u011b se proti n\u011bmu zrodil nov\u00fd mocensk\u00fd tandem &#8211; V\u00e1clav Klaus a V\u00edt B\u00e1rta.<\/p>\n<p>V\u00edt B\u00e1rta \/VV\/, ministr dopravy:<\/p>\n<p>Pan prezident apeluje na to, abychom to nevzali tak, \u017ee za t\u0159i hodiny domluv\u00edme<\/p>\n<p>d\u016fchodovou reformu a te\u010dka.<\/p>\n<p>V\u00e1clav Klaus, prezident \u010cR:<\/p>\n<p>Vyj\u00e1d\u0159il v podstat\u011b souhlas s celou \u0159adou n\u00e1zor\u016f, kter\u00e9 jsem tam vyslovil, a v podstat\u011b nazna\u010dil, \u017ee je to pro n\u011bho inspirac\u00ed.<\/p>\n<p>V\u00edt B\u00e1rta \/VV\/, ministr dopravy:<\/p>\n<p>I v kontextu v\u0161ech t\u011bch dal\u0161\u00edch reformn\u00edch aktivit, kter\u00e9 m\u00e1me, je dobr\u00e9 vn\u00edmat to, co Pra\u017esk\u00fd hrad \u0159\u00edk\u00e1.<\/p>\n<p>Autor:<\/p>\n<p>\u00dapln\u011b prvn\u00ed vl\u00e1dn\u00ed reformu toti\u017e prezident rozmetal paradoxn\u011b pomoc\u00ed jednoho z koali\u010dn\u00edch partner\u016f. S\u0148atek z rozumu, kter\u00fd prosp\u00edv\u00e1 ob\u011bma. Klaus tak dr\u017e\u00ed pozici politick\u00e9ho pred\u00e1tora, B\u00e1rta se sna\u017e\u00ed zastavit propad preferenc\u00ed.<\/p>\n<p>Petr Fischer, analytik Zpravodajstv\u00ed \u010cesk\u00e9 televize:<\/p>\n<p>V\u011bci ve\u0159ejn\u00e9 se t\u00edmto zp\u016fsobem sna\u017e\u00ed od prezidenta tu jeho sl\u00e1vu a popularitu \u010d\u00e1ste\u010dn\u011b odebrat, jaksi se s n\u00ed sv\u00e9zt, proto\u017ee jin\u00fd zp\u016fsob, jak\u00fdm by z\u00edsk\u00e1valy voli\u010de, v sou\u010dasnosti neexistuje.<\/p>\n<p>Autor:<\/p>\n<p>Vyd\u011blat se na tom ale bude sna\u017eit i V\u00e1clav Klaus. Jeho \u00fa\u0159adov\u00e1n\u00ed na Hrad\u011b kon\u010d\u00ed u\u017e za 2 roky.<\/p>\n<p>V\u00e1clav Klaus, prezident \u010cR:<\/p>\n<p>Pokud mn\u011b s\u00edly umo\u017en\u00ed, tak j\u00e1 ur\u010dit\u011b z\u016fstanu ve ve\u0159ejn\u00e9m sv\u011bt\u011b, ur\u010dit\u011b se nest\u00e1hnu do soukrom\u00ed.<\/p>\n<p>Bohumil Dole\u017eal, politolog, b\u00fdval\u00fd poradce V. Klause:<\/p>\n<p>Jsem p\u0159esv\u011bd\u010denej, \u017ee on bude usilovat o znovuzvolen\u00ed. Ale ne jako prezident.<\/p>\n<p>Zpracovatel: Anopress IT a.s.<\/p>\n","protected":false},"excerpt":{"rendered":"<p>Po\u0159ad \u010cesk\u00e9 televize 168 hodin m\u011b dva dny \u017e\u00e1dal o vyj\u00e1d\u0159en\u00ed k d\u016fchodov\u00e9 reform\u011b. Moc se mi do toho necht\u011blo, m\u00e1m s t\u00edm po\u0159adem smutnou zku\u0161enost. Je nezaj\u00edmaj\u00ed fakta, maj\u00ed p\u0159edem stanoven\u00fd sc\u00e9n\u00e1\u0159, jak m\u00e1 repot\u00e1\u017e vyzn\u00edt, a pak\u00a0ho jen do stanoven\u00e9 podoby vypl\u0148uj\u00ed materi\u00e1lem. Necht\u011bj\u00ed se nic dov\u011bd\u011bt, v\u0161echno v\u011bd\u00ed u\u017e na za\u010d\u00e1tku, pot\u0159ebuj\u00ed [&hellip;]<\/p>\n","protected":false},"author":1,"featured_media":0,"comment_status":"open","ping_status":"open","sticky":false,"template":"","format":"standard","meta":{"ngg_post_thumbnail":0,"footnotes":""},"categories":[6],"tags":[],"class_list":["post-851","post","type-post","status-publish","format-standard","hentry","category-co-jsem-nerekl"],"_links":{"self":[{"href":"https:\/\/www.ladislavjakl.cz\/index.php?rest_route=\/wp\/v2\/posts\/851","targetHints":{"allow":["GET"]}}],"collection":[{"href":"https:\/\/www.ladislavjakl.cz\/index.php?rest_route=\/wp\/v2\/posts"}],"about":[{"href":"https:\/\/www.ladislavjakl.cz\/index.php?rest_route=\/wp\/v2\/types\/post"}],"author":[{"embeddable":true,"href":"https:\/\/www.ladislavjakl.cz\/index.php?rest_route=\/wp\/v2\/users\/1"}],"replies":[{"embeddable":true,"href":"https:\/\/www.ladislavjakl.cz\/index.php?rest_route=%2Fwp%2Fv2%2Fcomments&post=851"}],"version-history":[{"count":1,"href":"https:\/\/www.ladislavjakl.cz\/index.php?rest_route=\/wp\/v2\/posts\/851\/revisions"}],"predecessor-version":[{"id":852,"href":"https:\/\/www.ladislavjakl.cz\/index.php?rest_route=\/wp\/v2\/posts\/851\/revisions\/852"}],"wp:attachment":[{"href":"https:\/\/www.ladislavjakl.cz\/index.php?rest_route=%2Fwp%2Fv2%2Fmedia&parent=851"}],"wp:term":[{"taxonomy":"category","embeddable":true,"href":"https:\/\/www.ladislavjakl.cz\/index.php?rest_route=%2Fwp%2Fv2%2Fcategories&post=851"},{"taxonomy":"post_tag","embeddable":true,"href":"https:\/\/www.ladislavjakl.cz\/index.php?rest_route=%2Fwp%2Fv2%2Ftags&post=851"}],"curies":[{"name":"wp","href":"https:\/\/api.w.org\/{rel}","templated":true}]}}