{"id":854,"date":"2011-03-16T16:15:58","date_gmt":"2011-03-16T15:15:58","guid":{"rendered":"http:\/\/www.ladislavjakl.cz\/?p=854"},"modified":"2011-03-16T16:15:58","modified_gmt":"2011-03-16T15:15:58","slug":"tuto-esemesku-jsem-poslal-do-mlade-fronty-panu-komarkovi","status":"publish","type":"post","link":"https:\/\/www.ladislavjakl.cz\/?p=854","title":{"rendered":"Tuto esemesku jsem poslal do Mlad\u00e9 fronty panu Kom\u00e1rkovi:"},"content":{"rendered":"<p>Tak m\u011b napadlo, jak zab\u00edt Slovanskou epopej.<\/p>\n<p><!--more--><\/p>\n<p>\u0158eknu prezidentovi, aby ji pochv\u00e1lil. Ur\u010dit\u011b se hned vyroj\u00ed pitomci mezi novin\u00e1\u0159i, kte\u0159\u00ed u\u017e dnes podsouvaj\u00ed prezidentovi slavjanofilstv\u00ed, ani\u017e kdy\u00a0 v\u00a0\u017eivot\u011b cokoli o slovanstv\u00ed \u0159ekl. Oni mu to podsouvaj\u00ed, aby l\u00e9pe vykreslili jeho nedostate\u010dnou pokrokovost. \u0158ekneme, \u017ee vezmeme epopej na Hrad jako symbol tradi\u010dn\u00edch hodnot a pokrokov\u00ed \u017eurnalisti\u010dt\u00ed svaz\u00e1ci budou v\u00e1\u0161niv\u011b po\u017eadovat jej\u00ed sp\u00e1len\u00ed. A bude od n\u00ed pokoj.<\/p>\n","protected":false},"excerpt":{"rendered":"<p>Tak m\u011b napadlo, jak zab\u00edt Slovanskou epopej.<\/p>\n","protected":false},"author":1,"featured_media":0,"comment_status":"open","ping_status":"open","sticky":false,"template":"","format":"standard","meta":{"ngg_post_thumbnail":0,"footnotes":""},"categories":[6],"tags":[],"class_list":["post-854","post","type-post","status-publish","format-standard","hentry","category-co-jsem-nerekl"],"_links":{"self":[{"href":"https:\/\/www.ladislavjakl.cz\/index.php?rest_route=\/wp\/v2\/posts\/854","targetHints":{"allow":["GET"]}}],"collection":[{"href":"https:\/\/www.ladislavjakl.cz\/index.php?rest_route=\/wp\/v2\/posts"}],"about":[{"href":"https:\/\/www.ladislavjakl.cz\/index.php?rest_route=\/wp\/v2\/types\/post"}],"author":[{"embeddable":true,"href":"https:\/\/www.ladislavjakl.cz\/index.php?rest_route=\/wp\/v2\/users\/1"}],"replies":[{"embeddable":true,"href":"https:\/\/www.ladislavjakl.cz\/index.php?rest_route=%2Fwp%2Fv2%2Fcomments&post=854"}],"version-history":[{"count":2,"href":"https:\/\/www.ladislavjakl.cz\/index.php?rest_route=\/wp\/v2\/posts\/854\/revisions"}],"predecessor-version":[{"id":856,"href":"https:\/\/www.ladislavjakl.cz\/index.php?rest_route=\/wp\/v2\/posts\/854\/revisions\/856"}],"wp:attachment":[{"href":"https:\/\/www.ladislavjakl.cz\/index.php?rest_route=%2Fwp%2Fv2%2Fmedia&parent=854"}],"wp:term":[{"taxonomy":"category","embeddable":true,"href":"https:\/\/www.ladislavjakl.cz\/index.php?rest_route=%2Fwp%2Fv2%2Fcategories&post=854"},{"taxonomy":"post_tag","embeddable":true,"href":"https:\/\/www.ladislavjakl.cz\/index.php?rest_route=%2Fwp%2Fv2%2Ftags&post=854"}],"curies":[{"name":"wp","href":"https:\/\/api.w.org\/{rel}","templated":true}]}}