{"id":8555,"date":"2018-05-17T10:44:05","date_gmt":"2018-05-17T08:44:05","guid":{"rendered":"http:\/\/www.ladislavjakl.cz\/?p=8555"},"modified":"2018-08-31T12:10:43","modified_gmt":"2018-08-31T10:10:43","slug":"paretova-britva-pod-povrchem-se-vzdy-odehrava-neco-duleziteho-ceho-si-malokdo-vsimne-co-je-to-ted-ve-vasem-oboru-nebo-ve-spolecnosti-vubec","status":"publish","type":"post","link":"https:\/\/www.ladislavjakl.cz\/?p=8555","title":{"rendered":"Paretova b\u0159itva: Pod povrchem se v\u017edy odehr\u00e1v\u00e1 n\u011bco d\u016fle\u017eit\u00e9ho, \u010deho si m\u00e1lokdo v\u0161imne. Co je to te\u010f ve va\u0161em oboru nebo ve spole\u010dnosti v\u016fbec?"},"content":{"rendered":"<p><strong><img decoding=\"async\" class=\"alignleft\" src=\"http:\/\/institut2080.cz\/sites\/default\/files\/pictures\/JaklV.jpg\" alt=\"Jakl\">Ladislav Jakl, &nbsp;hudebn\u00edk a publicista<\/strong><\/p>\n<p>Nov\u00e9ho v na\u0161\u00ed spole\u010dnosti je hlavn\u011b to, \u017ee je nov\u00e1. Za ka\u017edou cenu nov\u00e1. Chceme b\u00fdt tak nov\u00ed, \u017ee p\u0159ehl\u00e9dneme, kolik z toho \u201ezastaral\u00e9ho\u201c tu je prost\u011b proto, \u017ee se to osv\u011bd\u010dilo. A tak odhazujeme boty a jdeme po ulic\u00edch naboso, proto\u017ee boty, to je p\u0159ece relikt minulost. S\u00e1m si jako relikt st\u00e1le \u010dast\u011bji p\u0159ipad\u00e1m. Asi budu brzo odhozen.<\/p>\n<p><a href=\"http:\/\/institut2080.cz\/publikujeme\/paretova-britva-3\">Zdroj<\/a><\/p>\n","protected":false},"excerpt":{"rendered":"<p>Ladislav Jakl, &nbsp;hudebn\u00edk a publicista Nov\u00e9ho v na\u0161\u00ed spole\u010dnosti je hlavn\u011b to, \u017ee je nov\u00e1. Za ka\u017edou cenu nov\u00e1. Chceme b\u00fdt tak nov\u00ed, \u017ee p\u0159ehl\u00e9dneme, kolik z toho \u201ezastaral\u00e9ho\u201c tu je prost\u011b proto, \u017ee se to osv\u011bd\u010dilo. A tak odhazujeme boty a jdeme po ulic\u00edch naboso, proto\u017ee boty, to je p\u0159ece relikt minulost. S\u00e1m si [&hellip;]<\/p>\n","protected":false},"author":1,"featured_media":0,"comment_status":"open","ping_status":"open","sticky":false,"template":"","format":"standard","meta":{"ngg_post_thumbnail":0,"footnotes":""},"categories":[22,13],"tags":[],"class_list":["post-8555","post","type-post","status-publish","format-standard","hentry","category-jakl-senator","category-rozhovory"],"_links":{"self":[{"href":"https:\/\/www.ladislavjakl.cz\/index.php?rest_route=\/wp\/v2\/posts\/8555","targetHints":{"allow":["GET"]}}],"collection":[{"href":"https:\/\/www.ladislavjakl.cz\/index.php?rest_route=\/wp\/v2\/posts"}],"about":[{"href":"https:\/\/www.ladislavjakl.cz\/index.php?rest_route=\/wp\/v2\/types\/post"}],"author":[{"embeddable":true,"href":"https:\/\/www.ladislavjakl.cz\/index.php?rest_route=\/wp\/v2\/users\/1"}],"replies":[{"embeddable":true,"href":"https:\/\/www.ladislavjakl.cz\/index.php?rest_route=%2Fwp%2Fv2%2Fcomments&post=8555"}],"version-history":[{"count":2,"href":"https:\/\/www.ladislavjakl.cz\/index.php?rest_route=\/wp\/v2\/posts\/8555\/revisions"}],"predecessor-version":[{"id":8557,"href":"https:\/\/www.ladislavjakl.cz\/index.php?rest_route=\/wp\/v2\/posts\/8555\/revisions\/8557"}],"wp:attachment":[{"href":"https:\/\/www.ladislavjakl.cz\/index.php?rest_route=%2Fwp%2Fv2%2Fmedia&parent=8555"}],"wp:term":[{"taxonomy":"category","embeddable":true,"href":"https:\/\/www.ladislavjakl.cz\/index.php?rest_route=%2Fwp%2Fv2%2Fcategories&post=8555"},{"taxonomy":"post_tag","embeddable":true,"href":"https:\/\/www.ladislavjakl.cz\/index.php?rest_route=%2Fwp%2Fv2%2Ftags&post=8555"}],"curies":[{"name":"wp","href":"https:\/\/api.w.org\/{rel}","templated":true}]}}