{"id":8568,"date":"2018-05-23T14:31:57","date_gmt":"2018-05-23T12:31:57","guid":{"rendered":"http:\/\/www.ladislavjakl.cz\/?p=8568"},"modified":"2018-05-23T14:31:57","modified_gmt":"2018-05-23T12:31:57","slug":"folimanka-blues-slavi-25-let","status":"publish","type":"post","link":"https:\/\/www.ladislavjakl.cz\/?p=8568","title":{"rendered":"Folimanka Blues slav\u00ed 25 let!"},"content":{"rendered":"<p><strong>Kultovn\u00ed rockov\u00e1 kapela Folimanka Blues, jej\u00edm\u017e kapeln\u00edkem a autorem p\u00edsn\u00ed je Ladislav Jakl, vznikla v&nbsp;roce 1993. Letos tak slav\u00ed sv\u00e9 \u010dtvrtstolet\u00e9 jubileum. Velk\u00e1 narozeninov\u00e1 oslava vypukne v&nbsp;Malostransk\u00e9 besed\u011b ve st\u0159edu 20. \u010dervna u\u017e od 19 hodin a nep\u016fjde jen o b\u011b\u017en\u00fd koncert. Na gratulanty bude \u010dekat nejedno hudebn\u00ed, pivn\u00ed a dal\u0161\u00ed p\u0159ekvapen\u00ed.<\/strong><\/p>\n<p><!--more--><\/p>\n<p><a href=\"https:\/\/www.ladislavjakl.cz\/wp-content\/uploads\/2018\/05\/25plakat.png\"><img loading=\"lazy\" decoding=\"async\" class=\"wp-image-8569 aligncenter\" src=\"https:\/\/www.ladislavjakl.cz\/wp-content\/uploads\/2018\/05\/25plakat.png\" alt=\"\" width=\"325\" height=\"461\" srcset=\"https:\/\/www.ladislavjakl.cz\/wp-content\/uploads\/2018\/05\/25plakat.png 624w, https:\/\/www.ladislavjakl.cz\/wp-content\/uploads\/2018\/05\/25plakat-218x310.png 218w, https:\/\/www.ladislavjakl.cz\/wp-content\/uploads\/2018\/05\/25plakat-493x700.png 493w\" sizes=\"auto, (max-width: 325px) 100vw, 325px\" \/><\/a><\/p>\n<p>Folimanka Blues hraje vlastn\u00ed tvorbu, jej\u00ed p\u00edsn\u011b jsou ho\u0159k\u00e9 a drsn\u00e9 jako s\u00e1m \u017eivot. Kapela m\u00e1 za sebou pohnutou historii. Vydala \u010dty\u0159i alba a koncertovala nejen po cel\u00fdch \u010cech\u00e1ch a Morav\u011b, ale tak\u00e9 na Slovensku, v&nbsp;Rakousku, Polsku, N\u011bmecku i v&nbsp;USA. Jej\u00ed \u0159ady postupn\u011b nav\u017edy opustili \u010dty\u0159i \u010dlenov\u00e9, posledn\u00edm \u017eij\u00edc\u00edm zakl\u00e1daj\u00edc\u00edm \u010dlenem je tak pouze L. Jakl. Kapela ale v\u017edy povstala, na\u0161la nov\u00e9 zku\u0161en\u00e9 muzikanty od slovensk\u00e9 Ro\u017e\u0148avy a\u017e po jiho\u010desk\u00fd \u010cesk\u00fd Krumlov a hraje i mnoho nov\u00fdch p\u00edsn\u00ed.&nbsp; B\u011bhem narozeninov\u00e9 show tak p\u0159edstav\u00ed svou nejsou\u010dasn\u011bj\u0161\u00ed podobu.<\/p>\n<p>Folimanka Blues: Ladislav Jakl \u2013 kytara, zp\u011bv, Had\u017ei Hrkal \u2013 basov\u00e1 kytara, Eugen P\u00e1l Bal\u00e1\u017e \u2013 kytara, Pavel Jirou\u0161ek \u2013 kl\u00e1vesov\u00e9 n\u00e1stroje, Martin Tvaroh &#8211; bic\u00ed<\/p>\n<p>&nbsp;&nbsp;&nbsp;<\/p>\n","protected":false},"excerpt":{"rendered":"<p>Kultovn\u00ed rockov\u00e1 kapela Folimanka Blues, jej\u00edm\u017e kapeln\u00edkem a autorem p\u00edsn\u00ed je Ladislav Jakl, vznikla v&nbsp;roce 1993. Letos tak slav\u00ed sv\u00e9 \u010dtvrtstolet\u00e9 jubileum. Velk\u00e1 narozeninov\u00e1 oslava vypukne v&nbsp;Malostransk\u00e9 besed\u011b ve st\u0159edu 20. \u010dervna u\u017e od 19 hodin a nep\u016fjde jen o b\u011b\u017en\u00fd koncert. Na gratulanty bude \u010dekat nejedno hudebn\u00ed, pivn\u00ed a dal\u0161\u00ed p\u0159ekvapen\u00ed.<\/p>\n","protected":false},"author":1,"featured_media":0,"comment_status":"open","ping_status":"open","sticky":false,"template":"","format":"standard","meta":{"ngg_post_thumbnail":0,"footnotes":""},"categories":[4],"tags":[],"class_list":["post-8568","post","type-post","status-publish","format-standard","hentry","category-hudba"],"_links":{"self":[{"href":"https:\/\/www.ladislavjakl.cz\/index.php?rest_route=\/wp\/v2\/posts\/8568","targetHints":{"allow":["GET"]}}],"collection":[{"href":"https:\/\/www.ladislavjakl.cz\/index.php?rest_route=\/wp\/v2\/posts"}],"about":[{"href":"https:\/\/www.ladislavjakl.cz\/index.php?rest_route=\/wp\/v2\/types\/post"}],"author":[{"embeddable":true,"href":"https:\/\/www.ladislavjakl.cz\/index.php?rest_route=\/wp\/v2\/users\/1"}],"replies":[{"embeddable":true,"href":"https:\/\/www.ladislavjakl.cz\/index.php?rest_route=%2Fwp%2Fv2%2Fcomments&post=8568"}],"version-history":[{"count":1,"href":"https:\/\/www.ladislavjakl.cz\/index.php?rest_route=\/wp\/v2\/posts\/8568\/revisions"}],"predecessor-version":[{"id":8570,"href":"https:\/\/www.ladislavjakl.cz\/index.php?rest_route=\/wp\/v2\/posts\/8568\/revisions\/8570"}],"wp:attachment":[{"href":"https:\/\/www.ladislavjakl.cz\/index.php?rest_route=%2Fwp%2Fv2%2Fmedia&parent=8568"}],"wp:term":[{"taxonomy":"category","embeddable":true,"href":"https:\/\/www.ladislavjakl.cz\/index.php?rest_route=%2Fwp%2Fv2%2Fcategories&post=8568"},{"taxonomy":"post_tag","embeddable":true,"href":"https:\/\/www.ladislavjakl.cz\/index.php?rest_route=%2Fwp%2Fv2%2Ftags&post=8568"}],"curies":[{"name":"wp","href":"https:\/\/api.w.org\/{rel}","templated":true}]}}