{"id":857,"date":"2011-03-23T09:50:00","date_gmt":"2011-03-23T08:50:00","guid":{"rendered":"http:\/\/www.ladislavjakl.cz\/?p=857"},"modified":"2011-03-23T09:50:00","modified_gmt":"2011-03-23T08:50:00","slug":"jakl-vi-jak-zabit-muchovu-epopej-rekne-klausovi-aby-ji-pochvalil","status":"publish","type":"post","link":"https:\/\/www.ladislavjakl.cz\/?p=857","title":{"rendered":"Jakl v\u00ed, jak zab\u00edt Muchovu epopej. \u0158ekne Klausovi, aby ji pochv\u00e1lil"},"content":{"rendered":"<p><strong>Prezident\u016fv tajemn\u00edk  Ladislav Jakl p\u0159i\u0161el na to, jak \u201ezab\u00edt\u201c Slovanskou epopej od zn\u00e1m\u00e9ho  mal\u00ed\u0159e Alfonse Muchy, kter\u00e1 se zrovna ne\u0159ad\u00ed k jeho obl\u00edben\u00fdm um\u011bleck\u00fdm  d\u00edl\u016fm.<\/strong><\/p>\n<p><!--more--><\/p>\n<p>\u201eTak m\u011b napadlo, jak zab\u00edt Slovanskou epopej. \u0158eknu  prezidentovi, aby ji pochv\u00e1lil. Ur\u010dit\u011b se hned vyroj\u00ed pitomci mezi  novin\u00e1\u0159i, kte\u0159\u00ed u\u017e dnes podsouvaj\u00ed prezidentovi slavjanofilstv\u00ed, ani\u017e  kdy v \u017eivot\u011b cokoli o slovanstv\u00ed \u0159ekl. Oni mu to podsouvaj\u00ed, aby l\u00e9pe  vykreslili nedostate\u010dnou pokrokovost,&#8220; sv\u011b\u0159il se sv\u00fdm n\u00e1padem  Parlamentn\u00edmList\u016fm.cz tajemn\u00edk hlavy st\u00e1tu.<\/p>\n<p><strong>Pokrokov\u00ed \u017eurnalisti\u010dt\u00ed svaz\u00e1ci<\/strong><\/p>\n<p>\u201e\u0158ekn\u011bme, \u017ee vezmeme epopej na Hrad jako symbol tradi\u010dn\u00edch hodnot a  pokrokov\u00ed \u017eurnalisti\u010dt\u00ed svaz\u00e1ci jako t\u0159eba Martin Kom\u00e1rek z MF Dnes  budou v\u00e1\u0161niv\u011b po\u017eadovat jej\u00ed sp\u00e1len\u00ed a bude od n\u00ed pokoj,&#8220; dodal Jakl.<\/p>\n<p>Ladislav Jakl dal ji\u017e vloni v \u010dervenci najevo, \u017ee se mu toto d\u00edlo  Alfonse Muchy ale v\u016fbec nel\u00edb\u00ed. M\u00edn\u00ed, \u017ee Alfons Mucha m\u011bl rad\u011bji z\u016fstat u  reklam na Jakl\u016fv obl\u00edben\u00fd n\u00e1poj &#8211; pivo.<\/p>\n<p><strong>K\u00fd\u010d tis\u00edcilet\u00ed<\/strong><\/p>\n<p>\u201eJeho Slovansk\u00e1 epopej je k\u00fd\u010d tis\u00edcilet\u00ed, prolhan\u00e1, nabub\u0159el\u00e1 exhibice,  hotov\u00e1 panslovansk\u00e1 propaganda, zas tak moc se neli\u0161\u00edc\u00ed od o t\u0159icet let  mlad\u0161\u00edho socialistick\u00e9ho realismu. \u010ci\u0161\u00ed z\u00a0n\u00ed mindr\u00e1k a \u00fa\u010delovost. Kdyby  n\u011bco takov\u00e9ho namalovali v\u00a0dob\u011b, kdy rukopisy Kr\u00e1lov\u00e9dvorsk\u00fd a  Zelenohorsk\u00fd byly pova\u017eov\u00e1ny za prav\u00e9 dokumenty, dalo by se \u0159\u00edci, \u017ee  autor byl uveden v\u00a0omyl a jen to s\u00a0n\u00e1mi myslel dob\u0159e. Jen\u017ee v\u00a0dob\u011b  vzniku Epopeje u\u017e byly rukopisy d\u00e1vno k\u00a0sm\u00edchu a p\u0159esto z\u00a0jejich ducha  Much\u016fv monument evidentn\u011b \u010derp\u00e1,&#8220; napsal tehdy Jakl.<\/p>\n<p>Praha vedla spor s Moravsk\u00fdm Krumlovem o to, kde m\u00e1 b\u00fdt d\u00edlo vystaveno.  Pra\u017esk\u00e1 v\u00fdstava p\u011bti pl\u00e1ten ze souboru Slovansk\u00e9 epopeje Alfonse Muchy  m\u00e1 b\u00fdt kone\u010dn\u011b otev\u0159ena za\u010d\u00e1tkem dubna. Pracovn\u00edci Galerie hlavn\u00edho  m\u011bsta Prahy nyn\u00ed \u010dekaj\u00ed na povolen\u00ed k restaurov\u00e1n\u00ed pl\u00e1ten. V Moravsk\u00e9m  Krumlov\u011b budou ostatn\u00ed pl\u00e1tna vystavena od 1. kv\u011btna, ov\u0161em t\u00e9\u017e v re\u017eii  pra\u017esk\u00e9 galerie.<\/p>\n<p>Cyklus Slovansk\u00e1 epopej, kter\u00fd maloval Mucha na z\u00e1mku Zbiroh od roku  1910 celkem 18 let, tvo\u0159\u00ed 20 velkoplo\u0161n\u00fdch obraz\u016f inspirovan\u00fdch  slovanskou mytologi\u00ed a d\u011bjinami \u010desk\u00e9ho n\u00e1roda. Sedm nejv\u011bt\u0161\u00edch pl\u00e1ten  m\u011b\u0159\u00ed 8,1 metru kr\u00e1t 6,1 metru. Slovansk\u00e1 epopej je pova\u017eov\u00e1na za majetek  m\u011bsta Prahy, jemu\u017e ji Mucha daroval.<\/p>\n<p><a href=\"http:\/\/www.parlamentnilisty.cz\/zpravy\/191533.aspx\" target=\"_blank\">Zdroj<\/a><\/p>\n","protected":false},"excerpt":{"rendered":"<p>Prezident\u016fv tajemn\u00edk Ladislav Jakl p\u0159i\u0161el na to, jak \u201ezab\u00edt\u201c Slovanskou epopej od zn\u00e1m\u00e9ho mal\u00ed\u0159e Alfonse Muchy, kter\u00e1 se zrovna ne\u0159ad\u00ed k jeho obl\u00edben\u00fdm um\u011bleck\u00fdm d\u00edl\u016fm.<\/p>\n","protected":false},"author":1,"featured_media":0,"comment_status":"open","ping_status":"open","sticky":false,"template":"","format":"standard","meta":{"ngg_post_thumbnail":0,"footnotes":""},"categories":[11],"tags":[],"class_list":["post-857","post","type-post","status-publish","format-standard","hentry","category-ozvena"],"_links":{"self":[{"href":"https:\/\/www.ladislavjakl.cz\/index.php?rest_route=\/wp\/v2\/posts\/857","targetHints":{"allow":["GET"]}}],"collection":[{"href":"https:\/\/www.ladislavjakl.cz\/index.php?rest_route=\/wp\/v2\/posts"}],"about":[{"href":"https:\/\/www.ladislavjakl.cz\/index.php?rest_route=\/wp\/v2\/types\/post"}],"author":[{"embeddable":true,"href":"https:\/\/www.ladislavjakl.cz\/index.php?rest_route=\/wp\/v2\/users\/1"}],"replies":[{"embeddable":true,"href":"https:\/\/www.ladislavjakl.cz\/index.php?rest_route=%2Fwp%2Fv2%2Fcomments&post=857"}],"version-history":[{"count":1,"href":"https:\/\/www.ladislavjakl.cz\/index.php?rest_route=\/wp\/v2\/posts\/857\/revisions"}],"predecessor-version":[{"id":858,"href":"https:\/\/www.ladislavjakl.cz\/index.php?rest_route=\/wp\/v2\/posts\/857\/revisions\/858"}],"wp:attachment":[{"href":"https:\/\/www.ladislavjakl.cz\/index.php?rest_route=%2Fwp%2Fv2%2Fmedia&parent=857"}],"wp:term":[{"taxonomy":"category","embeddable":true,"href":"https:\/\/www.ladislavjakl.cz\/index.php?rest_route=%2Fwp%2Fv2%2Fcategories&post=857"},{"taxonomy":"post_tag","embeddable":true,"href":"https:\/\/www.ladislavjakl.cz\/index.php?rest_route=%2Fwp%2Fv2%2Ftags&post=857"}],"curies":[{"name":"wp","href":"https:\/\/api.w.org\/{rel}","templated":true}]}}