{"id":861,"date":"2012-05-10T11:21:18","date_gmt":"2012-05-10T09:21:18","guid":{"rendered":"http:\/\/www.ladislavjakl.cz\/?p=861"},"modified":"2012-05-10T11:21:37","modified_gmt":"2012-05-10T09:21:37","slug":"polemika-jakl-%e2%80%93-halik-jakl-pred-dvanacti-lety","status":"publish","type":"post","link":"https:\/\/www.ladislavjakl.cz\/?p=861","title":{"rendered":"Polemika Jakl \u2013 Hal\u00edk &#8211; Jakl p\u0159ed dvan\u00e1cti lety"},"content":{"rendered":"<p>N\u011bkdy takov\u00e9 mal\u00e9 ohl\u00e9dnut\u00ed neza\u0161kod\u00ed. Zd\u00e1 se, \u017ee od konce minul\u00e9ho stolet\u00ed se n\u011bkter\u00e9 pozice moc nezm\u011bnily. Vlastn\u011b se nezm\u011bnily v\u016fbec.<\/p>\n<p><!--more--><\/p>\n<p>Hospod\u00e1\u0159sk\u00e9 noviny<br \/>\nSpla\u0161en\u00ed vlajkono\u0161i zhnusenosti<br \/>\nDatum: 09.08.1999<br \/>\nAutor: Ladislav Jakl<\/p>\n<p>Nepat\u0159\u00edm mezi lidi, kte\u0159\u00ed p\u0159i \u010dten\u00ed petice Impuls 99 hned maj\u00ed puls 99. Sp\u00ed\u0161 je mi trochu smutno. Smutno z n\u011bkter\u00fdch jmen. Grafomani, na jejich\u017e kn\u00ed\u017eec\u00ed &#8222;nez\u00e1visl\u00e9&#8220; rady jsme si u\u017e zvykli, \u010di notori\u010dt\u00ed bojovn\u00edci proti bur\u017eoazn\u00ed demokracii u\u017e asi nikoho nep\u0159ekvap\u00ed, co ale t\u0159eba takov\u00fd p\u00e1ter Hal\u00edk? \u010ctete jeho rozhovor v LN a z\u00edr\u00e1te na titulek, skute\u010dn\u011b pravdiv\u011b vystihuj\u00edc\u00ed jeho obsah: Lid\u00e9 jsou zhnuseni a pot\u0159ebuj\u00ed paprsek nad\u011bje. M\u00edt slab\u0161\u00ed \u017ealudek, musel bych reagovat, \u017ee jsem zhnusen lidmi, kte\u0159\u00ed sami sebe ozna\u010duj\u00ed za paprsek nad\u011bje. Od katolick\u00e9ho kn\u011bze by \u010dlov\u011bk \u010dekal p\u00ed\u0161e kus zdr\u017eenlivosti a pokory, ne\u017e takovou krystalickou uk\u00e1zku neskute\u010dn\u00e9ho sebeobdivu. Ne\u010dekal by ani suver\u00e9nnost, se kterou p\u00e1ter Hal\u00edk c\u00edt\u00ed opr\u00e1vn\u011bn\u00ed mluvit za sv\u00e9 spoluob\u010dany. A\u0165 mluv\u00ed o sv\u00e9m zhnusen\u00ed! O zhnusen\u00ed, jeho\u017e pramenem je nerv\u00f3zn\u00ed frustrace z toho, \u017ee \u0159\u00e1d v\u011bc\u00ed se ub\u00edr\u00e1 jinudy, ne\u017e si p\u0159eji j\u00e1, paprsek.<br \/>\nCo je vlastn\u011b d\u016fvodem tak neadekv\u00e1tn\u00ed nerv\u00f3zn\u00ed frustrace? Spousta v\u011bc\u00ed: nel\u00edb\u00ed se hromada z\u00e1kon\u016f, nel\u00edb\u00ed se \u0161patn\u00e1 vl\u00e1da, nel\u00edb\u00ed se rozlo\u017een\u00ed politick\u00fdch sil, nel\u00edb\u00ed se medi\u00e1ln\u00ed klima, nel\u00edb\u00ed se \u00farove\u0148 vztah\u016f mezi lidmi&#8230; Mnoho z nich mo\u017en\u00e1 opr\u00e1vn\u011bn\u011b. Nezakotven\u00fd \u010dlov\u011bk, zasa\u017een\u00fd takov\u00fdm &#8222;nel\u00edben\u00edm&#8220;, si obarv\u00ed vlasy nazeleno, vyjde do ulic nebo t\u0159eba za\u010dne dr\u017eet hladovku. Prost\u011b se spla\u0161\u00ed. Kdy\u017e se ale podobn\u011b spla\u0161\u00ed autorita tis\u00edcilet\u00e9 instituce &#8211; katolick\u00e9 c\u00edrkve, \u010dlov\u011bk, kter\u00fd by m\u011bl reprezentovat konzervativn\u00ed tradici, rozvahu a um\u011b\u0159enost, je mi z toho smutno. \u017de se spla\u0161il nejvy\u0161\u0161\u00ed p\u0159edstavitel \u010desk\u00fdch katol\u00edk\u016f, to mne nep\u0159ekvapuje. V\u017edy\u0165 u\u017e v listopadu 1997 c\u00edtil nutkav\u00e9 puzen\u00ed vyzvat sv\u011btskou vl\u00e1du k demisi. P\u00e1ter Hal\u00edk ale tehdy rozumn\u011b jeho postoj odmocnil. Vl\u010d\u00ed mlha u\u017e ale dostala i jeho. Nemysl\u00edm, \u017ee spr\u00e1vn\u00fdm postojem k p\u0159\u00ed\u010din\u00e1m nel\u00edben\u00ed je lhostejnost, ale \u010dlov\u011bk op\u0159en\u00fd o prov\u011b\u0159en\u00e9 hodnoty v\u00ed, \u017ee takov\u00e9 nel\u00edben\u00ed je v\u011b\u010dn\u00e9 a l\u00e9kem na n\u011bj je u\u017e stovky let ka\u017edodenn\u00ed mraven\u010d\u00ed pr\u00e1ce mezi lidmi, a\u0165 u\u017e zrovna vl\u00e1dne kdokoli.<br \/>\nPokud by se u n\u00e1s pu\u010dem zmocnily moci s\u00edly potla\u010duj\u00edc\u00ed z\u00e1kladn\u00ed svobody, pak by i katolick\u00fd kn\u011bz volil nev\u0161edn\u00ed a nestandardn\u00ed postoj. Co se d\u011bje dnes? Nel\u00edben\u00ed. V takov\u00e9 chv\u00edli by m\u011bl katolick\u00fd kn\u011bz z\u016fstat ostrovem jistoty, nadhledu a str\u00e1\u017ecem p\u0159im\u011b\u0159enosti a nem\u011bl by podlehnout nervozit\u011b nezakotven\u00fdch a st\u00e1t se jedn\u00edm z povrchn\u011b spla\u0161en\u00fdch. Na\u0161e politick\u00e1 sc\u00e9na nen\u00ed d\u016fvodem k nad\u0161en\u00ed. Je prost\u011b odrazem nedokonal\u00e9 spole\u010dnosti. Chce to ale kus pr\u00e1ce, ne zhnusen\u00ed.<br \/>\nMluv\u010d\u00ed Impulsu 99 napsali do novin text s titulkem Ve\u0159ejn\u00fd \u017eivot nepat\u0159\u00ed jen stran\u00e1m. Hned vy\u0161el v rubrice Dokument, ani\u017e by bylo jasn\u00e9, \u017ee jde o n\u011bjak\u00e9 prohl\u00e1\u0161en\u00ed. Holt, kdy\u017e tito lid\u00e9 nap\u00ed\u0161\u00ed cokoli, hned je to instituce, i kdy\u017e jde t\u0159eba o dopis. U\u017e titulek s\u00e1m je v\u00fdrazem absolutn\u00edho nepochopen\u00ed. Co to je: ve\u0159ejn\u00fd \u017eivot?<br \/>\nPokud t\u00edm mysl\u00edme spont\u00e1nn\u00ed nerodinn\u00e9 mezilidsk\u00e9 iniciativy, pak by p\u0159ece nikdo ani na vte\u0159inu neuva\u017eoval, \u017ee by m\u011bl b\u00fdt dom\u00e9nou politick\u00fdch stran. Jestli ale jde o uplat\u0148ov\u00e1n\u00ed moci, pak je to v\u011bc natolik v\u00e1\u017en\u00e1, \u017ee si na ni lid\u00e9 vymysleli instituci zvanou parlamentn\u00ed demokracie. A pro ni si vymysleli n\u00e1stroj zvan\u00fd politick\u00e9 strany. Strany nejsou \u017e\u00e1dn\u00ed mar\u0165an\u00e9 \u010di americk\u00e1 mandelinka shozen\u00e1 z ciz\u00edch letadel. Jsou d\u00edt\u011btem lid\u00ed, vyr\u016fstaj\u00ed z ve\u0159ejnosti, stejn\u011b jako t\u0159eba peti\u010dn\u00ed v\u00fdbory \u010di hudebn\u00ed skupiny. A lid\u00e9 si ka\u017edou z t\u011bchto v\u011bc\u00ed vytvo\u0159ili k jin\u00e9mu \u00fa\u010delu. K vl\u00e1dnut\u00ed, k uplat\u0148ov\u00e1n\u00ed moci si vymysleli politick\u00e9 strany. K muzice kapely, k r\u016fzn\u00fdm form\u00e1m komunikace a diskuse r\u016fzn\u00e9 ob\u010dansk\u00e9 iniciativy.<br \/>\nStrany v\u017edy budou plavat v buj\u00f3nu komunikace, n\u00e1lad a n\u00e1zor\u016f, tvo\u0159en\u00fdch mimo n\u011b. Na nedostatek p\u0159\u00edle\u017eitosti ke komunikaci si impulsist\u00e9 nemohou st\u011b\u017eovat, maj\u00ed v rukou velkou v\u011bt\u0161inu prostoru v m\u00e9di\u00edch. Mohou jej vyu\u017e\u00edvat, i kdyby snad m\u011bl n\u011bkdo pocit, \u017ee u\u017e je syt jejich nev\u011bcn\u00e9ho ha\u0161te\u0159en\u00ed. Mohou oplod\u0148ovat, inspirovat ob\u010dansk\u00e9 podhoub\u00ed politick\u00e9ho \u017eivota. Moc ale mohou m\u00edt pouze tehdy, dostanou-li k n\u00ed mand\u00e1t. A oni tomu \u0159\u00edkaj\u00ed monopol stran na ve\u0159ejn\u00fd \u017eivot. Z takov\u00fdch v\u011bt prost\u011b \u010di\u0161\u00ed \u010dir\u00e1 spla\u0161enost, ned\u016fstojn\u00e1 n\u011bkter\u00fdch jmen. Neschopnost zasadit si sv\u00e9 mal\u00e9 frustrace do kontextu slo\u017eit\u00e9ho sv\u011bta.<br \/>\nPro\u010d se vlastn\u011b s odstupem vrac\u00edm k iniciativ\u011b, kter\u00e1 pomalu, ale jist\u011b sp\u011bje k vy\u0161um\u011bn\u00ed? Necht\u011bl jsem reagovat spla\u0161en\u011b. P\u00e1r dn\u016f sta\u010dilo na odfouknut\u00ed prvn\u00edch amoz\u0159ejm\u00fdch argument\u016f. Z\u016fstal jedn podstatn\u00fd.<br \/>\nT\u011blo na\u0161\u00ed spole\u010dnosti zdrav\u00edm nekvete. M\u00e1 spoustu neduh\u016f, ale jeho kondice je celkem norm\u00e1ln\u00ed. Dotknete-li se kter\u00e9hokoli m\u00edsta t\u011bla zlomen\u00fdm prstem, uc\u00edt\u00edte velkou bolest. To ale neznamen\u00e1, \u017ee je pol\u00e1man\u00e9 cel\u00e9 t\u011blo. I v\u0161ichni ti zhnusen\u00ed z Impulsu 99 sv\u00fdm n\u00e1\u0159kem o zhnusen\u00ed v\u0161ech ob\u010dan\u016f a o nemoci cel\u00e9 spole\u010dnosti vypov\u00eddaj\u00ed v\u00edce o sv\u00e9 pol\u00e1manosti ne\u017e o na\u0161em sv\u011bt\u011b.<br \/>\nLadislav Jakl<br \/>\nautor je poradce p\u0159edsedy Poslaneck\u00e9 sn\u011bmovny<\/p>\n<p>Poradce v buj\u00f3nu (Tom\u00e1\u0161 Hal\u00edk odpov\u00edd\u00e1 Ladislavu Jaklovi)<br \/>\nDatum: 16.08.1999<br \/>\nAutor: Tom\u00e1\u0161 Hal\u00edk<\/p>\n<p>Takovou ignoranci v\u016f\u010di z\u00e1kladn\u00edmu politick\u00e9mu um\u011bn\u00ed komunikovat s ob\u010dansk\u00fdmi iniciativami bychom asi museli nazvat &#8222;nepolitickou politikou&#8220;.<br \/>\nK dne\u0161n\u00edmu dni se v\u00edce ne\u017e tis\u00edc v\u00e1\u017een\u00fdch ob\u010dan\u016f \u010cesk\u00e9 republiky obr\u00e1tilo k politik\u016fm a cel\u00e9 ve\u0159ejnosti, aby vyj\u00e1d\u0159ilo sv\u00e9 znepokojen\u00ed se stavem zem\u011b a zejm\u00e9na \u00farovn\u00ed komunikace politik\u016f s ob\u010dany. Pan Jakl, poradce p\u0159edsedy parlamentu a p\u0159edsedy ODS, se s jejich iniciativou vyrovnal \u010dl\u00e1nkem, jeho\u017e styl a \u00farove\u0148 argumentace siln\u011b p\u0159ipom\u00edn\u00e1 Rud\u00e9 pr\u00e1vo v dob\u011b \u0161tvanice proti Chart\u011b 77.<br \/>\n&#8222;Pro\u010d se vlastn\u011b s odstupem vrac\u00edm k iniciativ\u011b, kter\u00e1 pomalu, ale jist\u011b, vy\u0161um\u00ed?&#8220; pt\u00e1 se Jakl. P\u00e1r dn\u00ed mu pr\u00fd sta\u010dilo na &#8222;odfouknut\u00ed prvn\u00edch samoz\u0159ejm\u00fdch argument\u016f&#8220;. Argumenty Impulsu i v\u00e1\u017enost jeho signat\u00e1\u0159\u016f &#8222;odfukuje&#8220; pan Jakl vskutku velice lehce: Jsou to pro n\u011bho &#8222;grafomani, na jejich\u017e kn\u00ed\u017eec\u00ed &#8222;nez\u00e1visl\u00e9&#8220; rady jsme si ji\u017e zvykli&#8220; (nem\u00fdl\u00edm-li se, t\u00e9m\u011b\u0159 stejn\u00fdmi slovy &#8222;odfoukl&#8220; z\u00e1va\u017enou anal\u00fdzu skupiny p\u0159edn\u00edch \u010desk\u00fdch ekonom\u016f Milo\u0161 Zeman) a &#8222;notori\u010dt\u00ed bojovn\u00edci proti bur\u017eoazn\u00ed demokracii&#8220; (zavil\u00ed nep\u0159\u00e1tel\u00e9 socialistick\u00e9 demokracie, \u0159\u00edkalo se kdysi) &#8211; \u00fahrnem: &#8222;spla\u0161en\u00ed vlajkono\u0161i zhnusenosti&#8220;. Ti v\u00fd\u0161e jmenovan\u00ed Jaklovi nestoj\u00ed za polemiku, zat\u00edmco jin\u00ed signat\u00e1\u0159i ho &#8222;zesmutn\u011bli&#8220;.<br \/>\nRozesmutnil jsem ho zejm\u00e9na asi j\u00e1, a tak poc\u00edtil pot\u0159ebu rozveselit se t\u00edm, \u017ee mi ud\u011bl\u00ed notn\u00fd v\u00fdprask a d\u016fkladn\u00e9 mor\u00e1ln\u00ed ponau\u010den\u00ed. Vyrovn\u00e1v\u00e1 se se mnou opravdu nev\u0161edn\u00edm t\u00f3nem. Dov\u00edd\u00e1m se, \u017ee se panu Jaklovi ze mne obrac\u00ed jeho siln\u00fd \u017ealudek, je mnou zhnusen, jsem pro n\u011bho &#8222;krystalickou uk\u00e1zkou neskute\u010dn\u00e9ho sebeobdivu&#8220;, &#8222;jedn\u00edm z povrchn\u011b spla\u0161en\u00fdch&#8220;. Pro\u010d vlastn\u011b? Vyd\u00e1v\u00e1m pr\u00fd s\u00e1m sebe za paprsek nad\u011bje. Kdyby mne napadlo d\u011blat n\u011bco takov\u00e9ho, asi bych vskutku zaslou\u017eil Jaklovo mravn\u00ed k\u00e1z\u00e1n\u00ed o pot\u0159eb\u011b zdr\u017eenlivosti a pokory. Jen\u017ee &#8211; jak se m\u016f\u017ee p\u0159esv\u011bd\u010dit ka\u017ed\u00fd \u010dten\u00e1\u0159 inkriminovan\u00e9ho rozhovoru se mnou v Lidov\u00fdch novin\u00e1ch &#8211; za paprsek nad\u011bje jsem nikdy neozna\u010doval svou osobu, n\u00fdbr\u017e skute\u010dnost, \u017ee v\u00edce ne\u017e tis\u00edc osobnost\u00ed \u010desk\u00e9 kultury, v\u011bdy a publicistiky, p\u0159edstavitel\u00e9 odbor\u016f, n\u00e1bo\u017eensk\u00e9ho \u017eivota, profesn\u00edch organizac\u00ed apod. prohl\u00e1silo, \u017ee podobn\u011b vid\u00ed hlavn\u00ed probl\u00e9my a \u00fakoly spole\u010dnosti a \u017ee se ve\u0159ejn\u011b zav\u00e1zalo ke spole\u010dn\u00e9 pr\u00e1ci pro zm\u011bnu atmosf\u00e9ry v \u010desk\u00e9 spole\u010dnosti. A tato spole\u010dn\u011b vyj\u00e1d\u0159en\u00e1 v\u016fle je opravdu nejen pro mne znamen\u00edm nad\u011bje, jakkoliv d\u0159\u00edve, ne\u017e bude napln\u011bna \u010diny, m\u016f\u017ee u n\u011bkoho vzbuzovat cynick\u00e9 po\u0161klebky.<br \/>\nPodle pana Jakla n\u011b\u010deho takov\u00e9ho nen\u00ed zapot\u0159eb\u00ed, v\u0161echno je vlastn\u011b v po\u0159\u00e1dku: &#8222;kondice t\u011bla na\u0161\u00ed spole\u010dnosti je celkem norm\u00e1ln\u00ed&#8220; (lid n\u00e1m pracuje, \u0159\u00edkalo se kdysi). Pokud pro Jakla sociologick\u00e1 zji\u0161t\u011bn\u00ed o rapidn\u00edm poklesu d\u016fv\u011bry ob\u010dan\u016f v politiky, prok\u00e1zan\u00e1 nespokojenost osmdes\u00e1ti procent lid\u00ed s politickou situac\u00ed a n\u00e1r\u016fst preferenc\u00ed komunist\u016f jsou jen chim\u00e9rou \u010di propagandou nep\u0159\u00e1tel bur\u017eoazn\u00ed demokracie, pak ov\u0161em nev\u00edm, kdo z n\u00e1s trp\u00ed &#8222;vl\u010d\u00ed mlhou&#8220;.<br \/>\nPan Jakl mi p\u0159ikazuje ml\u010det; katolick\u00fd kn\u011bz m\u00e1 pr\u00fd pr\u00e1vo se vyj\u00e1d\u0159it k spole\u010densk\u00e9 situaci (dle Jakla volit nev\u0161edn\u00ed a nestandardn\u00ed postoj) jen tehdy, &#8222;pokud by se u n\u00e1s pu\u010dem zmocnily moci s\u00edly potla\u010duj\u00edc\u00ed z\u00e1kladn\u00ed svobody&#8220;. Mysl\u00edm si, \u017ee v takov\u00e9mto p\u0159\u00edpad\u011b by bylo u\u017e trochu pozd\u011b. To, co vn\u00edm\u00e1m, stejn\u011b jako mili\u00f3ny ob\u010dan\u016f t\u00e9to zem\u011b, je pro mne dostate\u010dn\u00fdm d\u016fvodem promluvit. Ano, k m\u00e9mu znepokojeni p\u0159isp\u00edv\u00e1 nyn\u00ed i to, jak\u00e9 poradce si vyb\u00edr\u00e1 jeden z \u010deln\u00fdch politik\u016f t\u00e9to zem\u011b.<br \/>\nPoradce Jakl se pt\u00e1, co \u017ee je to ve\u0159ejn\u00fd \u017eivot. Toleroval by v n\u011bm &#8222;nerodinn\u00e9 mezilidsk\u00e9 iniciativy&#8220; (co m\u00e1 vlastn\u011b na mysli?), ale krom\u011b nich je tu u\u017e jen sf\u00e9ra moci, vyhrazen\u00e1 ov\u0161em v\u00fdhradn\u011b politick\u00fdm stran\u00e1m. Cht\u011bl bych pana Jakla op\u011btovn\u011b ujistit, \u017ee Impuls 99 jemu ani jeho stran\u011b nechce odebrat politickou moc; pouze chceme, aby to nebyla moc nekritizovateln\u00e1 a nekontrolovateln\u00e1 ob\u010dany. Jakl ale pak p\u0159izn\u00e1v\u00e1, \u017ee &#8222;k r\u016fzn\u00fdm form\u00e1m diskuse, komunikace jsou r\u016fzn\u00e9 ob\u010dansk\u00e9 iniciativy&#8220; &#8211; pro\u010d tedy tolik k\u0159iku a d\u011bsu, sotva jedna takov\u00e1 vznikla a chce podn\u00edtit diskusi?<br \/>\n&#8222;Strany v\u017edy budou plavat v buj\u00f3nu komunikace, n\u00e1lad a n\u00e1zor\u016f&#8220;, \u0159\u00edk\u00e1 Jakl. Zd\u00e1 se v\u0161ak, \u017ee n\u011bkter\u00e9 strany v tom &#8222;buj\u00f3nu komunikace&#8220; p\u0159\u00edli\u0161 plavat neum\u011bj\u00ed. Abychom nespravedliv\u011b nepau\u0161alizovali: Vlastn\u011b jenom dv\u011b strany nedok\u00e1zaly na Impulsu 99 naj\u00edt ani nitku dobrou &#8211; KS\u010cM a ODS. V \u010cSSD se sice pan \u0160kromach vyjad\u0159oval o Impulsu podobn\u00fdm stylem jako pan Macek, pan Zahradil a pan Ransdorf, av\u0161ak tato strana p\u0159ece jen \u00fasty pan\u00ed Buzkov\u00e9 dok\u00e1zala oslovit \u0161ir\u0161\u00ed spektrum ob\u010dan\u016f a uk\u00e1zat i druhou tv\u00e1\u0159, schopnost vst\u0159\u00edcn\u011bj\u0161\u00edho, citliv\u011bj\u0161\u00edho, diferencovan\u011bj\u0161\u00edho postoje k tomuto nezanedbateln\u00e9mu hlasu ob\u010dan\u016f. Bylo by vskutku zar\u00e1\u017eej\u00edc\u00ed, kdyby se uk\u00e1zalo, \u017ee ODS nen\u00ed schopna nab\u00eddnout nic kvalitn\u011bj\u0161\u00edho, ne\u017e co p\u0159edvedla \u00fasty pana Macka, Zahradila a Jakla. Takovou ignoranci v\u016f\u010di z\u00e1kladn\u00edmu politick\u00e9mu um\u011bn\u00ed, um\u011bn\u00ed komunikovat s ob\u010dany, ob\u010dansk\u00fdmi skupinami a iniciativami, bychom asi museli nazvat &#8222;nepolitickou politikou&#8220;, tentokr\u00e1t ov\u0161em ne v onom p\u016fvodn\u00edm smyslu Havl\u00ed\u010dkov\u011b, n\u00fdbr\u017e ve smyslu politiky neodborn\u00e9, nekompetentn\u00ed, nekomunikativn\u00ed, zavl\u00e9kaj\u00edc\u00ed mocenskou aroganci, zn\u00e1mou z minul\u00fdch dob, do situace, kter\u00e1 vy\u017eaduje u\u017e \u00fapln\u011b jin\u00fd styl. Pan Jakl okrajov\u011b zmi\u0148uje, \u017ee na podzim 1997, kdy\u017e V\u00e1clav Klaus pro\u017e\u00edval dosud nejt\u011b\u017e\u0161\u00ed chv\u00edle sv\u00e9 politick\u00e9 kari\u00e9ry, jsem se ho jako jeden z m\u00e1la ve\u0159ejn\u011b zastal. Snad jsem t\u00edm dostate\u010dn\u011b prok\u00e1zal, \u017ee nejsem notorick\u00fdm nep\u0159\u00edtelem ani Klause ani ODS, \u017ee mi jde nikoliv o prosp\u011bch \u010di propad jak\u00e9koliv strany, n\u00fdbr\u017e o to, co Impuls 99 vyjad\u0159uje ve sv\u00e9m vstupn\u00edm prohl\u00e1\u0161en\u00ed: Aby na\u0161e spole\u010dnost m\u011bla p\u0159\u00e1tel\u0161t\u011bj\u0161\u00ed tv\u00e1\u0159. P\u0159i \u010dten\u00ed n\u011bkter\u00fdch reakc\u00ed na Impuls 99, v\u010detn\u011b ur\u00e1\u017eek a sp\u00edl\u00e1n\u00ed pana Jakla, se mi zd\u00e1, \u017ee cesta k tomu c\u00edli bude neoby\u010dejn\u011b dlouh\u00e1. A to zase rozesmut\u0148uje mne, pane Jakle.<br \/>\nTom\u00e1\u0161 Hal\u00edk,<br \/>\njeden z mluv\u010d\u00edch Impulsu 99,<br \/>\nt. \u010d. odd. politick\u00fdch v\u011bd University of Pittsburgh, USA<\/p>\n<p>Tom\u00e1\u0161i Hal\u00edku, to jste nemohl napsat Vy!<\/p>\n<p>V\u00e1\u017een\u00fd Tom\u00e1\u0161i Hal\u00edku. N\u011bkdo V\u00e1m musel hrozn\u011b ubl\u00ed\u017eit. Napsal do Hospod\u00e1\u0159sk\u00fdch novin text, kter\u00fd se tv\u00e1\u0159\u00ed jako Va\u0161e polemika se mnou, a je dokonce Va\u0161\u00edm jm\u00e9nem podeps\u00e1n. Nezn\u00e1m\u00fd plagi\u00e1tor t\u00edm velice po\u0161kodil Va\u0161e jm\u00e9no, jeho\u017e jsem si v\u017edy velmi v\u00e1\u017eil. Jen douf\u00e1m, \u017ee v\u011bt\u0161ina \u010dten\u00e1\u0159\u016f na tento o\u0161kliv\u00fd podvrh nenalet\u011bla, nebo\u0165 dob\u0159e v\u00ed, \u017ee Vy byste nic takov\u00e9ho nikdy nenapsal.<br \/>\nVy p\u0159ece dob\u0159e v\u00edte, \u017ee jsem \u010dlov\u011bk hloup\u00fd, nevzd\u011blan\u00fd a sobeck\u00fd. Nikdy byste ale nezvedl sv\u00e9 pero, abyste m\u00e9 nedostatky roz\u010dilen\u011b pitval, ba dokonce abyste k nim p\u0159id\u00e1val nedostatky smy\u0161len\u00e9, kdy\u017e t\u011bch opravdov\u00fdch je jist\u011b dost. Mo\u017en\u00e1 byste podrobil m\u00e9 v\u00fdvody zdrcuj\u00edc\u00ed kritice (se kterou se V\u00e1\u0161 plagi\u00e1tor v\u016fbec neobt\u011b\u017eoval), ale jist\u011b byste nejd\u0159\u00edve v\u011bnoval alespo\u0148 t\u0159i vte\u0159iny my\u0161lence, co \u017ee to vlastn\u011b bylo j\u00e1drem m\u00e9ho textu o spla\u0161en\u00fdch vlajkono\u0161\u00edch zhnusenosti a zda k v\u00e1m toto j\u00e1dro t\u0159eba jen st\u0159\u00edpkem n\u011bjak promlouv\u00e1.<br \/>\nJist\u011b byste rozeznal, \u017ee mi na Impulsu 99 vad\u00ed plytk\u00e1 revolu\u010dnost, nervozita, podr\u00e1\u017ed\u011bnost, mesianismus, p\u0159\u00edli\u0161n\u00e9 pono\u0159en\u00ed do povrchn\u00edch soud\u016f o aktu\u00e1ln\u00edm spole\u010densk\u00e9m hem\u017een\u00ed. Jist\u011b byste post\u0159ehl mou up\u0159\u00edmnou l\u00edtost nad t\u00edm, \u017ee t\u011bmto konjunktur\u00e1ln\u00edm m\u00f3dn\u00edm pocit\u016fm propad\u00e1 konzervativn\u00ed autorita, kter\u00e1 si p\u0159ece jinak um\u00ed zachovat v ka\u017ed\u00e9m \u010dase nadhled a v\u011bdom\u00ed proporc\u00ed, zat\u00edmco (mo\u017en\u00e1 tak\u00e9 pot\u0159ebn\u00e9) spla\u0161en\u00e9, zkratkovit\u00e9, hektick\u00e9 a neusebran\u00e9 reakce nech\u00e1v\u00e1 lidem, kter\u00fdm takov\u00e1 role slu\u0161\u00ed v\u00edce. T\u0159eba rozervan\u00fdm b\u00e1sn\u00edk\u016fm, ochran\u00e1\u0159sk\u00fdm radik\u00e1l\u016fm \u010di punkov\u00fdm skupin\u00e1m.<br \/>\nJist\u011b byste nem\u011bl pot\u0159ebu podsouvat mi to, co jsem ne\u0159ekl (\u201epan Jakl mi p\u0159ikazuje ml\u010det\u201c), jist\u011b byste \u00fa\u010delov\u011b nep\u0159ekrucoval m\u00e1 slova zp\u016fsobem vlastn\u00edm publicist\u016fm opravdu n\u00edzk\u00e9 \u00farovn\u011b. J\u00e1 p\u00ed\u0161i jasn\u00e1 slova o tom, \u017ee \u201ena\u0161e politick\u00e1 sc\u00e9na nen\u00ed d\u016fvodem k nad\u0161en\u00ed. Je prost\u011b obrazem nedokonal\u00e9 spole\u010dnosti. Chce to ale kus pr\u00e1ce, ne zhnusen\u00ed.\u201c V\u00e1\u0161 plagi\u00e1tor pak \u010dten\u00e1\u0159\u016fm tvrd\u00ed, \u017ee \u201epodle pana Jakla n\u011b\u010deho takov\u00e9ho (spole\u010dn\u00e9 pr\u00e1ce) nen\u00ed zapot\u0159eb\u00ed, v\u0161echno je vlastn\u011b v po\u0159\u00e1dku,\u201c co\u017e je p\u0159eci \u00fapln\u00fd opak. J\u00e1 p\u00ed\u0161i, \u017ee \u201et\u011blo na\u0161\u00ed spole\u010dnosti nekvete. M\u00e1 spoustu neduh\u016f, ale\u2026,\u201c V\u00e1\u0161 plagi\u00e1tor v\u0161ak \u010dten\u00e1\u0159\u016fm uk\u00e1\u017ee jen posledn\u00ed slova t\u00e9to v\u011bty \u201e\u2026jeho kondice je celkem norm\u00e1ln\u00ed,\u201c co\u017e mu umo\u017e\u0148uje p\u0159ipojit zesm\u011b\u0161n\u011bn\u00ed \u201elid n\u00e1m pracuje, \u0159\u00edkalo se kdysi.\u201c P\u0159itom j\u00e1 hovo\u0159\u00edm pr\u00e1v\u011b o pot\u0159eb\u011b st\u0159\u00edzliv\u00fdch proporc\u00ed mezi neduhy a kondic\u00ed, kter\u00e9 od lid\u00ed Va\u0161eho form\u00e1tu s nad\u011bj\u00ed o\u010dek\u00e1v\u00e1m ur\u010dit\u011b v\u00edce ne\u017e optiku ve stylu bezstarostn\u00e9 lakov\u00e1n\u00ed nar\u016f\u017eovo kontra negativistick\u00e9 zhnusen\u00ed.<br \/>\nVy p\u0159ece, narozd\u00edl od plagi\u00e1tora, dob\u0159e v\u00edte, \u017ee opakem zhnusen\u00ed signat\u00e1\u0159\u016f Impulsu nen\u00ed lhostejnost k denn\u00edm lidsk\u00fdm tr\u00e1pen\u00edm, k probl\u00e9m\u016fm oby\u010dejn\u00fdch lid\u00ed i ke stavu transformace spole\u010dnosti. Vy, narozd\u00edl od plagi\u00e1tora, ur\u010dit\u011b dob\u0159e v\u00edte, \u017ee povinnost\u00ed osv\u00edcen\u00e9ho \u010dlov\u011bka, napojen\u00e9ho na \u0161ir\u0161\u00ed rozm\u011br, je vid\u011bt d\u00e1l, vid\u011bt kontext, vid\u011bt perspektivu i pom\u00e1hat lidem, aby jim denn\u00ed strasti nezast\u00ednily to ostatn\u00ed v na\u0161em sv\u011bt\u011b, a ne se s nimi v t\u011bchto strastech topit a tak je jen umoc\u0148ovat.<br \/>\nVy byste ur\u010dit\u011b nep\u0159irovnal m\u016fj text ke \u0161tvanici Rud\u00e9ho pr\u00e1va proti Chart\u011b 77, nebo\u0165 si tak siln\u00e1 slova \u0161et\u0159\u00edte pro z\u00e1va\u017en\u011bj\u0161\u00ed medi\u00e1ln\u00ed zlo\u010diny, ne\u017e jsou m\u00e9 drobn\u00e9 hlouposti. Vy byste mi ur\u010dit\u011b neup\u00edral u\u017e\u00edvat obratu \u201ekn\u00ed\u017eec\u00ed rady\u201c jen proto, \u017ee jej pr\u00fd \u0159ekl i Milo\u0161 Zeman, zvl\u00e1\u0161\u0165 kdy\u017e j\u00e1 Va\u0161\u00ed iniciativ\u011b neup\u00edr\u00e1m ani kn\u00ed\u017eec\u00ed pen\u00edze.<br \/>\n\u010clov\u011bk Va\u0161eho form\u00e1tu by ur\u010dit\u011b svou odpov\u011b\u010f nenazval \u201ePoradce v buj\u00f3nu,\u201c nevzal by prvopl\u00e1nov\u011b nads\u00e1zku o \u201enotorick\u00fdch bojovn\u00edc\u00edch proti bur\u017eoazn\u00ed demokracii,\u201c a nep\u0159ipodobnil by ji k v\u00fdroku \u201ezavil\u00ed nep\u0159\u00e1tel\u00e9 socialistick\u00e9 demokracie,\u201c kter\u00fd m\u011bla p\u0159eci sama parodovat. Rovn\u011b\u017e by se neob\u00e1val, zda je ODS schopna nab\u00eddnout n\u011bco kvalitn\u011bj\u0161\u00edho, ne\u017e co p\u0159edv\u00e1d\u00ed m\u00fdmi \u00fasty, nebo\u0165 by mi v\u011b\u0159il, \u017ee m\u00fdmi \u00fasty krom mne nikdo nic nep\u0159edv\u00e1d\u00ed, ba ani strana, kterou jsem volil. U\u017e v\u016fbec by ale netvrdil, \u017ee je znepokojen t\u00edm, jak\u00e9 poradce si vyb\u00edr\u00e1 jeden z \u010deln\u00fdch politik\u016f t\u00e9to zem\u011b. Plagi\u00e1tor asi nemyslel pana Pehe a pana prezidenta a cht\u011bl sp\u00ed\u0161e za\u00fato\u010dit na skute\u010dnost, \u017ee si V\u00e1clav Klaus vybral mne. Narozd\u00edl od n\u011bj byste Vy mo\u017en\u00e1 vyj\u00e1d\u0159il sv\u016fj nesouhlas s m\u00fdmi n\u00e1zory a s mou politickou orientac\u00ed, zat\u00edmco byste jist\u011b p\u0159ipustil, \u017ee voli\u010di pana Klause mnou tolik znepokojeni b\u00fdt mo\u017en\u00e1 nemusej\u00ed.<br \/>\nNejv\u011bt\u0161\u00ed r\u00e1nu V\u00e1m plagi\u00e1tor zasadit v z\u00e1v\u011bru sv\u00e9ho spisku, kdy\u017e nazna\u010duje, \u017ee p\u0159i \u010dten\u00ed m\u00fdch \u201eur\u00e1\u017eek a sp\u00edl\u00e1n\u00ed\u201c se mu zd\u00e1, \u017ee cesta k p\u0159\u00e1tel\u0161t\u011bj\u0161\u00ed tv\u00e1\u0159i spole\u010dnosti bude neoby\u010dejn\u011b dlouh\u00e1. Vy, kter\u00fd mne p\u0159eci zn\u00e1te, byste zrovna mne ur\u010dit\u011b nenazval p\u0159ek\u00e1\u017ekou ve sv\u00e9 pr\u00e1ci na lep\u0161\u00edm sv\u011bt\u011b. Takov\u00e9 p\u0159eexponovan\u00e9 malichernosti byste se jist\u011b nedopustil.<br \/>\nZkr\u00e1tka V\u00e1m n\u011bkdo velmi ubl\u00ed\u017eil. Tom\u00e1\u0161i Hal\u00edku, m\u00e1m V\u00e1s r\u00e1d. Tohle jste si od n\u011bj opravdu nezaslou\u017eil.<\/p>\n<p>Ladislav Jakl<\/p>\n<p>\u0159editel Odborn\u00e9ho \u00fatvaru p\u0159edsedy Poslaneck\u00e9 sn\u011bmovny Parlamentu \u010cesk\u00e9 republiky<br \/>\n17. 8. 1999<\/p>\n<p>Pozn: text byl tehdy Hospod\u00e1\u0159sk\u00fdmi novinami odm\u00edtnut<\/p>\n","protected":false},"excerpt":{"rendered":"<p>N\u011bkdy takov\u00e9 mal\u00e9 ohl\u00e9dnut\u00ed neza\u0161kod\u00ed. Zd\u00e1 se, \u017ee od konce minul\u00e9ho stolet\u00ed se n\u011bkter\u00e9 pozice moc nezm\u011bnily. Vlastn\u011b se nezm\u011bnily v\u016fbec.<\/p>\n","protected":false},"author":1,"featured_media":0,"comment_status":"open","ping_status":"open","sticky":false,"template":"","format":"standard","meta":{"ngg_post_thumbnail":0,"footnotes":""},"categories":[1],"tags":[],"class_list":["post-861","post","type-post","status-publish","format-standard","hentry","category-publikovane-clanky"],"_links":{"self":[{"href":"https:\/\/www.ladislavjakl.cz\/index.php?rest_route=\/wp\/v2\/posts\/861","targetHints":{"allow":["GET"]}}],"collection":[{"href":"https:\/\/www.ladislavjakl.cz\/index.php?rest_route=\/wp\/v2\/posts"}],"about":[{"href":"https:\/\/www.ladislavjakl.cz\/index.php?rest_route=\/wp\/v2\/types\/post"}],"author":[{"embeddable":true,"href":"https:\/\/www.ladislavjakl.cz\/index.php?rest_route=\/wp\/v2\/users\/1"}],"replies":[{"embeddable":true,"href":"https:\/\/www.ladislavjakl.cz\/index.php?rest_route=%2Fwp%2Fv2%2Fcomments&post=861"}],"version-history":[{"count":4,"href":"https:\/\/www.ladislavjakl.cz\/index.php?rest_route=\/wp\/v2\/posts\/861\/revisions"}],"predecessor-version":[{"id":1814,"href":"https:\/\/www.ladislavjakl.cz\/index.php?rest_route=\/wp\/v2\/posts\/861\/revisions\/1814"}],"wp:attachment":[{"href":"https:\/\/www.ladislavjakl.cz\/index.php?rest_route=%2Fwp%2Fv2%2Fmedia&parent=861"}],"wp:term":[{"taxonomy":"category","embeddable":true,"href":"https:\/\/www.ladislavjakl.cz\/index.php?rest_route=%2Fwp%2Fv2%2Fcategories&post=861"},{"taxonomy":"post_tag","embeddable":true,"href":"https:\/\/www.ladislavjakl.cz\/index.php?rest_route=%2Fwp%2Fv2%2Ftags&post=861"}],"curies":[{"name":"wp","href":"https:\/\/api.w.org\/{rel}","templated":true}]}}