{"id":864,"date":"2011-03-25T13:21:22","date_gmt":"2011-03-25T12:21:22","guid":{"rendered":"http:\/\/www.ladislavjakl.cz\/?p=864"},"modified":"2011-03-25T13:21:22","modified_gmt":"2011-03-25T12:21:22","slug":"heydrich-a-zkorumpovana-evropska-unie","status":"publish","type":"post","link":"https:\/\/www.ladislavjakl.cz\/?p=864","title":{"rendered":"Heydrich a zkorumpovan\u00e1 Evropsk\u00e1 unie"},"content":{"rendered":"<p>Dota\u010dn\u00ed politika Evropsk\u00e9 unie je zkorumpovan\u00e1 u\u017e  z\u00a0podstaty. Je zkorumpovan\u00e1, i kdy\u017e nen\u00ed zkorumpovan\u00e1. Proto\u017ee i tam,  kde se rozd\u011blov\u00e1n\u00ed pen\u011bz d\u011bje tak zvan\u011b leg\u00e1ln\u011b, nejde o men\u0161\u00ed korupci  ne\u017e tam, kde se d\u011bje ileg\u00e1ln\u011b.<\/p>\n<p><!--more--><\/p>\n<div>\n<p>Dnes prob\u011bhly m\u00e9dii tyto dv\u011b zd\u00e1nliv\u011b nesouvisej\u00edc\u00ed zpr\u00e1vy.<\/p>\n<p>Kv\u016fli \u010derp\u00e1n\u00ed dotac\u00ed na severu \u010cech policie obvinila sedm lid\u00ed, mezi  nimi i \u010deln\u00e9ho p\u0159edstavitele Rady regionu soudr\u017enosti Severoz\u00e1pad, kter\u00fd  rozd\u011bluje evropsk\u00e9 dotace pro \u00dasteck\u00fd a Karlovarsk\u00fd kraj.<\/p>\n<p>&#8222;M\u011bl jsem tu mo\u017enost jednat s Heiderem Heydrichem, aby se z\u00e1mek uvedl  do p\u016fvodn\u00edho stavu. A on nab\u00eddl pomoc sehnat pen\u00edze, nap\u0159\u00edklad p\u0159es  EU,&#8220; \u0159ekl\u00a0 starosta obce Panensk\u00e9 B\u0159e\u017eany Libor Hol\u00edk.<\/p>\n<p>Ob\u011b zpr\u00e1vy ale p\u0159es svou odli\u0161nost popisuji jeden jedin\u00fd jev. Brusel  z\u00a0da\u0148ov\u00fdch poplatn\u00edk\u016f vyt\u00e1hne stovky miliard, \u010d\u00e1st spot\u0159ebuje na  vlastn\u00ed provoz (asistent europoslance bere p\u016fl mili\u00f3nu m\u011bs\u00ed\u010dn\u011b) a \u010d\u00e1st  r\u016fzn\u00fdmi oklikami a p\u0159es r\u016fzn\u00e9 mezi\u010dl\u00e1nky milostiv\u011b vr\u00e1t\u00ed lidem zp\u011bt  v\u00a0podob\u011b spolufinancov\u00e1n\u00ed kdov\u00edjak vybran\u00fdch projekt\u016f.<\/p>\n<p>Copak m\u016f\u017ee existovat n\u011bjak\u00e9 objektivn\u00ed krit\u00e9rium, podle n\u011bho\u017e se ony  dotace rozd\u011bluj\u00ed? V\u017edy jde jen o subjektivn\u00ed posouzen\u00ed, o styky,  reference, zn\u00e1mosti. T\u0159eba v\u00a0jednom m\u011bste\u010dku dostalo tuhle najednou  dotace tolik z\u00e1jemc\u016f o provozov\u00e1n\u00ed pedik\u00fary, \u017ee by tam musely bydlet  sam\u00e9 stono\u017eky, aby dotovan\u00ed pedik\u00e9\u0159i m\u011bli na starost aspo\u0148 jednu nohu  denn\u011b.<\/p>\n<p>Ned\u00e1vno jsem nav\u0161t\u00edvil jeden nov\u00fd mal\u00fd pivovar. Majitel mi sd\u011blil, \u017ee  40 procent investic m\u00e1 z\u00a0dotace EU. Jeho konkurenti nedostali nic,  neum\u011bli si to tak vyb\u011bhat. Tak\u017ee on u\u0161et\u0159en\u00e9 pen\u00edze pou\u017eil na jin\u00e9  podnik\u00e1n\u00ed a k\u00a0tomu zlevnil sv\u00e9 pivo tak, \u017ee to konkurence m\u016f\u017ee zabalit.<\/p>\n<p>Ka\u017ed\u00e1 z\u00a0t\u011bchto dotac\u00ed k\u0159iv\u00ed trh, je protekc\u00ed pro jedny a diskriminac\u00ed  pro druh\u00e9. Ka\u017ed\u00e1 znamen\u00e1 zmarn\u011bn\u00ed pen\u011bz, kter\u00e9 by jinak lid\u00e9 sami u\u017eili  \u0161etrn\u011bji, efektivn\u011bji, l\u00e9pe a zodpov\u011bdn\u011bji.<\/p>\n<p>L\u00e9ta n\u00e1s krmili argumentem, jak je evropsk\u00e1 integrace u\u017eite\u010dn\u00e1 kv\u016fli  tomu, \u017ee existuj\u00ed probl\u00e9my p\u0159esahuj\u00edc\u00ed hranice st\u00e1t\u016f, u nich\u017e je t\u0159eba  spojit sv\u00e9 s\u00edly, domluvit se na postupu a spole\u010dn\u011b v\u011bc i zaplatit.  Dobr\u00e1.<\/p>\n<p>Je ale t\u00edm probl\u00e9mem p\u0159esahuj\u00edc\u00edm hranice st\u00e1t\u016f m\u016fstek p\u0159es potok  n\u011bkde v\u00a0lese na Vyso\u010din\u011b? Pro\u010d tedy u toho m\u016fstku stoj\u00ed cedule drah\u00e1  skoro jak ten m\u016fstek s\u00e1m, \u017ee projekt byl financov\u00e1n z\u00a0prost\u0159edk\u016f EU? To  si ten m\u016fstek nemohli zaplatit obyvatel\u00e9 ze sousedn\u00edch vesnic sami? To  museli povinn\u011b odevzdat sv\u00e9 pen\u00edze do Bruselu a pak \u010dekat, a\u017e tam n\u011bkdo  daleko rozhodne o tom, \u017ee zrovna jejich m\u016fstek je probl\u00e9mem  kontinent\u00e1ln\u00edho v\u00fdznamu, vy\u017eaduj\u00edc\u00edm finan\u010dn\u00ed toky nap\u0159\u00ed\u010d kontinentem  sem tam?<\/p>\n<p>Nemysl\u00edm si, \u017ee d\u011bti maj\u00ed pykat za h\u0159\u00edchy sv\u00fdch rodi\u010d\u016f. Zvl\u00e1\u0161t\u011b  tehdy, kdy\u017e se k\u00a0jejich odkazu dok\u00e1\u017e\u00ed \u010destn\u011b postavit. Proto mi nijak  nevad\u00ed anga\u017em\u00e1 syna \u0159\u00ed\u0161sk\u00e9ho protektora a kata \u010desk\u00e9ho lidu Reinharda  Heydricha ve v\u011bci obnovy zch\u00e1tral\u00e9ho z\u00e1mku v\u00a0Panensk\u00fdch B\u0159e\u017eanech. Jen\u017ee  to by podstatou toho anga\u017em\u00e1 muselo b\u00fdt to, \u017ee pen\u00edze vysol\u00ed ze sv\u00e9ho.  Nebo \u017ee t\u0159eba zorganizuje sb\u00edrku mezi potomky prominentn\u00edch nacist\u016f. On  se ale podle starosty Hol\u00edka nab\u00eddl, \u017ee se\u017eene pen\u00edze \u201enap\u0159\u00edklad\u201c p\u0159es  EU.<\/p>\n<p>Tak\u017ee ono jde sehnat pen\u00edze p\u0159es EU n\u011bjakou p\u0159\u00edmluvou? To tam m\u00e1 pan  Heydrich teti\u010dku? \u010c\u00ed teti\u010dky tam tedy rozhoduj\u00ed? A jak\u00fd je pak rozd\u00edl  mezi takovou p\u0159\u00edmluvou (kdov\u00ed, jak\u00e1 je jej\u00ed podoba) a t\u00edm, co se podle  n\u011bkter\u00fdch informac\u00ed d\u011blo na \u00fasteck\u00e9m \u00fa\u0159ad\u011b pro rozd\u011blov\u00e1n\u00ed bruselsk\u00fdch  dotaci?<\/p>\n<p>V\u0161echny pen\u00edze z\u00a0dotac\u00ed EU jsou rozd\u011blov\u00e1ny podobn\u011b. N\u011bkter\u00e9 proti  n\u011bjak\u00fdm pravidl\u016fm, jin\u00e9 podle n\u011bjak\u00fdch pravidel. V\u0161echny jsou ale  rozd\u011blov\u00e1n\u00edm z\u00a0ciz\u00edho, rozhodov\u00e1n\u00edm o na\u0161ich pen\u011bz\u00edch podle  voluntaristick\u00fdch krit\u00e9ri\u00ed a podle zcela subjektivn\u00edch motiv\u016f. Slo\u017eit\u00e1  byrokracie kolem hodnocen\u00ed projekt\u016f, kter\u00e1 m\u00e1 \u00fadajn\u011b tento voluntarismus  omezit, v\u00a0tom jen d\u011bl\u00e1 v\u011bt\u0161\u00ed mlhu a zmatek. Kdo se v\u00a0tom chaosu um\u00ed  pohybovat, m\u016f\u017ee slibovat a rozd\u00e1vat, jak je mu libo. A miliardy l\u00edtaj\u00ed.<\/p>\n<p>Komu by se necht\u011blo zlep\u0161it image sv\u00e9ho jm\u00e9na za ciz\u00ed pen\u00edze! Komu by  se necht\u011blo b\u00fdt zaps\u00e1n jako zachr\u00e1nce pam\u00e1tky, kdy\u017e to zaplat\u00ed chud\u00e1k  poplatn\u00edk? Ne, to nen\u00ed kritika pana Heidera Heydricha. To je kritika od  z\u00e1kladu zkorumpovan\u00e9ho syst\u00e9mu dotac\u00ed EU. Pry\u010d s\u00a0n\u00edm. Do Bruselu u\u017e nic  nepos\u00edlejme a nic od n\u011bj necht\u011bjme.<\/p>\n<p>Ladislav Jakl<\/p><\/div>\n","protected":false},"excerpt":{"rendered":"<p>Dota\u010dn\u00ed politika Evropsk\u00e9 unie je zkorumpovan\u00e1 u\u017e z\u00a0podstaty. Je zkorumpovan\u00e1, i kdy\u017e nen\u00ed zkorumpovan\u00e1. Proto\u017ee i tam, kde se rozd\u011blov\u00e1n\u00ed pen\u011bz d\u011bje tak zvan\u011b leg\u00e1ln\u011b, nejde o men\u0161\u00ed korupci ne\u017e tam, kde se d\u011bje ileg\u00e1ln\u011b.<\/p>\n","protected":false},"author":1,"featured_media":0,"comment_status":"open","ping_status":"open","sticky":false,"template":"","format":"standard","meta":{"ngg_post_thumbnail":0,"footnotes":""},"categories":[1],"tags":[],"class_list":["post-864","post","type-post","status-publish","format-standard","hentry","category-publikovane-clanky"],"_links":{"self":[{"href":"https:\/\/www.ladislavjakl.cz\/index.php?rest_route=\/wp\/v2\/posts\/864","targetHints":{"allow":["GET"]}}],"collection":[{"href":"https:\/\/www.ladislavjakl.cz\/index.php?rest_route=\/wp\/v2\/posts"}],"about":[{"href":"https:\/\/www.ladislavjakl.cz\/index.php?rest_route=\/wp\/v2\/types\/post"}],"author":[{"embeddable":true,"href":"https:\/\/www.ladislavjakl.cz\/index.php?rest_route=\/wp\/v2\/users\/1"}],"replies":[{"embeddable":true,"href":"https:\/\/www.ladislavjakl.cz\/index.php?rest_route=%2Fwp%2Fv2%2Fcomments&post=864"}],"version-history":[{"count":1,"href":"https:\/\/www.ladislavjakl.cz\/index.php?rest_route=\/wp\/v2\/posts\/864\/revisions"}],"predecessor-version":[{"id":865,"href":"https:\/\/www.ladislavjakl.cz\/index.php?rest_route=\/wp\/v2\/posts\/864\/revisions\/865"}],"wp:attachment":[{"href":"https:\/\/www.ladislavjakl.cz\/index.php?rest_route=%2Fwp%2Fv2%2Fmedia&parent=864"}],"wp:term":[{"taxonomy":"category","embeddable":true,"href":"https:\/\/www.ladislavjakl.cz\/index.php?rest_route=%2Fwp%2Fv2%2Fcategories&post=864"},{"taxonomy":"post_tag","embeddable":true,"href":"https:\/\/www.ladislavjakl.cz\/index.php?rest_route=%2Fwp%2Fv2%2Ftags&post=864"}],"curies":[{"name":"wp","href":"https:\/\/api.w.org\/{rel}","templated":true}]}}