{"id":870,"date":"2011-03-31T10:51:55","date_gmt":"2011-03-31T09:51:55","guid":{"rendered":"http:\/\/www.ladislavjakl.cz\/?p=870"},"modified":"2011-03-31T10:52:31","modified_gmt":"2011-03-31T09:52:31","slug":"d-o-s-t-je-obskurni-iniciativa-jak-se-to-pozna-na-jeji-akce-chodi-ondrej-stastny","status":"publish","type":"post","link":"https:\/\/www.ladislavjakl.cz\/?p=870","title":{"rendered":"D. O. S. T. je obskurn\u00ed iniciativa. Jak se to pozn\u00e1? Na jej\u00ed akce chod\u00ed Ond\u0159ej \u0160\u0165astn\u00fd."},"content":{"rendered":"<p>Jmenov\u00e1n\u00ed Ladislava B\u00e1tory n\u00e1m\u011bstkem ministra \u0161kolstv\u00ed stopnul a\u017e premi\u00e9r Petr Ne\u010das. Zast\u00e1nci b\u00fdval\u00e9ho kandid\u00e1ta extremistick\u00e9 N\u00e1rodn\u00ed strany si v pond\u011bl\u00ed dali sraz. Na akci D.O.S.T. \u0159e\u010dnil nap\u0159\u00edklad tajemn\u00edk prezidenta Klause Ladislav Jakl.<\/p>\n<p><!--more--><\/p>\n<p>&#8222;Mus\u00edme se br\u00e1nit proti teroru jm\u00e9nem politick\u00e1 korektnost. Te\u010f jsme v defenziv\u011b, mus\u00edme se nadechnout,&#8220; prohl\u00e1sil Jakl ve sv\u00e9m proslovu o mu\u017ei, kter\u00fd v roce 2006 kandidoval za N\u00e1rodn\u00ed stranu. Ta zpochyb\u0148ovala romsk\u00fd holokaust a volala po &#8222;kone\u010dn\u00e9m \u0159e\u0161en\u00ed ot\u00e1zky cik\u00e1nsk\u00e9&#8220;.<\/p>\n<p>&#8222;Smyslem b\u00e1tori\u00e1dy je vzkaz: P\u0159\u00ed\u0161t\u011b bys mohl j\u00edt ty, kdy\u017e si ned\u00e1\u0161 pozor,&#8220; zlobil se.<\/p>\n<p>B\u00e1tori\u00e1dou ozna\u010duje odm\u00edtavou reakci politik\u016f a ve\u0159ejnosti proti pl\u00e1nu ministra \u0161kolstv\u00ed Josefa Dobe\u0161e (VV) ud\u011blat mu\u017ee s extremistickou minulost\u00ed sv\u00fdm n\u00e1m\u011bstkem, tedy \u010dlov\u011bkem s kl\u00ed\u010dov\u00fdm vlivem na vzd\u011bl\u00e1vac\u00ed syst\u00e9m. To mu nakonec zak\u00e1zal premi\u00e9r Petr Ne\u010das (ODS), ale Dobe\u0161 ned\u00e1vno ozn\u00e1mil, \u017ee b\u00fdval\u00fd extremista bude aspo\u0148 jeho poradcem.<\/p>\n<p>Je p\u0159ijateln\u00e9, aby se \u010dlov\u011bk s B\u00e1torovou minulost\u00ed uch\u00e1zel o post n\u00e1m\u011bstka ministra \u0161kolstv\u00ed? I na to m\u011bl Jakl odpov\u011b\u010f.<\/p>\n<p>&#8222;V roce 1990 kandidoval za komunistickou stranu, tedy stranu odpov\u011bdnou za gulagy a vra\u017edu Milady Hor\u00e1kov\u00e9, jist\u00fd Jaroslav Soural. Tento mu\u017e se pozd\u011bji stal n\u00e1m\u011bstkem ministra \u0161kolstv\u00ed. Kolik \u010dl\u00e1nk\u016f o n\u011bm vy\u0161lo?!&#8220; \u0159\u00edk\u00e1 tajemn\u00edk hlavy st\u00e1tu a doslova k\u0159i\u010d\u00ed za \u0159e\u010dnick\u00fdm pult\u00edkem.<\/p>\n<p>Za B\u00e1toru se v minulosti rozhodn\u011b postavil i prezident Klaus. Mimochodem, ministr Dobe\u0161 p\u0159iznal, \u017ee mu B\u00e1toru doporu\u010dili pr\u00e1v\u011b lid\u00e9 z Hradu.<br \/>\n<strong><\/strong><\/p>\n<p><strong>&#8222;St\u00e1lo to za to a ud\u011blal bych to znova&#8220;<\/strong><\/p>\n<p>S\u00e1m B\u00e1tora nejprve tlumo\u010dil pozdrav od ministra \u0161kolstv\u00ed Dobe\u0161e, kter\u00fd na posledn\u00ed chv\u00edli \u00fa\u010dast v debat\u011b zru\u0161il. &#8222;Za N\u00e1rodn\u00ed stranu jsem kandidoval na protest proti sm\u011bru, kter\u00fdm se ub\u00edrala ODS,&#8220; l\u00ed\u010dil pon\u011bkud krkolomn\u011b B\u00e1tora. O tom, pro\u010d byl zrovna volebn\u00edm l\u00eddrem strany zleh\u010duj\u00edc\u00ed romsk\u00fd holokaust, B\u00e1tora nehovo\u0159il.<\/p>\n<p>Na konci srazu v\u0161ak B\u00e1tora \u0159ekl: &#8222;Po t\u011bch t\u00fddnech b\u00e1tori\u00e1dy \u0159\u00edk\u00e1m: St\u00e1lo to za to a ud\u011blal bych to znova.&#8220;<\/p>\n<p>Mezi stovkou p\u0159\u00edtomn\u00fdch sed\u011bl i aktivn\u00ed neonacista Petr Fry\u010d, \u010dlen D\u011blnick\u00e9 strany a \u010dlov\u011bk ob\u017ealovan\u00fd z vylepov\u00e1n\u00ed neonacistick\u00fdch let\u00e1k\u016f, ale i dal\u0161\u00ed pravicov\u00ed extremist\u00e9, jako Jan Sk\u00e1cel a Martin Kadle\u010d\u00edk.<\/p>\n<p>&#8222;Nechci se s v\u00e1mi bavit,&#8220; odr\u00e1\u017eel Fry\u010d dotazy, co se mu na akc\u00edch D.O.S.T. l\u00edb\u00ed. Fry\u010d se u\u017e z\u00fa\u010dastnil v roce 2009 Pochodu na Hrad proti Lisabonsk\u00e9 smlouv\u011b.<\/p>\n<p><a href=\"http:\/\/zpravy.idnes.cz\/branme-se-proti-batoriade-hajil-extremistu-tajemnik-jakl-pe6-\/domaci.asp?c=A110328_222440_domaci_abr\" target=\"_blank\">Zdroj<\/a><\/p>\n","protected":false},"excerpt":{"rendered":"<p>Jmenov\u00e1n\u00ed Ladislava B\u00e1tory n\u00e1m\u011bstkem ministra \u0161kolstv\u00ed stopnul a\u017e premi\u00e9r Petr Ne\u010das. Zast\u00e1nci b\u00fdval\u00e9ho kandid\u00e1ta extremistick\u00e9 N\u00e1rodn\u00ed strany si v pond\u011bl\u00ed dali sraz. Na akci D.O.S.T. \u0159e\u010dnil nap\u0159\u00edklad tajemn\u00edk prezidenta Klause Ladislav Jakl.<\/p>\n","protected":false},"author":1,"featured_media":0,"comment_status":"open","ping_status":"open","sticky":false,"template":"","format":"standard","meta":{"ngg_post_thumbnail":0,"footnotes":""},"categories":[11],"tags":[],"class_list":["post-870","post","type-post","status-publish","format-standard","hentry","category-ozvena"],"_links":{"self":[{"href":"https:\/\/www.ladislavjakl.cz\/index.php?rest_route=\/wp\/v2\/posts\/870","targetHints":{"allow":["GET"]}}],"collection":[{"href":"https:\/\/www.ladislavjakl.cz\/index.php?rest_route=\/wp\/v2\/posts"}],"about":[{"href":"https:\/\/www.ladislavjakl.cz\/index.php?rest_route=\/wp\/v2\/types\/post"}],"author":[{"embeddable":true,"href":"https:\/\/www.ladislavjakl.cz\/index.php?rest_route=\/wp\/v2\/users\/1"}],"replies":[{"embeddable":true,"href":"https:\/\/www.ladislavjakl.cz\/index.php?rest_route=%2Fwp%2Fv2%2Fcomments&post=870"}],"version-history":[{"count":2,"href":"https:\/\/www.ladislavjakl.cz\/index.php?rest_route=\/wp\/v2\/posts\/870\/revisions"}],"predecessor-version":[{"id":872,"href":"https:\/\/www.ladislavjakl.cz\/index.php?rest_route=\/wp\/v2\/posts\/870\/revisions\/872"}],"wp:attachment":[{"href":"https:\/\/www.ladislavjakl.cz\/index.php?rest_route=%2Fwp%2Fv2%2Fmedia&parent=870"}],"wp:term":[{"taxonomy":"category","embeddable":true,"href":"https:\/\/www.ladislavjakl.cz\/index.php?rest_route=%2Fwp%2Fv2%2Fcategories&post=870"},{"taxonomy":"post_tag","embeddable":true,"href":"https:\/\/www.ladislavjakl.cz\/index.php?rest_route=%2Fwp%2Fv2%2Ftags&post=870"}],"curies":[{"name":"wp","href":"https:\/\/api.w.org\/{rel}","templated":true}]}}