{"id":873,"date":"2011-03-31T10:53:35","date_gmt":"2011-03-31T09:53:35","guid":{"rendered":"http:\/\/www.ladislavjakl.cz\/?p=873"},"modified":"2011-03-31T10:53:35","modified_gmt":"2011-03-31T09:53:35","slug":"zrusme-letni-cas","status":"publish","type":"post","link":"https:\/\/www.ladislavjakl.cz\/?p=873","title":{"rendered":"Zru\u0161me letn\u00ed \u010das!"},"content":{"rendered":"<p>P\u0159edstavte si, \u017ee m\u00e1te v\u00a0pen\u011b\u017eence p\u011btistovku. Chcete  v\u00a0n\u00ed m\u00edt v\u00edc? To je jednoduch\u00e9. Za\u010dt\u011bte p\u011btistovce \u0159\u00edkat tis\u00edcikoruna. A  hned budete m\u00edt ve sv\u00e9\u00a0pen\u011b\u017eence dvojn\u00e1sobek.<\/p>\n<p><a name=\"t2\"><\/a><!--more--><\/p>\n<div>\n<p>Co na tom, \u017ee budete m\u00edt  re\u00e1ln\u011b pen\u011bz po\u0159\u00e1d stejn\u011b. Ale budete si moci \u0159\u00edct: m\u00e1m v\u00a0pen\u011b\u017eence  tis\u00edcikorunu! \u017de to je po\u0161etil\u00e9? Jist\u011b. Ale s\u00a0letn\u00edm \u010dasem je to stejn\u00e9.<\/p>\n<p>P\u0159edstavte si, \u017ee vl\u00e1da sv\u00fdm na\u0159\u00edzen\u00edm p\u0159ejmenuje ro\u010dn\u00ed obdob\u00ed na  roky. V\u00edte, jak se n\u00e1m hned prodlou\u017e\u00ed pr\u016fm\u011brn\u00fd v\u011bk? I j\u00e1 u\u017e budu  dvousetlet\u00fd a dokonce i n\u011bkolik \u010dty\u0159setlet\u00fdch se v\u00a0n\u00e1s najde! P\u0159itom to  st\u00e1lo tak m\u00e1lo, jednu v\u011btu ve vl\u00e1dn\u00edm na\u0159\u00edzen\u00ed. \u017de ve skute\u010dnosti \u017e\u00e1dn\u00fd  \u010dty\u0159setlet\u00fd nebude? Ale budeme jim tak moci \u0159\u00edkat! \u017de to je po\u0161etil\u00e9?  Jist\u011b. A s\u00a0letn\u00edm \u010dasem je to stejn\u00e9.<\/p>\n<p>Milovn\u00edci soci\u00e1ln\u00edho in\u017een\u00fdrstv\u00ed n\u00e1m \u0159\u00edkaj\u00ed, \u017ee d\u00edky letn\u00edmu \u010dasu je  ve\u010der d\u00e9le sv\u011btlo. Opravdu? Sv\u011btlo je \u00fapln\u011b stejn\u011b dlouho s\u00a0letn\u00edm \u010dasem  i bez n\u011bj, to se ned\u00e1 za\u0159\u00eddit vyhl\u00e1\u0161en\u00edm zm\u011bny \u010dasu. Del\u0161\u00ed ve\u010der  neza\u0159\u00edd\u00edme t\u00edm, \u017ee tomu okam\u017eiku, kter\u00e9mu jsme do minul\u00e9ho t\u00fddne \u0159\u00edkali  osm ve\u010der, budeme najednou \u0159\u00edkat dev\u011bt ve\u010der. T\u00edm se del\u0161\u00ed den neud\u011bl\u00e1,  jen tomu budeme jinak \u0159\u00edkat. Pen\u00edze se nerozmno\u017e\u00ed t\u00edm, \u017ee p\u011btistovk\u00e1m  za\u010dneme \u0159\u00edkat tis\u00edcikoruny. V\u011bk se neprodlou\u017e\u00ed t\u00edm, \u017ee kvart\u00e1ly  p\u0159ejmenujeme na roky.<\/p>\n<p>Milovn\u00edci soci\u00e1ln\u00edho in\u017een\u00fdrstv\u00ed v\u00e1m \u0159eknou, \u017ee del\u0161\u00ed ve\u010der stejn\u011b  bude, proto\u017ee jim d\u0159\u00edv skon\u010d\u00ed pr\u00e1ce o oni budou m\u00edt del\u0161\u00ed ve\u010der. Ale co  jim v\u00a0tom br\u00e1n\u00ed? Mohu d\u011blat peka\u0159e nebo popel\u00e1\u0159e, nebo si jinak domluvit  sm\u011bny. \u017de to nejde, proto\u017ee by se jim ostatn\u00ed nep\u0159izp\u016fsobili? Pche, tak  se n\u00e1s nebudou pt\u00e1t, donut\u00ed n\u00e1s v\u0161echny k\u00a0posunu pracovn\u00ed doby  na\u0159\u00edzen\u00edm vl\u00e1dy o letn\u00edm \u010dase!<\/p>\n<p>Letn\u00ed \u010das je formou n\u00e1sil\u00ed a soci\u00e1ln\u00edho in\u017een\u00fdrstv\u00ed. Je to jeden  z\u00a0projevu n\u00e1tlaku, kter\u00fdm si nuti\u010di za\u0159\u00edd\u00ed nedobrovolnou zm\u011bnu chov\u00e1n\u00ed  ostatn\u00edch tak, aby jim vyhovovala. A my jsme si to i letos zase nechali  l\u00edbit. Nejv\u011bt\u0161\u00ed surovost stolet\u00ed. \u017de si na ni n\u011bkte\u0159\u00ed z\u00a0n\u00e1s u\u017e skoro  zvykli, to jej\u00ed hloupost nijak neumen\u0161uje. Drz\u00fd letn\u00ed \u010das drz\u00fdch  soci\u00e1ln\u00edch in\u017een\u00fdr\u016f si prost\u011b zas p\u0159i\u0161el pro hodinu na\u0161eho \u017eivota.<\/p>\n<p>Tenhle v\u00fdmysl gener\u00e1l\u016f z\u00a0prvn\u00ed sv\u011btov\u00e9 v\u00e1lky rok co rok otravuje  poctiv\u00e9 lidi. Gener\u00e1lov\u00e9 tehdy h\u00fdbali hranicemi mezi n\u00e1rody a tak si  troufli i na \u010das. A jejich byrokrati\u010dt\u00ed n\u00e1stupci dnes maj\u00ed stejn\u00e9  ambice. Pohnout slun\u00ed\u010dkem na obloze neum\u011bj\u00ed, tak holt vydaj\u00ed befel.<\/p>\n<p>Jen\u017ee zem\u011bkoule se p\u0159i sv\u00e9 pouti vesm\u00edrem \u010derta star\u00e9ho zaj\u00edm\u00e1 o to,  jak jac\u00edsi tvore\u010dkov\u00e9 na jej\u00edm povrhu po\u010d\u00edtaj\u00ed sv\u016fj kalend\u00e1\u0159, kdy si  vymysl\u00ed p\u0159estupn\u00fd den \u010di podobnou legraci. T\u0159eba rovnodennost p\u0159ich\u00e1z\u00ed  podle kosmick\u00fdch pravidel se svou nadlidskou pravidelnost\u00ed, ale lidsk\u00e1  nepravidelnost tomuto okam\u017eiku holt p\u0159isoud\u00ed ob\u010das jedno datum, ob\u010das  jin\u00e9, ob\u010das t\u0159eba v\u00a0letopo\u010dtu P\u00e1na Forda, nebo b\u016fhv\u00edkolik\u00e1t\u00e9ho  thermidoru, \u010di jak\u00e9 po\u010d\u00edt\u00e1n\u00ed si z\u00a0kter\u00fd z\u00a0\u010dlov\u00ed\u010dk\u016f vymysl\u00ed. Zem\u011b se  nebude p\u0159izp\u016fsobovat ani Caesarovi, ani pape\u017ei \u0158eho\u0159ovi, ani Konventu,  ani Evropsk\u00e9 unii, ani vl\u00e1d\u011b \u010cesk\u00e9 republiky. Lidsk\u00e9 instituce a\u0165 mluv\u00ed  do lidsk\u00fdch v\u011bc\u00ed, kosmick\u00fd \u0159\u00e1d ale a\u0165 nechaj\u00ed na pokoji!<\/p>\n<p>Ale ned\u011blaj\u00ed to. Cht\u011bj\u00ed rozhodovat o tom, kolik je hodin. Zem\u011b se  to\u010d\u00ed dle vy\u0161\u0161\u00edch z\u00e1kon\u016f a do toho n\u00e1m n\u011bjak\u00e1 zpupn\u00e1 vl\u00e1da vyd\u00e1 na\u0159\u00edzen\u00ed,  \u017ee hodin nen\u00ed tolik, ale tolik. Ta troufalost! P\u0159itom m\u00e1me to \u0161t\u011bst\u00ed,  \u017ee \u017eijeme v\u00a0zemi, kterou proch\u00e1z\u00ed patn\u00e1ct\u00fd poledn\u00edk v\u00fdchodn\u00ed d\u00e9lky, a \u017ee  proto v\u00a0prav\u00e9 poledne m\u00e1me Slunce nad hlavou (v Jind\u0159ichov\u011b Hradci  dokonce p\u0159\u00edmo nad temenn\u00ed ple\u0161\u00ed). A do toho v\u00e1m vl\u00e1da chce na\u0159izovat, \u017ee  slunce bude kolmo (jasn\u011b\u017ee ve smyslu v\u00fdchodoz\u00e1padn\u00edm, na sever od  obratn\u00edku bude slunce v\u017edycky trochu na jih) nad ple\u0161\u00ed a\u017e v\u00a0jednu. Vl\u00e1dy  se pletou do spousty v\u011bc\u00ed, do kter\u00fdch jim nic nen\u00ed, ale co je moc, to  je moc. Ony cht\u011bj\u00ed m\u011bnit rotaci zem\u011b! Ony sahaj\u00ed na kosmick\u00fd syst\u00e9m!  Aristotele, vst\u00e1vej! Atlasi, dr\u017e pevn\u011bji!<\/p>\n<p>Sly\u0161\u00edm trapn\u00e9 argumenty. T\u0159eba, \u017ee u\u0161et\u0159\u00edme za ve\u010dern\u00ed sv\u00edcen\u00ed. Jak  kdo. Chce-li n\u011bkdo \u0161et\u0159it, a\u0165 chod\u00ed sp\u00e1t t\u0159eba se slepicema. Chce\u2013li  u\u0161et\u0159it n\u011bjak\u00fd \u00fa\u0159ad, a\u0165 \u00fa\u0159edn\u00edky vy\u017eene dom\u016f p\u0159ed setm\u011bn\u00edm. Ale m\u011bnit  re\u017eim sakumpr\u00e1sk cel\u00e9mu n\u00e1rodu? Lze v\u016fbec vy\u010d\u00edslit v\u00a0pen\u011bz\u00edch cenu  tohohle n\u00e1sil\u00ed? P\u0159eji ka\u017ed\u00e9mu \u201ehodinu nav\u00edc\u201c odpoledne, kdy\u017e ji tak  nutn\u011b pot\u0159ebuje. Tak a\u0165 vst\u00e1v\u00e1, kdy chce, t\u0159eba ve t\u0159i r\u00e1no. M\u016f\u017ee b\u00fdt  doma po poledni, jestli mu to stoj\u00ed za to. A\u0165 si fabriky ur\u010duj\u00ed pracovn\u00ed  dobu, jak cht\u011bj\u00ed, a\u0165 si tv\u016frci j\u00edzdn\u00edch \u0159\u00e1d\u016f po\u010d\u00edtaj\u00ed sv\u00e9 grafikony.  Jen\u017ee ono je jednodu\u0161\u0161\u00ed gener\u00e1ln\u011b vyhl\u00e1sit: poledne u\u017e bylo, n\u00e1rode,  proto\u017ee tak rozhodla vl\u00e1da!<\/p>\n<p>Pr\u00fd n\u00e1m na podzim tu hodinu vr\u00e1t\u00ed. To jo. Sedm m\u011bs\u00edc\u016f na n\u00ed budou  rajtovat a pak ji jednoho podzimn\u00edho r\u00e1na umolousanou, znect\u011bnou a  ohmatanou milostiv\u011b dostaneme zp\u011bt.<\/p>\n<p>O mnohem men\u0161\u00edch v\u011bcech se vyhla\u0161uje referendum \u010di je alespo\u0148 nutn\u00fd  z\u00e1kon, nejl\u00e9pe \u00fastavn\u00ed. A ot\u00e1\u010den\u00ed zem\u011bkoule m\u00e1 m\u00edt v\u00a0pa\u0159\u00e1tech jen vl\u00e1da a  jej\u00ed na\u0159\u00edzen\u00ed? Vl\u00e1da jako dvan\u00e1ct m\u011bs\u00ed\u010dk\u016f bude rozhodovat o \u010dase? Tak  to ne! Je nam\u00edst\u011b ob\u010dansk\u00e1 i kosmick\u00e1 neposlu\u0161nost. Na\u0161e i planety.  P\u0159isp\u011bme si! Zem\u011bkoule, nedej se, to\u010d se podle sv\u00e9ho! V\u011b\u0159\u00edme tob\u011b, ne  bohorovn\u00fdm samozvan\u00fdm tyran\u016fm \u010dasu!<\/p>\n<p><a href=\"http:\/\/jakl.blog.idnes.cz\/c\/184297\/Zrusme-letni-cas.html\" target=\"_blank\">Zdroj<\/a><\/div>\n","protected":false},"excerpt":{"rendered":"<p>P\u0159edstavte si, \u017ee m\u00e1te v\u00a0pen\u011b\u017eence p\u011btistovku. Chcete v\u00a0n\u00ed m\u00edt v\u00edc? To je jednoduch\u00e9. Za\u010dt\u011bte p\u011btistovce \u0159\u00edkat tis\u00edcikoruna. A hned budete m\u00edt ve sv\u00e9\u00a0pen\u011b\u017eence dvojn\u00e1sobek.<\/p>\n","protected":false},"author":1,"featured_media":0,"comment_status":"open","ping_status":"open","sticky":false,"template":"","format":"standard","meta":{"ngg_post_thumbnail":0,"footnotes":""},"categories":[10],"tags":[],"class_list":["post-873","post","type-post","status-publish","format-standard","hentry","category-zlehka"],"_links":{"self":[{"href":"https:\/\/www.ladislavjakl.cz\/index.php?rest_route=\/wp\/v2\/posts\/873","targetHints":{"allow":["GET"]}}],"collection":[{"href":"https:\/\/www.ladislavjakl.cz\/index.php?rest_route=\/wp\/v2\/posts"}],"about":[{"href":"https:\/\/www.ladislavjakl.cz\/index.php?rest_route=\/wp\/v2\/types\/post"}],"author":[{"embeddable":true,"href":"https:\/\/www.ladislavjakl.cz\/index.php?rest_route=\/wp\/v2\/users\/1"}],"replies":[{"embeddable":true,"href":"https:\/\/www.ladislavjakl.cz\/index.php?rest_route=%2Fwp%2Fv2%2Fcomments&post=873"}],"version-history":[{"count":2,"href":"https:\/\/www.ladislavjakl.cz\/index.php?rest_route=\/wp\/v2\/posts\/873\/revisions"}],"predecessor-version":[{"id":875,"href":"https:\/\/www.ladislavjakl.cz\/index.php?rest_route=\/wp\/v2\/posts\/873\/revisions\/875"}],"wp:attachment":[{"href":"https:\/\/www.ladislavjakl.cz\/index.php?rest_route=%2Fwp%2Fv2%2Fmedia&parent=873"}],"wp:term":[{"taxonomy":"category","embeddable":true,"href":"https:\/\/www.ladislavjakl.cz\/index.php?rest_route=%2Fwp%2Fv2%2Fcategories&post=873"},{"taxonomy":"post_tag","embeddable":true,"href":"https:\/\/www.ladislavjakl.cz\/index.php?rest_route=%2Fwp%2Fv2%2Ftags&post=873"}],"curies":[{"name":"wp","href":"https:\/\/api.w.org\/{rel}","templated":true}]}}