{"id":8730,"date":"2018-06-22T14:48:22","date_gmt":"2018-06-22T12:48:22","guid":{"rendered":"http:\/\/www.ladislavjakl.cz\/?p=8730"},"modified":"2018-06-22T14:48:22","modified_gmt":"2018-06-22T12:48:22","slug":"hanspaulka-svet-sam-o-sobe","status":"publish","type":"post","link":"https:\/\/www.ladislavjakl.cz\/?p=8730","title":{"rendered":"HansPaulka, sv\u011bt s\u00e1m o sob\u011b"},"content":{"rendered":"<div class=\"opener\">D\u00e1l u\u017e si to nepamatuju, ale takhle o Hanspaulce na za\u010d\u00e1tku 80. let zp\u00edvala dejvick\u00e1 kapela Drevokoc\u00far, a v tom posm\u011bchu nebylo mo\u017en\u00e9 p\u0159eslechnout i velk\u00fd kus z\u00e1visti a mo\u017en\u00e1 i \u00facty.<\/div>\n<p><!--more--><\/p>\n<div id=\"art-text\" class=\"text\">\n<p><em>Stoj\u00ed nad m\u011bstem v sv\u00fd nehynouc\u00ed sl\u00e1v\u011b\/ dv\u011bst\u011bdvaaosmdes\u00e1t\/ to je ta vej\u0161ka z kter\u00fd shl\u00ed\u017e\u00ed dol\u016f na sv\u011bt\/ j\u00f3 \u010d\u00edm jsme star\u0161\u00ed t\u00edm v\u00edc ji m\u00e1m r\u00e1d \/ reggae jak Kingstontownu \u010dern\u011bj\u0161\u00ed ne\u017e k\u00e1va \/ nen\u00ed to ryba a nen\u00ed to rak \/ sbor ji\u017en\u00edch veter\u00e1n\u016f se sekyrkou m\u00e1v\u00e1 \/ hudebn\u011b z\u00e1bavnej brak \/ nemaj tu r\u00e1di vet\u0159eleck\u00fd tv\u00e1\u0159e \/ takov\u00fd vyhazujou z Houty\u0161e ven \/ hlavy a\u017e v oblac\u00edch a kolem svatoz\u00e1\u0159e \/ z d\u00e1lky to vypad\u00e1 h\u016f\u0159 ne\u017e zlej sen \/<\/em><\/p>\n<p>Ano, v t\u00e9 dob\u011b byla Hanspaulka pojmem, a nejenom v muzice. Prost\u011b to tu \u017eilo, svobodn\u011b a posv\u00e9m. Kdy\u017e ve dvac\u00e1t\u00fdch letech na m\u00edstech n\u011bkdej\u0161\u00edch vinic, zahrad a usedlost\u00ed Hanspaulka coby vilov\u00e1 \u010dtvr\u0165 vznikala, sestehovala se sem hlavn\u011b vy\u0161\u0161\u00ed st\u0159edn\u00ed t\u0159\u00edda: l\u00e9ka\u0159i, pr\u00e1vn\u00edci, u\u010ditel\u00e9. N\u011bkolik unik\u00e1tn\u00edch vil si tu nechali postavit i skute\u010dn\u011b z\u00e1mo\u017en\u00ed Pra\u017ean\u00e9.<\/p>\n<p>O t\u0159icet let pozd\u011bji se tak\u00e9 sem dovalila vlna pov\u00e1le\u010dn\u00e9 plebejizace, na voln\u00e9 pl\u00e1cky mezi vilami se vt\u011bstnalo n\u011bkolik panel\u00e1\u010dk\u016f a bytovek. Soci\u00e1ln\u00ed struktura se tak zna\u010dn\u011b rozr\u016fznila. Co\u017e d\u011btem v pades\u00e1t\u00fdch a \u0161edes\u00e1t\u00fdch letech moc nevadilo, honily se spolu po parc\u00edch a \u0160\u00e1reck\u00fdm \u00fadol\u00edm syn advok\u00e1ta se synkem z\u00e1me\u010dn\u00edka z Kolbenky.<\/p>\n<p>Jen\u017ee p\u0159eci jen n\u011bjak\u00fd ten doktorsk\u00fd synek m\u011bl z\u00e1padn\u00ed kontakty a tedy doma ta spr\u00e1vn\u00e1 elp\u00ed\u010dka, synek od pana profesora k dispozici gar\u00e1\u017e pro zku\u0161ebnu a dcerka od \u0159ezn\u00edka zas trochu kapit\u00e1lu na n\u00e1stroje a aparaturu. A u\u017e to jelo.<\/p>\n<p>V ka\u017ed\u00e9 p\u00e1t\u00e9 vile do toho mydlili hlava nehlava, rodily se talenty a jedna kapela za druhou. Neso\u010dili tu na sebe, muzikanti se p\u0159el\u00e9vali z jedn\u00e9 kapely do druh\u00e9, ka\u017ed\u00fd p\u0159isp\u011bl n\u011bjakou svou inspirac\u00ed a hlavn\u011b to pak v\u0161ichni zapili v hospod\u011b Houty\u0161.<\/p>\n<p>Ta u\u017e d\u00e1vno neexistuje, stejn\u011b jako mnoh\u00e1 z on\u011bch kapel. Kdekter\u00fd bou\u0159liv\u00e1k se vybou\u0159il, usadil se s rodinkou, nechal fl\u00e1m\u016f a s kravatou chod\u00ed r\u00e1no co r\u00e1no do zam\u011bstn\u00e1n\u00ed. Ale n\u011bkde v rohu m\u00e1 op\u0159enou kytaru, na polici star\u00e9 desky a v baru p\u00e1r dobr\u00fdch lahv\u00ed. N\u011bkde tam vespod to z\u016fstane nav\u017edy. Proto\u017ee Hanspaulka, ta zm\u011bnila ka\u017ed\u00e9ho.<\/p>\n<p>A co z\u016fstalo? Vedle n\u011bkdej\u0161\u00edho Houty\u0161e dne\u0161n\u00ed restaurace Na Hanspaulce se skv\u011blou kuchyn\u00ed. Kus od n\u00ed bar U h\u0159eb\u00edka, kde se py\u0161n\u00ed p\u011bkn\u00fdmi kousky z mikropivovar\u016f, hostinec Na star\u00e9 fa\u0159e, kde nab\u00edzej\u00ed skv\u011bl\u00fd le\u017e\u00e1k z B\u0159evnovsk\u00e9ho pivovaru a vzpom\u00ednku na zdej\u0161\u00ed zahradn\u00ed muzikantsk\u00e1 p\u00e1rty, hned naproti po letech o\u017e\u00edv\u00e1 Hendl\u016fv dv\u016fr, v n\u011bm\u017e se t\u0159eba sv\u00e9ho obnoven\u00ed do\u010dk\u00e1 i n\u011bkdej\u0161\u00ed slavn\u00e1 bigb\u00edtov\u00e1 hospoda U Mat\u011bje, kter\u00e1 za\u017eila n\u011bco bezva koncert\u016f, o nich\u017e by mohl vypr\u00e1v\u011bt t\u0159eba kytarista R\u00ed\u0161a, co le\u017e\u00ed na h\u0159bitov\u011b hned za budovou Hendlova dvora. Na sam\u00e9 hran\u011b nad \u0160\u00e1reck\u00fdm \u00fadol\u00edm se st\u00e1le hrav\u00e1 v klubu Raf, kde se tv\u016fr\u010d\u00edm zp\u016fsobem p\u011bkn\u011b vy\u0159\u00e1dil \u0161ikovn\u00fd v\u00fdtvarn\u00edk.<\/p>\n<p>A co je\u0161t\u011b z\u016fstalo? Yo Yo band u\u017e ne v p\u016fvodn\u00ed sestav\u011b, ale p\u0159eci jen \u017eije sv\u016fj karibsk\u00fd sen, r\u016fzn\u00e9 sestavy kolem Ivana Hlase hrajou d\u00e1l jeho chytlav\u00e9 p\u00edsn\u011b, i ten Ond\u0159ej Hejma si ve chvilk\u00e1ch mezi vystupov\u00e1n\u00edm v roli estr\u00e1dn\u00edho um\u011blce zahraje poji\u017eansku \u017dlut\u00e9ho psa, bluesov\u00e9 lesn\u00ed ovoce dodnes rozd\u00e1vaj\u00ed Petar Introvi\u010d a Martin Kraus, a v mnoha dobr\u00fdch \u010desk\u00fdch kapel\u00e1ch dodnes bojuj\u00ed veter\u00e1ni star\u00fdch dobr\u00fdch hanspaulsk\u00fdch \u010das\u016f.<\/p>\n<p>A\u0165 u\u017e sv\u016fj horsk\u00fd v\u00fd\u0161lap vezmete ze z\u00e1kladn\u00edho t\u00e1bora n\u011bkde v Zelen\u00e9 ulici, z Kula\u0165\u00e1ku nebo od Hadovky, v\u017edycky s ka\u017ed\u00fdm metrem sm\u011brem nahoru budete bl\u00ed\u017e nejen k oblak\u016fm, ale i k tomu zvl\u00e1\u0161tn\u00edmu fluidu, ze kter\u00e9ho se zrodila hanspaulsk\u00e1 muzikantsk\u00e1 generace. Ale stejn\u011b jako si nes\u00e1hnete na ona oblaka, i to fluidum v\u00e1m bude po\u0159\u00e1d unikat, pokud jste si coby d\u011bcko nehr\u00e1li na schovku pr\u00e1v\u011b ve zdej\u0161\u00edm labyrintu uli\u010dek kolem hanspaulsk\u00fdch vil a dome\u010dk\u016f.<\/p>\n<p><em>Ps\u00e1no pro publikaci IVK Hanspaulka<\/em><\/p>\n<\/div>\n<p><a href=\"https:\/\/jakl.blog.idnes.cz\/blog.aspx?c=667762\">Zdroj<\/a><\/p>\n","protected":false},"excerpt":{"rendered":"<p>D\u00e1l u\u017e si to nepamatuju, ale takhle o Hanspaulce na za\u010d\u00e1tku 80. let zp\u00edvala dejvick\u00e1 kapela Drevokoc\u00far, a v tom posm\u011bchu nebylo mo\u017en\u00e9 p\u0159eslechnout i velk\u00fd kus z\u00e1visti a mo\u017en\u00e1 i \u00facty.<\/p>\n","protected":false},"author":1,"featured_media":0,"comment_status":"open","ping_status":"open","sticky":false,"template":"","format":"standard","meta":{"ngg_post_thumbnail":0,"footnotes":""},"categories":[10],"tags":[],"class_list":["post-8730","post","type-post","status-publish","format-standard","hentry","category-zlehka"],"_links":{"self":[{"href":"https:\/\/www.ladislavjakl.cz\/index.php?rest_route=\/wp\/v2\/posts\/8730","targetHints":{"allow":["GET"]}}],"collection":[{"href":"https:\/\/www.ladislavjakl.cz\/index.php?rest_route=\/wp\/v2\/posts"}],"about":[{"href":"https:\/\/www.ladislavjakl.cz\/index.php?rest_route=\/wp\/v2\/types\/post"}],"author":[{"embeddable":true,"href":"https:\/\/www.ladislavjakl.cz\/index.php?rest_route=\/wp\/v2\/users\/1"}],"replies":[{"embeddable":true,"href":"https:\/\/www.ladislavjakl.cz\/index.php?rest_route=%2Fwp%2Fv2%2Fcomments&post=8730"}],"version-history":[{"count":1,"href":"https:\/\/www.ladislavjakl.cz\/index.php?rest_route=\/wp\/v2\/posts\/8730\/revisions"}],"predecessor-version":[{"id":8731,"href":"https:\/\/www.ladislavjakl.cz\/index.php?rest_route=\/wp\/v2\/posts\/8730\/revisions\/8731"}],"wp:attachment":[{"href":"https:\/\/www.ladislavjakl.cz\/index.php?rest_route=%2Fwp%2Fv2%2Fmedia&parent=8730"}],"wp:term":[{"taxonomy":"category","embeddable":true,"href":"https:\/\/www.ladislavjakl.cz\/index.php?rest_route=%2Fwp%2Fv2%2Fcategories&post=8730"},{"taxonomy":"post_tag","embeddable":true,"href":"https:\/\/www.ladislavjakl.cz\/index.php?rest_route=%2Fwp%2Fv2%2Ftags&post=8730"}],"curies":[{"name":"wp","href":"https:\/\/api.w.org\/{rel}","templated":true}]}}