{"id":8742,"date":"2018-07-30T13:02:30","date_gmt":"2018-07-30T11:02:30","guid":{"rendered":"http:\/\/www.ladislavjakl.cz\/?p=8742"},"modified":"2018-07-30T13:02:30","modified_gmt":"2018-07-30T11:02:30","slug":"zvracenost-por-no-vlajka-ve-vag-ine-a-kun-di-orgie-havel-znasilnujici-zidovskeho-chlapce-slusni-lide-protestujici-proti-predstaveni-v-brne-debatovali-o-tom-co-se-delo-na-jevisti","status":"publish","type":"post","link":"https:\/\/www.ladislavjakl.cz\/?p=8742","title":{"rendered":"Zvr\u00e1cenost, por.no, vlajka ve vag.in\u011b a Kun.d\u00ed orgie. Havel zn\u00e1sil\u0148uj\u00edc\u00ed \u017eidovsk\u00e9ho chlapce. Slu\u0161n\u00ed lid\u00e9 protestuj\u00edc\u00ed proti p\u0159edstaven\u00ed v Brn\u011b debatovali o tom, co se d\u011blo na jevi\u0161ti"},"content":{"rendered":"<p>Konzervativn\u011b reak\u010dn\u00ed Akce D.O.S.T. uspo\u0159\u00e1dala debatu s n\u00e1zvem Hovory se Slu\u0161n\u00fdmi lidmi, kter\u00e1 se t\u00fdkala smyslu a mez\u00ed um\u011bleck\u00e9 svobody v souvislosti s p\u0159edstaven\u00edm Na\u0161e n\u00e1sil\u00ed a va\u0161e n\u00e1sil\u00ed v brn\u011bnsk\u00e9m divadle Husa na prov\u00e1zku, p\u0159i kter\u00e9m p\u0159edstavitel Je\u017e\u00ed\u0161e zahalen\u00fd do \u010desk\u00e9 vlajky zn\u00e1sil\u0148oval muslimku a here\u010dka si vytahovala z vaginy vlajku \u010cesk\u00e9 republiky.<\/p>\n<p><!--more--><\/p>\n<p>B\u011bhem ve\u010dera, kter\u00fd moderoval publicista Michal Sem\u00edn, vystoupili p\u0159edstavitel skupiny Slu\u0161n\u00ed lid\u00e9&nbsp; Ludv\u00edk Kummer, p\u0159edseda Akce D.O.S.T. Petr Bahn\u00edk a Ladislav Jakl z&nbsp;Institutu V\u00e1clava Klause. &nbsp;<\/p>\n<p>Sem\u00edn na \u00favod pod\u011bkoval Slu\u0161n\u00fdm lidem za jejich protest, kter\u00fd vyprovokoval mnoho lid\u00ed, aby se k&nbsp;uveden\u00e9mu p\u0159edstaven\u00ed vyj\u00e1d\u0159ili.<\/p>\n<h4><strong>Vagina ve vlajce a otev\u0159en\u00e9 sexu\u00e1ln\u00ed praktiky a svat\u00e1 noc<\/strong><\/h4>\n<p>Nejprve promluvil&nbsp;<strong>Ludv\u00edk Kummer<\/strong>&nbsp;z&nbsp;politick\u00e9ho hnut\u00ed Slu\u0161n\u00ed lid\u00e9, kter\u00fd se protestu v&nbsp;divadle z\u00fa\u010dastnil a kter\u00fd p\u0159ibl\u00ed\u017eil, co se tam d\u011blo. Hra se ho pr\u00fd osobn\u011b dotkla. Vyvracel \u201ezl\u00e1 tvrzen\u00ed, \u017ee Slu\u0161n\u00ed lid\u00e9 nechod\u00ed ani do kostela\u201c. R\u00e1d by osobn\u011b \u0159ekl Tom\u00e1\u0161i Hal\u00edkovi, u kter\u00e9ho absolvovl p\u0159\u00edpravu na bi\u0159mov\u00e1n\u00ed, \u017ee to nen\u00ed pravda.<\/p>\n<p>\u0158ekl, \u017ee &nbsp;Slu\u0161n\u00ed lid\u00e9 byli jedin\u00ed, kte\u0159\u00ed se takto r\u00e1zn\u011b postavili proti t\u00e9to \u201eohavnosti\u201c. Brn\u011bnsk\u00e9 biskupstv\u00ed se dle n\u011bj sna\u017eilo b\u00fdt neviditeln\u00e9 a k\u0159es\u0165ansk\u00e9 strany vznesly jen slab\u00fd protest.<\/p>\n<p>\u201eHere\u010dka uk\u00e1zala sv\u00e9 intimn\u00ed partie, pozd\u011bj\u0161\u00ed sklad rekvizit. Hlavn\u011b, \u017ee jej\u00ed vlasy v&nbsp;hid\u017e\u00e1bu z\u016fstaly skryty zv\u011bdav\u00fdm pohled\u016fm,\u201c ironizoval Kummer. Hlavn\u00ed podn\u011bt pro to, \u017ee Slu\u0161n\u00ed lid\u00e9 vstoupili na p\u00f3dium byla sc\u00e9na, kdy si here\u010dka z&nbsp;vaginy za\u010dala vytahovat \u010deskou vlajku. Jeho osobn\u011b nejv\u00edce rozzlobilo, \u017ee p\u0159i otev\u0159en\u00fdch sexu\u00e1ln\u00edch praktik\u00e1ch na jevi\u0161ti hr\u00e1la p\u00edse\u0148 Tich\u00e1 noc, svat\u00e1 noc, kter\u00e1 je spojena s&nbsp;V\u00e1nocemi a nejposv\u00e1tn\u011bj\u0161\u00ed ud\u00e1lost\u00ed lidsk\u00fdch d\u011bjin. Tv\u016frci hry ji svou \u201ezvr\u00e1cenost\u00ed\u201c znesv\u011btili. Hra je podle n\u011bho \u201epromy\u0161len\u00fdm \u00fatokem na z\u00e1klady na\u0161\u00ed spole\u010dnosti a civilizace\u201c. P\u0159edstaven\u00ed bylo \u201enechutn\u00e9\u201c, \u201ejak z&nbsp;hampejzu\u201c.<\/p>\n<p>Kummer \u0159ekl, \u017ee ze strany Slu\u0161n\u00fdch lid\u00ed nedo\u0161lo k&nbsp;\u017e\u00e1dn\u00e9mu n\u00e1sil\u00ed a nikdo nebyl napaden a dodal, \u017ee necht\u011bli vyvolat konflikt, pouze cht\u011bli prostestovat. Vytvo\u0159ili lidsk\u00fd \u0159et\u011bz a postupn\u011b postupovali po jevi\u0161ti, \u010d\u00edm\u017e herc\u016fm znemo\u017enili, aby d\u00e1le hr\u00e1li. Mu\u017e, kter\u00fd se nah\u00fd p\u0159ed n\u011b postavil, podle n\u011bj patrn\u011b \u010dekal, \u017ee vyprovokuje r\u00e1nu, po deseti minut\u00e1ch se obl\u00e9kl. Dodal, \u017ee svle\u010den\u00e1 d\u00e1ma p\u0159inesla v\u011bt\u0161\u00ed estetick\u00fd z\u00e1\u017eitek ne\u017e svle\u010den\u00fd mu\u017e. Jedn\u00e1 se pr\u00fd o zelenou aktivistku.<\/p>\n<h4><strong>\u00dachylov\u00e9. Biskup Cirkle ml\u010del<\/strong><\/h4>\n<p>\u0158ekl, \u017ee z&nbsp;240 m\u00edst v&nbsp;hledi\u0161ti m\u011bli t\u0159icet Slu\u0161n\u00ed lid\u00e9 a asi deset sp\u0159\u00e1telen\u00ed mlad\u00ed katol\u00edci, \u010dili zb\u00fdvalo 200 na ty, kte\u0159\u00ed sami p\u0159i\u0161li na p\u0159edstaven\u00ed. \u201e200 \u00fachyl\u016f na 400 tis\u00edcov\u00e9 m\u011bsto nen\u00ed zas tolik,\u201c sm\u00e1l se.<\/p>\n<p>Po\u0159adatel\u00e9 p\u0159ivolali policii s&nbsp;t\u00edm, \u017ee je sp\u00e1ch\u00e1n p\u0159estupek ve form\u011b poru\u0161en\u00ed N\u00e1v\u0161t\u011bvn\u00edho \u0159\u00e1du divadla, Slu\u0161n\u00ed lid\u00e9 oponovali, \u017ee bylo poru\u0161eno hned n\u011bkolik z\u00e1kon\u016f. Kdy\u017e je policie vyzvala, aby se legitimovali, tak dobrovoln\u011b \u0161li.<\/p>\n<p>Intendantka divadla dle n\u011bho vyhro\u017eovala po\u017eadov\u00e1n\u00edm \u00fahrady za \u0161kody za zma\u0159en\u00ed p\u0159edstaven\u00ed. Doplnil, \u017ee konvertovala k&nbsp;\u017eidovstv\u00ed a jej\u00ed man\u017eel je praktikuj\u00edc\u00ed muslim. To se podle n\u011bj podepsalo i na dramaturgii festivalu.<\/p>\n<p>Martin Glaser je pr\u00fd p\u0159\u00edkladem um\u011blce, podle n\u011bho\u017e mu svoboda um\u011bleck\u00e9ho projevu dovoluje v\u0161e. V\u010detn\u011b povinnost\u00ed ob\u010dan\u016f p\u0159isp\u00edvat mu na to finan\u010dn\u011b. \u017d\u00e1dn\u00e9 divadlo podle Kummera ale nen\u00ed nad z\u00e1konem a nem\u00e1 pr\u00e1vo ur\u00e1\u017eet c\u00edt\u011bn\u00ed lid\u00ed. P\u0159ipomn\u011bl t\u00e9\u017e, \u017ee po\u010det p\u0159edplatitel\u016f divadla klesl o t\u0159etinu. P\u0159ipomn\u011bl reakci Romana Jocha, kdy\u017e Glaser ozna\u010doval protestuj\u00edc\u00ed za fa\u0161isty, \u017ee kdy\u017e toto bude ozna\u010dovat za fa\u0161ismus, tak si \u0159ada lid\u00ed \u0159ekne, \u017ee fa\u0161ismus je vlastn\u011b fajn.<\/p>\n<p>Kummer p\u0159ipomn\u011bl, \u017ee Glaserovi byl mand\u00e1t prodlou\u017een radou m\u011bsta o p\u011bt let. \u201eCo pan Glaser na pana prim\u00e1tora, kter\u00fd se proti tomu p\u016fvodn\u011b postavil, v\u00ed?\u201c dodal s&nbsp;t\u00edm, \u017ee pokud budou Slu\u0161n\u00ed lid\u00e9 zvoleni v&nbsp;komun\u00e1ln\u00edch volb\u00e1ch, pokus\u00ed se odvolat Glasera. D\u00e1le \u0159ekl, \u017ee Glaser je homosexu\u00e1l stejn\u011b jako re\u017eis\u00e9r Frlji\u0107. \u201eTito lid\u00e9 maj\u00ed z\u00e1konit\u011b zkreslen\u00e9 vid\u011bn\u00ed sv\u011bta, kter\u00e9 se n\u00e1m sna\u017e\u00ed vnucovat,\u201c \u0159ekl Kummer.<\/p>\n<p>Kummer p\u0159ipomn\u011bl, \u017ee n\u00e1m\u011bstek prim\u00e1tora Mat\u011bj Holan se nechal ve\u0159ejn\u011b bi\u010dovat a nechal se i vyfotit nah\u00fd.<\/p>\n<p>Kummer pod\u011bkoval kardin\u00e1lu Dukovi, kter\u00fd podpo\u0159il Slu\u0161n\u00e9 lidi. \u201eTom\u00e1\u0161 Hal\u00edk musel vid\u011bt hru dvakr\u00e1t, co\u017e s\u00e1m \u0159ekl,\u201c sm\u00e1l se Kummer. Zklamalo ho chov\u00e1n\u00ed brn\u011bnsk\u00e9ho biskupa Vojt\u011bcha Cikrleho, kter\u00fd neh\u00e1jil Je\u017e\u00ed\u0161e Krista a ml\u010del, podobn\u011b jako k\u0159es\u0165ansk\u00e1 m\u00e9dia R\u00e1dio Proglas a TV Noe.<\/p>\n<p>O B\u0159etislavu Rychl\u00edkovi, kter\u00fd o Slu\u0161n\u00fdch lidech \u0159\u00edkal, \u017ee jsou n\u00e1ckov\u00e9, \u0159ekl, \u017ee vypad\u00e1 jak bezdomovec. T\u00e9\u017e ho zaujala reakce J. X. Dole\u017eala na TV Prima, kde pr\u00fd \u0159ekl, \u017ee Slu\u0161n\u00ed lid\u00e9 jsou \u201ehovada, kter\u00e1 nemaj\u00ed pr\u00e1vo protestovat\u201c.<\/p>\n<p>Michal Sem\u00edn kr\u00e1tce glosoval vystoupen\u00ed ka\u017ed\u00e9ho panelisty. Podle n\u011bj p\u0159estaven\u00ed nem\u011blo nic spole\u010dn\u00e9ho s&nbsp;kulturou, kter\u00e1 je spojena se slovem kult, neboli \u00facta. Tam \u0161lo jen o znesv\u011bcen\u00ed, popliv\u00e1n\u00ed, zlobu a \u00fatoky. \u0160lo podle n\u011bj o zneu\u017eit\u00ed kultury pro politick\u00e9 \u00fa\u010dely v&nbsp;duchu frankfurtsk\u00e9 \u0161koly neomarxismu, kdy marxist\u00e9 zjistili, \u017ee neoslov\u00ed d\u011bln\u00edky, ale lidi z&nbsp;univerzit, divadel a m\u00e9di\u00ed, a s&nbsp;jejich pomoc\u00ed uskute\u010dn\u00ed revoluci. T\u00e9\u017e dodal, \u017ee Slu\u0161n\u00ed lid\u00e9 nikoho nenapadli, ale naopak byl napaden jeden protestuj\u00edc\u00ed katol\u00edk bl\u00edzk\u00fd Bratrstvu svat\u00e9ho Pia X. a nyn\u00ed se zva\u017euje trestn\u00ed ozn\u00e1men\u00ed pro ubl\u00ed\u017een\u00ed na zdrav\u00ed.<\/p>\n<h4><strong>Na\u0161e svoboda nen\u00ed va\u0161e svoboda<\/strong><\/h4>\n<p>B\u00fdval\u00fd tajemn\u00edk prezidenta Klause&nbsp;<strong>Ladislav Jakl<\/strong>&nbsp;vyslovil my\u0161lenku, \u017ee je s&nbsp;podivem, kolik lid\u00ed je schopno trestat \u010dlov\u011bka za n\u00e1zor, \u017ee nen\u00ed spr\u00e1vn\u00e9 trestat \u010dlov\u011bka za n\u00e1zor. P\u0159ipomn\u011bl sv\u00e9 star\u0161\u00ed texty, v&nbsp;nich\u017e psal proti tomu, aby policie zasahovala proti soukrom\u00fdm koncert\u016fm neonacist\u016f. Podle n\u011bj tam nebyla \u017e\u00e1dn\u00e1 hrozba pro spole\u010dnost, proto\u017ee se jednalo o soukromou akci pozvan\u00fdch lid\u00ed. Kv\u016fli tomu byl ozna\u010den za nacistu.<\/p>\n<p>P\u0159ipomn\u011bl dvoj\u00ed metr, kdy je op\u011bvov\u00e1n John Lennon a jeho komunistick\u00fd manifest zhudebn\u011bn\u00fd v&nbsp;p\u00edsni \u201eImagine\u201c \u010di vrah a terorista Che Guevarra.<\/p>\n<p>Pak dodal, \u017ee pozd\u011bji v&nbsp;pravoslavn\u00e9m chr\u00e1mu vystoupila \u201eromantick\u00e1 recita\u010dn\u00ed skupina Kund\u00ed orgie\u201c (Pussy Riot) a ti sam\u00ed lid\u00e9, kte\u0159\u00ed cht\u011bli svobodu slova p\u0159ed t\u00edm omezovat, nyn\u00ed svobodu projevu Pussy Riot h\u00e1jili. Existuje tedy dvoj\u00ed metr, kdy svoboda n\u00e1le\u017e\u00ed jen n\u011bkomu, kdy za n\u00e1\u0161ivku na bund\u011b m\u016f\u017eete j\u00edt sed\u011bt, ale tri\u010dko s&nbsp;vrahem Che Guevarrou nosit m\u016f\u017eete a jmenuje se po n\u011bm i n\u011bkolik bar\u016f.<\/p>\n<h4><strong>Ur\u00e1\u017een\u00ed st\u00e1tn\u00edho symbolu je politikou a ve\u0159ejn\u00fdm z\u00e1jmem m\u011bsta Brna<\/strong><\/h4>\n<p>Pokud jde o p\u0159edstaven\u00ed, \u0159ekl, \u017ee \u0161lo o p\u0159\u00ed\u0161ernou divadeln\u00ed hru za ve\u0159ejn\u00e9 pen\u00edze. Podle n\u011bj maj\u00ed b\u00fdt ve\u0159ejn\u00e9 pen\u00edze, kter\u00e9 plat\u00ed ob\u010dan\u00e9, pou\u017e\u00edv\u00e1ny jen pro financov\u00e1n\u00ed v\u011bc\u00ed, kter\u00e9 jsou ve ve\u0159ejn\u00e9m z\u00e1jmu. Divil se, jak by mohlo b\u00fdt ve ve\u0159ejn\u00e9m z\u00e1jmu, \u017ee \u201epornohere\u010dka vyndala ze sv\u00e9ho skladu rekvizit (m\u00edn\u011bna jej\u00ed vagina \u2013 pozn. red.) n\u00e1rodn\u00ed symbol\u201c. Toto m\u00e1 b\u00fdt st\u00e1tn\u00ed politikou? K&nbsp;tomuto m\u00e1 podle n\u011bj ve\u0159ejnost pr\u00e1vo se vyj\u00e1d\u0159it. Michal Sem\u00edn dodal, \u017ee p\u0159edstaven\u00ed v&nbsp;Huse na prov\u00e1zku je jen vrcholek ledovce. \u201eKolik je takov\u00fdch p\u0159edstaven\u00ed financovan\u00fdch z&nbsp;na\u0161ich pen\u011bz, o kter\u00fdch nev\u00edme?\u201c<\/p>\n<p><strong>Petr Bahn\u00edk<\/strong>&nbsp;p\u0159inesl v\u00edce teoretick\u00fd pohled na to, co je divadlo. Divadlo je dle n\u011bj symbolem ideje, kterou chce autor p\u0159edat. Herci podle n\u011bj p\u0159estali b\u00fdt herci, ale politick\u00fdmi aktivisty. Dle n\u011bj ne\u0161lo o um\u011bn\u00ed, ale propagaci ideje, kter\u00e1 m\u00e1 snahu rozlo\u017eit na\u0161i civilizaci a zas\u00edt do n\u00ed chaos.<\/p>\n<p>P\u0159ipomn\u011bl my\u0161lenku Ladislava Jakla, \u017ee liber\u00e1ln\u00ed demokrat\u00e9 nebo pravdol\u00e1ska\u0159i, havlist\u00e9 \u010di neomarxist\u00e9 cht\u011bj\u00ed, aby jejich ideologie byla z\u00e1kladem \u00fastavnosti a zakotvena vedouc\u00ed \u00faloha jejich idelogie, kdy liber\u00e1ln\u00ed demokracie je fakticky nemarxistickou ideologi\u00ed i vl\u00e1dnouc\u00edm re\u017eimem.<\/p>\n<p>P\u0159ipomn\u011bl slova Martina Glasera, \u017ee posl\u00e1n\u00edm ve\u0159ejnopr\u00e1vn\u00edho divadla je politick\u00e9 divadlo, kter\u00e9 bude provokovat. Ale dodal, \u017ee Danielu Landovi by v&nbsp;\u017e\u00e1dn\u00e9m p\u0159\u00edpad\u011b ve\u0159ejnou finan\u010dn\u00ed podporu nepodpo\u0159il. Vysv\u011btlil princip slun\u00ed\u010dk\u00e1\u0159\u016f: \u201eA\u0165 \u017eije svoboda, ale ta na\u0161e, ne ta va\u0161e\u201c. Vystoupen\u00ed Slu\u0161n\u00fdch lid\u00ed bylo nejen pr\u00e1vem, ale dokonce povinnost\u00ed ob\u010dana zabr\u00e1nit trestn\u00e9mu \u010dinu. Jde o opr\u00e1vn\u011bnou sebeobranu, ke kter\u00e9 bude pot\u0159eba s\u00e1hnout i v&nbsp;budoucnu. P\u0159ipomn\u011bl my\u0161lenku z&nbsp;p\u00edsn\u011b Tom\u00e1\u0161e Hameta, \u017ee \u201enebudeme-li na str\u00e1\u017ei, tak v\u016fbec nebudeme\u201c.<\/p>\n<h4><strong>Sodoma a Gomora<\/strong><\/h4>\n<p>Michal Sem\u00edn \u0159ekl, \u017ee sledov\u00e1n\u00ed po\u0159adu \u010cT Newsroom je bu\u010f pro kovan\u00e9 bol\u0161eviky nebo masochisty. P\u0159ipomn\u011bl, \u017ee V\u00e1clav Klaus ml. se nek\u00e1l a neposypal si hlavu popelem za to, \u017ee m\u011bl spole\u010dnou fotku s&nbsp;p\u0159edsedou Slu\u0161n\u00fdch lid\u00ed Zde\u0148kem Pernicou.<\/p>\n<p>P\u00edsni\u010dk\u00e1\u0159 Pepa Nos ozna\u010dil p\u0159edstaven\u00ed v&nbsp;diskusi za socialistick\u00fd pornorealismus. A kdy\u017e proti trestn\u00fdm \u010din\u016fm \u0161\u00ed\u0159en\u00ed pornografie nezas\u00e1hnou sv\u011btsk\u00e9 org\u00e1ny, Brno m\u016f\u017ee \u010dekat osud Sodomy a Gomory.<\/p>\n<p>B\u00fdval\u00fd diplomat Ji\u0159\u00ed Pavel Pe\u0161ek \u0159ekl, \u017ee cel\u00e1 v\u011bc m\u00e1 duchovn\u00ed rozm\u011br a jedn\u00e1 se o duchovn\u00ed boj proti tomu, kter\u00fd se postavil Bohu \u2013 proti padl\u00e9mu and\u011blu Luciferovi. \u0158ekl, \u017ee kdy\u017e je mo\u017en\u00e9 v\u0161e, tak pro\u010d by nemohla vzniknout hra, \u201ekde V\u00e1clav Havel zn\u00e1siln\u00ed \u017eidovsk\u00e9ho chlapce\u201c. P\u0159ipomn\u011bl, \u017ee v\u011bdci dok\u00e1zali, \u017ee m\u011bsta Sodoma a Gomora byla skute\u010dn\u011b zni\u010dena s\u00edrou. P\u0159ipomn\u011bl my\u0161lenku Alberta Einsteina, \u017ee lidstvo se vr\u00e1t\u00ed k&nbsp;Bohu, nebo se zni\u010d\u00ed.&nbsp;&nbsp;<\/p>\n<p>Evangelik\u00e1ln\u00ed aktivista a v\u00fdtvarn\u00edk V\u00e1clav Lamr zd\u016fraznil, \u017ee ho ur\u00e1\u017e\u00ed, kdy\u017e lid\u00e9, kte\u0159\u00ed nebojovali proti komunismu, se oh\u00e1n\u00ed svobodou slova, zat\u00edmco on byl perzekvov\u00e1n. P\u0159ipomn\u011bl, \u017ee v&nbsp;roce 1991 debatoval s&nbsp;islamisty, kte\u0159\u00ed mu \u0159ekli, \u017ee a\u017e jich bude v\u00edce, pod\u0159e\u017eou n\u00e1m krky.&nbsp; &nbsp;<\/p>\n<p><a href=\"https:\/\/www.euportal.cz\/Articles\/19336-zvracenost-por-no-vlajka-ve-vag-ine-a-kun-di-orgie-havel-znasilnujici-zidovskeho-chlapce-slusni-lide-protestujici-proti-predstaveni-v-brne-debatovali-o-tom-co-se-delo-na-jevisti.aspx\">Zdroj<\/a><\/p>\n","protected":false},"excerpt":{"rendered":"<p>Konzervativn\u011b reak\u010dn\u00ed Akce D.O.S.T. uspo\u0159\u00e1dala debatu s n\u00e1zvem Hovory se Slu\u0161n\u00fdmi lidmi, kter\u00e1 se t\u00fdkala smyslu a mez\u00ed um\u011bleck\u00e9 svobody v souvislosti s p\u0159edstaven\u00edm Na\u0161e n\u00e1sil\u00ed a va\u0161e n\u00e1sil\u00ed v brn\u011bnsk\u00e9m divadle Husa na prov\u00e1zku, p\u0159i kter\u00e9m p\u0159edstavitel Je\u017e\u00ed\u0161e zahalen\u00fd do \u010desk\u00e9 vlajky zn\u00e1sil\u0148oval muslimku a here\u010dka si vytahovala z vaginy vlajku \u010cesk\u00e9 republiky.<\/p>\n","protected":false},"author":1,"featured_media":0,"comment_status":"open","ping_status":"open","sticky":false,"template":"","format":"standard","meta":{"ngg_post_thumbnail":0,"footnotes":""},"categories":[11],"tags":[],"class_list":["post-8742","post","type-post","status-publish","format-standard","hentry","category-ozvena"],"_links":{"self":[{"href":"https:\/\/www.ladislavjakl.cz\/index.php?rest_route=\/wp\/v2\/posts\/8742","targetHints":{"allow":["GET"]}}],"collection":[{"href":"https:\/\/www.ladislavjakl.cz\/index.php?rest_route=\/wp\/v2\/posts"}],"about":[{"href":"https:\/\/www.ladislavjakl.cz\/index.php?rest_route=\/wp\/v2\/types\/post"}],"author":[{"embeddable":true,"href":"https:\/\/www.ladislavjakl.cz\/index.php?rest_route=\/wp\/v2\/users\/1"}],"replies":[{"embeddable":true,"href":"https:\/\/www.ladislavjakl.cz\/index.php?rest_route=%2Fwp%2Fv2%2Fcomments&post=8742"}],"version-history":[{"count":1,"href":"https:\/\/www.ladislavjakl.cz\/index.php?rest_route=\/wp\/v2\/posts\/8742\/revisions"}],"predecessor-version":[{"id":8743,"href":"https:\/\/www.ladislavjakl.cz\/index.php?rest_route=\/wp\/v2\/posts\/8742\/revisions\/8743"}],"wp:attachment":[{"href":"https:\/\/www.ladislavjakl.cz\/index.php?rest_route=%2Fwp%2Fv2%2Fmedia&parent=8742"}],"wp:term":[{"taxonomy":"category","embeddable":true,"href":"https:\/\/www.ladislavjakl.cz\/index.php?rest_route=%2Fwp%2Fv2%2Fcategories&post=8742"},{"taxonomy":"post_tag","embeddable":true,"href":"https:\/\/www.ladislavjakl.cz\/index.php?rest_route=%2Fwp%2Fv2%2Ftags&post=8742"}],"curies":[{"name":"wp","href":"https:\/\/api.w.org\/{rel}","templated":true}]}}