{"id":8747,"date":"2018-07-30T13:08:04","date_gmt":"2018-07-30T11:08:04","guid":{"rendered":"http:\/\/www.ladislavjakl.cz\/?p=8747"},"modified":"2018-07-30T13:08:20","modified_gmt":"2018-07-30T11:08:20","slug":"prazane-podekovali-slusnym-lidem-z-brna-byla-to-odvaha-ale-take-povinnost-protest-proti-zvracene-divadelni-hre-bodem-obratu-nekulturni-politicky-boj-na-jevisti-obludnosti-placene-z-nasich-dani","status":"publish","type":"post","link":"https:\/\/www.ladislavjakl.cz\/?p=8747","title":{"rendered":"Pra\u017ean\u00e9 pod\u011bkovali Slu\u0161n\u00fdm lidem z Brna: Byla to odvaha, ale tak\u00e9 povinnost. Protest proti zvr\u00e1cen\u00e9 divadeln\u00ed h\u0159e bodem obratu? Nekulturn\u00ed politick\u00fd boj na jevi\u0161ti. Obludnosti placen\u00e9 z na\u0161ich dan\u00ed"},"content":{"rendered":"<p>M\u011bs\u00edc od ob\u010dansk\u00e9ho protestu brn\u011bnsk\u00fdch ob\u010dan\u016f proti divadeln\u00ed h\u0159e \u201eNa\u0161e n\u00e1sil\u00ed, Va\u0161e n\u00e1sil\u00ed\u201c, uveden\u00e9 26. kv\u011btna v&nbsp;divadle Husa na prov\u00e1zku, uspo\u0159\u00e1dala konzervativn\u00ed&nbsp;<a href=\"http:\/\/www.akce-dost.cz\/\">Akce D.O.S.T.<\/a>&nbsp;diskusn\u00ed ve\u010der Hovory se slu\u0161n\u00fdmi lidmi.<\/p>\n<p><!--more--><\/p>\n<p>Ve \u010dtvrtek 28. \u010dervna tak vystoupili v&nbsp;Praze na Novotn\u00e9ho l\u00e1vce publicist\u00e9 z&nbsp;\u0159ad Akce D.O.S.T. a z\u00e1stupce Slu\u0161n\u00fdch lid\u00ed pr\u00e1vn\u00edk Ludv\u00edk Kummer, kter\u00fd se s&nbsp;diskutuj\u00edc\u00edmi pod\u011blil o sv\u00e9 motivy a post\u0159ehy z&nbsp;cel\u00e9 protestn\u00ed akce, kter\u00e1 vyvolala velkou medi\u00e1ln\u00ed a politickou odezvu a stala se tak\u0159ka p\u0159elomov\u00fdm po\u010dinem v&nbsp;obran\u011b tradi\u010dn\u00edch hodnot.<\/p>\n<h2>Antikultura<\/h2>\n<p>Publicista a m\u00edstop\u0159edseda Akce D.O.S.T. Michal Sem\u00edn, kter\u00fd cel\u00fdm ve\u010derem prov\u00e1zel hned v&nbsp;\u00favodu pod\u011bkoval Slu\u0161n\u00fdm lidem za&nbsp;jejich odvahu, se kterou se postavili blasfemii ur\u00e1\u017eej\u00edc\u00ed vlasteneck\u00e9 i n\u00e1bo\u017eensk\u00e9 c\u00edt\u011bn\u00ed slu\u0161n\u00fdch lid\u00ed. Protest p\u0159ed divadlem a hlavn\u011b v&nbsp;divadle samotn\u00e9m je podle n\u011bho velice v\u00fdznamn\u00fd, nebo\u0165 vyprovokoval \u0159adu osob, aby inscenaci odsoudili.&nbsp;<em>\u201ePojem znesv\u011bcen\u00ed je d\u016fle\u017eit\u00fd pro pochopen\u00ed toho, co se vlastn\u011b v&nbsp;Brn\u011b stalo. Kdy\u017e se zast\u00e1nci p\u0159edstaven\u00ed oh\u00e1n\u011bj\u00ed um\u011bleckou svobodou a kulturou, tak to je z\u00e1sadn\u00ed nepochopen\u00ed toho, co je kultura. Kultura souvis\u00ed u\u017e etymologicky se slovem kult tedy s&nbsp;\u00factou. A tato hra v&nbsp;sob\u011b neobsahovala nic, co by se \u00fact\u011b i jen vzd\u00e1len\u011b podobalo.\u201c&nbsp;<\/em><\/p>\n<p>Podle Sem\u00edna se jednalo o promy\u0161len\u00fd \u00fatok na samotn\u00e9 z\u00e1klady na\u0161\u00ed civilizace.&nbsp;<em>\u201e\u0160lo o zneu\u017eit\u00ed kultury pro politick\u00fd boj, p\u0159esn\u011b v duchu neomarxistick\u00e9 levice, kter\u00e1 pochopila, \u017ee d\u011blnick\u00e1 t\u0159\u00edda nen\u00ed ten spr\u00e1vn\u00fd nosi\u010d pokroku. Kdy\u017e zjistili, \u017ee d\u011bln\u00edci kulturn\u00ed revoluci neprosad\u00ed, bylo t\u0159eba zam\u011b\u0159it se na inteligenci. Na sv\u011bt kultury, m\u00e9di\u00ed a univerzit a tedy i na sv\u011bt divadla.\u201c<\/em>&nbsp;Inscenace tohoto typu, kter\u00e9 jsme byli sv\u011bdky v Brn\u011b nemaj\u00ed s&nbsp;um\u011bn\u00edm a kulturou nic spole\u010dn\u00e9ho, podle Sem\u00edna se jedn\u00e1 prim\u00e1rn\u011b o politick\u00fd n\u00e1stroj, kter\u00fd slou\u017e\u00ed jako beranidlo v&nbsp;r\u00e1mci politick\u00e9ho boje.&nbsp;<\/p>\n<p>Sem\u00edn tak\u00e9 upozornil na to, \u017ee d\u00edky medi\u00e1ln\u00ed pozornosti jsme se o cel\u00e9 akci tentokr\u00e1t dozv\u011bd\u011bli, ale takov\u00fdch akc\u00ed je mnohem v\u00edce a o n\u011bkter\u00fdch se&nbsp;v\u016fbec nedozv\u00edme. A to nejen o t\u011bch divadeln\u00edch, ale tak\u00e9 o dal\u0161\u00edch, kter\u00e9 se schovaj\u00ed pod n\u00e1lepku kulturn\u00ed akce a je\u017e jsou financov\u00e1ny z ve\u0159ejn\u00fdch zdroj\u016f \u2013 a ani o tom nev\u00edme.&nbsp;<\/p>\n<h2>Spravedliv\u00fd hn\u011bv<\/h2>\n<p>Podle z\u00e1stupce Slu\u0161n\u00fdch lid\u00ed pr\u00e1vn\u00edka Ludv\u00edka Kummera se jejich kv\u011btnov\u00fd protest proti zvr\u00e1cen\u00e9 divadeln\u00ed h\u0159e stal bodem obratu v&nbsp;dosavadn\u00ed praxi politick\u00e9 korektnosti. Kummer tak\u00e9 ve sv\u00e9m vystoupen\u00ed popsal pr\u016fb\u011bh cel\u00e9ho protestu.&nbsp;<em>\u201eZa\u010dalo to t\u00edm, \u017ee jsme absolvovali d\u016fkladnou osobn\u00ed prohl\u00eddku, ale p\u00ed\u0161\u0165alky, kter\u00e9 jsme m\u011bli p\u0159ipraven\u00e9 se n\u00e1m poda\u0159ilo do divadla pron\u00e9st. Kdy\u017e se n\u011bkolik dvojic herc\u016f na jevi\u0161ti svl\u00e9klo, a za\u010dali tam prov\u00e1d\u011bt r\u016fzn\u00e9 sexu\u00e1ln\u00ed praktiky, za\u010dali k&nbsp;tomu pou\u0161t\u011bt p\u00edse\u0148 Tich\u00e1 noc, svat\u00e1 noc. To m\u011b jako v\u011b\u0159\u00edc\u00edho siln\u011b zas\u00e1hlo. Nev\u011b\u0159il jsem vlastn\u00edm o\u010d\u00edm, \u017ee je n\u011bkdo schopen tuto posv\u00e1tnou p\u00edse\u0148 takov\u00fdmto zp\u016fsobem zneuct\u00edt.\u201c&nbsp;<\/em><\/p>\n<p>Hra byla podle n\u011bho sou\u010d\u00e1st promy\u0161len\u00e9ho \u00fatoku na z\u00e1klady na\u0161\u00ed spole\u010dnosti a z\u00e1padn\u00ed civilizace.<em>&nbsp;\u201eKdy\u017e jsem vstoupil na jevi\u0161t\u011b poci\u0165oval jsem spravedliv\u00fd hn\u011bv. Po na\u0161em vstupu na jevi\u0161t\u011b, herci p\u0159estali hr\u00e1t, ale nedo\u0161lo k&nbsp;\u017e\u00e1dn\u00e9mu n\u00e1sil\u00ed. Herce jsme v&nbsp;\u017e\u00e1dn\u00e9m p\u0159\u00edpad\u011b nenapadali. Nikdo se tam nikoho nedotkl. \u0160lo n\u00e1m \u010dist\u011b o to, abychom protestovali proti tomuto p\u0159edstaven\u00ed.\u201c<\/em><\/p>\n<p>Reakce policie byla podle Kummera velmi profesion\u00e1ln\u00ed.&nbsp;<em>\u201eP\u0159\u00edstup policie byl p\u0159\u00edkladn\u00fd a bylo vid\u011bt, \u017ee s&nbsp;n\u00e1mi sp\u00ed\u0161e sympatizuj\u00ed.\u201c<\/em>&nbsp;Cel\u00e1 protestn\u00ed akce se podle n\u011bho stala bodem obratu v&nbsp;dosavadn\u00edch protestech.&nbsp;<em>\u201ePokud se za\u010dneme zbavovat politick\u00e9 korektnosti a uv\u011bdom\u00edme si z\u00e1klady na\u0161\u00ed civilizace a budeme si v\u011bdomi faktu, \u017ee je nem\u016f\u017eeme tak snadno opustit, tak v\u011b\u0159\u00edm \u017ee protest splnil sv\u016fj \u00fa\u010del. Ud\u011blal bych to znovu\u201c<\/em>&nbsp;uvedl Kummer.<\/p>\n<h2>Mili\u00f3ny na ur\u00e1\u017eky Boha a st\u00e1tu<\/h2>\n<p>Publicista, hudebn\u00edk a spolupracovn\u00edk Institutu V\u00e1clava Klause Ladislav Jakl se pozastavil zejm\u00e9na nad faktem, \u017ee \u0161lo o p\u0159edstaven\u00ed financovan\u00e9 z&nbsp;ve\u0159ejn\u00fdch pen\u011bz.&nbsp;<em>\u201eNa tento festival da\u0148ov\u00ed poplatn\u00edci zaplatili 10 milion\u016f korun. Z&nbsp;toho 2 miliony pr\u00e1v\u011b na \u00fa\u010dast tohoto souboru. M\u00e1me pr\u00e1vo se pt\u00e1t, pro\u010d se d\u00e1vaj\u00ed ve\u0159ejn\u00e9 pen\u00edze na takov\u00e9to v\u011bci. M\u00e1me pr\u00e1vo cht\u00edt, aby se tyto kohoutky zav\u0159ely a to \u00fapln\u011b. Ale j\u00e1 mysl\u00edm, \u017ee to nesta\u010d\u00ed. Nejde jen o to, \u017ee u\u0161et\u0159\u00edme. Jde o to, \u017ee jak\u00e1koliv koruna, kter\u00e1 se ocitla ve ve\u0159ejn\u00e9m prostoru, tak tu da\u0148ov\u00fd poplatn\u00edk nedal dobrovoln\u011b. Byla mu sebr\u00e1na n\u00e1sil\u00edm. Kdyby dan\u011b neplatil, \u0161el by do v\u011bzen\u00ed.\u201c&nbsp;<\/em><\/p>\n<p>Obec, kraj i st\u00e1t je podle n\u011bho povinen d\u00e1vat prost\u0159edky jen na takov\u00e9 v\u011bci o kter\u00fdch dolo\u017e\u00ed, \u017ee jsou ve ve\u0159ejn\u00e9m z\u00e1jmu. Jestli\u017ee je n\u011bco financov\u00e1no z&nbsp;ve\u0159ejn\u00fdch pen\u011bz, je to projevem st\u00e1tn\u00ed politiky. Je to v\u00fdrazem toho, \u017ee ve\u0159ejn\u00e1 autorita si mysl\u00ed, \u017ee toto je ve ve\u0159ejn\u00e9m z\u00e1jmu.&nbsp;<em>\u201eJestli je postava pornohere\u010dky vytahuj\u00edc\u00ed z&nbsp;intimn\u00edch partii\u00ed st\u00e1tn\u00ed symbol a postava Je\u017e\u00ed\u0161e, kter\u00e1 na jevi\u0161ti kon\u00e1 zn\u00e1siln\u011bn\u00ed, jestli toto je ofici\u00e1ln\u00ed st\u00e1tn\u00ed ve\u0159ejnou kulturn\u00ed politikou, tak my jako ve\u0159ejnost k&nbsp;tomu m\u00e1me co \u0159\u00edci,\u201c<\/em>&nbsp;m\u00edn\u00ed Jakl.<\/p>\n<h2>Nebyla to n\u00e1hoda<\/h2>\n<p>P\u0159edseda Akce D.O.S.T.&nbsp;Petr Bahn\u00edk se v&nbsp;z\u00e1v\u011bru zamyslel nad \u0161ir\u0161\u00edm kontextem toho, co se v&nbsp;Brn\u011b odehr\u00e1lo i nad smyslem divadla jak takov\u00e9ho.&nbsp;<em>\u201eJsou druhy um\u011bleck\u00e9 tvorby, kter\u00e9 se dot\u00fdkaj\u00ed v\u00edce \u017eivota. Odr\u00e1\u017eej\u00ed a parafr\u00e1zuj\u00ed lidskou existenci. Divadlo je v&nbsp;tomto smyslu nezastupiteln\u00e9. Co to vlastn\u011b divadlo je? Divadlo je sv\u011btem iluze, ale nem\u011blo by b\u00fdt sv\u011btem fal\u0161e.\u201c<\/em><\/p>\n<p>Sugesce divadla je podle n\u011bho velice siln\u00e1. Bez my\u0161lenky divadlo p\u0159est\u00e1v\u00e1 b\u00fdt divadlem.&nbsp;<em>\u201eDivadlo p\u0159ed\u00e1v\u00e1 my\u0161lenku, je tam v\u017edycky p\u0159\u00edtomen n\u011bjak\u00fd vzd\u011bl\u00e1vac\u00ed prvek, nebo\u0165 chce v\u017edy p\u0159edat n\u011bjak\u00e9 poselstv\u00ed div\u00e1k\u016fm. Kdy\u017e se p\u0159ekro\u010d\u00ed ur\u010dit\u00fd bludn\u00fd ko\u0159en, tedy hranice rozumnosti, tak se z\u00e1le\u017eitost st\u00e1v\u00e1 n\u011b\u010d\u00edm jin\u00fdm. Bu\u010f ritu\u00e1lem, nebo, co\u017e je je\u0161t\u011b nebezpe\u010dn\u011bj\u0161\u00ed, skute\u010dn\u00fdm re\u00e1ln\u00fdm \u017eivotem. A to je p\u0159esn\u011b to, co se v&nbsp;Brn\u011b p\u0159ihodilo.\u201c<\/em><\/p>\n<p>Herci p\u0159estali b\u00fdt v&nbsp;tomto p\u0159\u00edpad\u011b herci, a stali se z&nbsp;nich podle n\u011bho politi\u010dt\u00ed aktivist\u00e9.&nbsp;<em>\u201eTo co se tam odehr\u00e1lo, v\u016fbec nebylo divadlo. Nebylo to v\u016fbec n\u00e1hodn\u00e9 \u017ee se to stalo. Nebyl to \u017e\u00e1dn\u00fd exces, \u017e\u00e1dn\u00e1 v\u00fdjime\u010dnost. Bylo to v\u011bc pl\u00e1novit\u00e1. A mnoh\u00fdch podobn\u00fdch se v budoucnu je\u0161t\u011b do\u010dk\u00e1me.\u201c&nbsp;<\/em>Podle n\u011bho jde o jeden z&nbsp;projev\u016f tzv. liber\u00e1ln\u00ed demokracie.&nbsp;<\/p>\n<p><em>\u201eNenechme si namluvit, \u017ee vystupujeme proti um\u011bleck\u00e9 svobod\u011b, kdy\u017e nechceme vid\u011bt st\u00e1tn\u00ed vlajku na t\u011bch nep\u0159\u00edslu\u0161n\u00fdch m\u00edstech. Vystoupen\u00ed Slu\u0161n\u00fdch lid\u00ed nejen\u017ee pova\u017euji za legitimn\u00ed, ale m\u011bla by to b\u00fdt v&nbsp;podstat\u011b povinnost, kdy\u017e vid\u00edme, \u017ee se d\u011bje n\u011bjak\u00fd trestn\u00fd \u010din, tak bychom m\u011bli zas\u00e1hnout.\u201c<\/em>&nbsp;Abychom ubr\u00e1nili tradi\u010dn\u00ed hodnoty, kter\u00e9 jsou mnoha lidem st\u00e1le drah\u00e9, nesm\u00edme se rozpakovat s\u00e1hnout k&nbsp;podobn\u00fdm \u010din\u016fm.<\/p>\n<p><iframe loading=\"lazy\" title=\"Hovory se Slu\u0161n\u00fdmi lidmi\" width=\"500\" height=\"281\" src=\"https:\/\/www.youtube.com\/embed\/yuY4bd80SaY?feature=oembed\" frameborder=\"0\" allow=\"accelerometer; autoplay; clipboard-write; encrypted-media; gyroscope; picture-in-picture; web-share\" referrerpolicy=\"strict-origin-when-cross-origin\" allowfullscreen><\/iframe><\/p>\n<p><a href=\"http:\/\/www.protiproud.cz\/politika\/3873-prazane-podekovali-slusnym-lidem-z-brna-byla-to-odvaha-ale-take-povinnost-protest-proti-zvracene-divadelni-hre-bodem-obratu-nekulturni-politicky-boj-na-jevisti-obludnosti-placene-z-nasich-dani.htm\">Zdroj<\/a><\/p>\n","protected":false},"excerpt":{"rendered":"<p>M\u011bs\u00edc od ob\u010dansk\u00e9ho protestu brn\u011bnsk\u00fdch ob\u010dan\u016f proti divadeln\u00ed h\u0159e \u201eNa\u0161e n\u00e1sil\u00ed, Va\u0161e n\u00e1sil\u00ed\u201c, uveden\u00e9 26. kv\u011btna v&nbsp;divadle Husa na prov\u00e1zku, uspo\u0159\u00e1dala konzervativn\u00ed&nbsp;Akce D.O.S.T.&nbsp;diskusn\u00ed ve\u010der Hovory se slu\u0161n\u00fdmi lidmi.<\/p>\n","protected":false},"author":1,"featured_media":0,"comment_status":"open","ping_status":"open","sticky":false,"template":"","format":"standard","meta":{"ngg_post_thumbnail":0,"footnotes":""},"categories":[11],"tags":[],"class_list":["post-8747","post","type-post","status-publish","format-standard","hentry","category-ozvena"],"_links":{"self":[{"href":"https:\/\/www.ladislavjakl.cz\/index.php?rest_route=\/wp\/v2\/posts\/8747","targetHints":{"allow":["GET"]}}],"collection":[{"href":"https:\/\/www.ladislavjakl.cz\/index.php?rest_route=\/wp\/v2\/posts"}],"about":[{"href":"https:\/\/www.ladislavjakl.cz\/index.php?rest_route=\/wp\/v2\/types\/post"}],"author":[{"embeddable":true,"href":"https:\/\/www.ladislavjakl.cz\/index.php?rest_route=\/wp\/v2\/users\/1"}],"replies":[{"embeddable":true,"href":"https:\/\/www.ladislavjakl.cz\/index.php?rest_route=%2Fwp%2Fv2%2Fcomments&post=8747"}],"version-history":[{"count":1,"href":"https:\/\/www.ladislavjakl.cz\/index.php?rest_route=\/wp\/v2\/posts\/8747\/revisions"}],"predecessor-version":[{"id":8748,"href":"https:\/\/www.ladislavjakl.cz\/index.php?rest_route=\/wp\/v2\/posts\/8747\/revisions\/8748"}],"wp:attachment":[{"href":"https:\/\/www.ladislavjakl.cz\/index.php?rest_route=%2Fwp%2Fv2%2Fmedia&parent=8747"}],"wp:term":[{"taxonomy":"category","embeddable":true,"href":"https:\/\/www.ladislavjakl.cz\/index.php?rest_route=%2Fwp%2Fv2%2Fcategories&post=8747"},{"taxonomy":"post_tag","embeddable":true,"href":"https:\/\/www.ladislavjakl.cz\/index.php?rest_route=%2Fwp%2Fv2%2Ftags&post=8747"}],"curies":[{"name":"wp","href":"https:\/\/api.w.org\/{rel}","templated":true}]}}