{"id":8750,"date":"2018-07-30T13:31:00","date_gmt":"2018-07-30T11:31:00","guid":{"rendered":"http:\/\/www.ladislavjakl.cz\/?p=8750"},"modified":"2018-07-30T13:31:00","modified_gmt":"2018-07-30T11:31:00","slug":"jak-to-bylo-se-slavnou-mobilisaci","status":"publish","type":"post","link":"https:\/\/www.ladislavjakl.cz\/?p=8750","title":{"rendered":"Jak to bylo se slavnou mobilisac\u00ed"},"content":{"rendered":"<div class=\"opener\">\u0160\u00e9fredaktor jednoho internetov\u00e9ho den\u00edku ozna\u010dil za \u201evrchol stupidity\u201c n\u011bkdej\u0161\u00ed provol\u00e1n\u00ed ODS ve volebn\u00ed kampani v roce 1998 nazvan\u00e9 \u201eMobilisace\u201c a n\u00e1slednou Opozi\u010dn\u00ed smlouvu uzav\u0159enou \u00fadajn\u011b s t\u00edm, proti komu se mobilizovalo.<\/div>\n<p><!--more--><\/p>\n<div id=\"art-text\" class=\"text\">\n<p>J\u00e1 za vrchol stupidity ozna\u010duji spol\u00e9h\u00e1n\u00ed se na kr\u00e1tkou pam\u011b\u0165 a na efekt nekone\u010dn\u00e9ho letit\u00e9ho medi\u00e1ln\u00edho vym\u00fdv\u00e1n\u00ed mozk\u016f. Do strh\u00e1n\u00ed tehdej\u0161\u00ed kampan\u011b i n\u00e1sledn\u00e9 Opozi\u010dn\u00ed smlouvy vlo\u017eili medi\u00e1ln\u00ed vym\u00fdva\u010di mozk\u016f za ta l\u00e9ta tolik energie, \u017ee se do boje s jejich dnes u\u017e zako\u0159en\u011bn\u00fdmi m\u00fdty nikdo ani nechce spou\u0161t\u011bt. Nen\u00ed to popul\u00e1rn\u00ed, lep\u0161\u00ed se zd\u00e1 medi\u00e1ln\u00ed front\u011b podku\u0159ovat a marn\u00fd boj nev\u00e9st. \u0158\u00edkat, \u017ee dv\u011b a dv\u011b jsou \u010dty\u0159i, ale nen\u00ed marn\u00e9 nikdy. Budu to tedy \u0159\u00edkat.<\/p>\n<p>ODS nemobilizovala speci\u00e1ln\u011b proti \u010cSSD, by\u0165 to bylo takto naps\u00e1no a \u0159e\u010deno u\u017e tolikr\u00e1t, \u017ee pravou skute\u010dnost si nepamatuj\u00ed ani mnoz\u00ed p\u0159edstavitel\u00e9 ODS. To zaprv\u00e9. A za druh\u00e9, mnohde po sv\u011bt\u011b existuj\u00ed men\u0161inov\u00e9 vl\u00e1dy, kter\u00e9 jsou u moci jen d\u00edky jist\u00e9mu smluvn\u00edmu uspo\u0159\u00e1d\u00e1n\u00ed se silami, se kter\u00fdmi se v\u010dera v kampani st\u0159et\u00e1valo.<\/p>\n<p>Pamatuje si je\u0161t\u011b n\u011bkdo text on\u00e9 d\u00e9monizovan\u00e9 mobilizace? Tady je:&nbsp;<em>\u201eMobilisace. Spoluob\u010dan\u00e9! Vol\u00e1m v\u0161echny, kte\u0159\u00ed cht\u011bj\u00ed \u017e\u00edt svobodn\u011b! Vol\u00e1m v\u0161echny, kter\u00fdm nen\u00ed lhostejn\u00fd osud na\u0161\u00ed zem\u011b! Vol\u00e1m v\u0161echny odpov\u011bdn\u00e9 \u017eeny a mu\u017ee! Rozhoduje se dnes! Z\u00edtra bude pozd\u011b! Volte ODS!\u201c<\/em>Co na tom textu kdo vid\u00ed \u0161patn\u00e9ho? N\u011bkomu se l\u00edbil a n\u011bkomu ne. Jde o m\u00edru dramati\u010dnosti. Pro n\u011bkoho odpov\u00eddala nal\u00e9havosti okam\u017eiku, pro n\u011b\u010d\u00ed vkus byla nep\u0159im\u011b\u0159en\u00e1. Tak je to s ka\u017ed\u00fdm sloganem.<\/p>\n<p>Byl to ale jist\u011b slogan pravdiv\u00fd, sna\u017eil se zmobilizovat (\u010desky rozh\u00fdbat) stoupence ODS, aby \u0161li k volb\u00e1m. Nikde ani slovo, proti komu se mobilizuje. Obl\u00edben\u00e9 tvrzen\u00ed, \u017ee ODS mobilizovala proti levici \u010di \u010cSSD, je stokr\u00e1t opakovanou nepravdou. \u0160i\u0159itel\u00e9 t\u00e9to nepravdy si ob\u010das pom\u00e1haj\u00ed o t\u0159i m\u011bs\u00edce star\u0161\u00edm heslem Doleva nebo s Klausem. Toto heslo ale nem\u011blo s mobiliza\u010dn\u00edm zvol\u00e1n\u00edm \u017e\u00e1dnou souvislost. Bylo jedn\u00edm ze \u010dtrn\u00e1cti, kter\u00e9 ODS tehdy v kampani pou\u017eila. Jin\u00fdm bylo t\u0159eba Kdo si v\u011b\u0159\u00ed, vol\u00ed Klause nebo Hlavu vzh\u016fru. Pak by mohli kritikov\u00e9 se stejn\u00fdm opr\u00e1vn\u011bn\u00edm tvrdit, \u017ee ODS mobilizovala proti nev\u011b\u0159\u00edc\u00edm (si) nebo lidem s hlavou sklopenou.<\/p>\n<p>ODS se v kampani vymezovala v\u016f\u010di v\u0161em sv\u00fdm konkurent\u016fm. D\u011bl\u00e1 to tak ka\u017ed\u00fd. Levicov\u00e9 strany byly pochopiteln\u011b hlavn\u00edm programov\u00fdm oponentem. Strany st\u0159edov\u00e9 pak oponentem syst\u00e9mov\u00fdm, proto\u017ee se o n\u011bkolik m\u011bs\u00edc\u016f d\u0159\u00edve pod\u00edlely na p\u00e1du sv\u00e9 vl\u00e1dy a sna\u017eily se bez voleb pomoc\u00ed \u00fa\u0159ednick\u00e9 vl\u00e1dy z\u00edskat v\u011bt\u0161\u00ed pod\u00edl na moci, ne\u017e jak\u00fd plynul z jejich voli\u010dsk\u00e9 podpory.<\/p>\n<p>A kdy\u017e u\u017e jsme mluvili o heslu Doleva nebo s Klausem (kter\u00e9 se t\u011b\u017eko m\u016f\u017ee rovnat mobilizaci proti levici), pak tak\u00e9 nev\u00edm, co na n\u011bm je \u0161patn\u00e9ho. Vzpom\u00edn\u00e1 si n\u011bkdo na dobu, ve kter\u00e9 kampa\u0148 roku 1998 prob\u00edhala? U moci byla To\u0161ovsk\u00e9ho vl\u00e1da podporovan\u00e1 i hlasy soci\u00e1ln\u00ed demokracie, US a lidovc\u016f. Vpravo st\u00e1la ODS jedin\u00e1 a heslo na tento fakt jen popr\u00e1vu upozor\u0148ovalo.<\/p>\n<p>Stejn\u011b tak nen\u00ed pravdou, \u017ee ODS pomohla Opozi\u010dn\u00ed smlouvou soci\u00e1ln\u00edm demokrat\u016fm k moci. Nev\u00edm, pro\u010d je to t\u0159eba po\u0159\u00e1d ps\u00e1t. K moci pomohli \u010cSSD voli\u010di, proto\u017ee d\u00edky nim soci\u00e1ln\u00ed demokrat\u00e9 volby vyhr\u00e1li. Proto vl\u00e1dli. Opozi\u010dn\u00ed smlouva byla jen stvrzen\u00edm, \u017ee ODS volebn\u00ed v\u00edt\u011bzstv\u00ed sv\u00e9ho konkurenta uznala m\u00edsto toho, aby se pokou\u0161ela o dal\u0161\u00ed a dal\u0161\u00ed p\u0159ed\u010dasn\u00e9 volby. Kdo jin\u00fd ne\u017e v\u00edt\u011bz voleb m\u00e1 b\u00fdt u moci?<\/p>\n<p>Ano, n\u011bkdy se pora\u017een\u00ed spoj\u00ed, ale je to snad v\u00edce f\u00e9r, ne\u017e kdy\u017e v\u00edt\u011bze uznaj\u00ed? Nav\u00edc k takov\u00e9mu spojen\u00ed musej\u00ed b\u00fdt spln\u011bny dv\u011b podm\u00ednky. Jednak spojenectv\u00ed pora\u017een\u00fdch mus\u00ed d\u00e1vat jasnou v\u011bt\u0161inu (co\u017e v roce 1998 spln\u011bno nebylo), jednak ti spojuj\u00edc\u00ed se musej\u00ed k sob\u011b c\u00edtit element\u00e1rn\u00ed d\u016fv\u011bru. Copak je norm\u00e1ln\u00ed, aby strana, kterou koali\u010dn\u00ed kolegov\u00e9 hodili p\u0159es palubu, aby mohli vl\u00e1dnout bez n\u00ed, a p\u0159ivodili t\u00edm p\u00e1d vl\u00e1dy a p\u0159ed\u010dasn\u00e9 volby, se po t\u011bchto p\u0159ed\u010dasn\u00fdch volb\u00e1ch dala s op\u011bt s pr\u00e1v\u011b t\u011bmito partnery do dobrodru\u017en\u00e9ho t\u011bsn\u00e9ho p\u0159e\u010d\u00edslov\u00e1n\u00ed v\u00edt\u011bze voleb? ODS to dokonce zkusila. Ale po sv\u00fdch zku\u0161enostech si kladla podm\u00ednku: zastoupen\u00ed ve vl\u00e1d\u011b bude kop\u00edrovat v\u00fdsledek voleb. Jen\u017ee na to b\u00fdval\u00ed partne\u0159i nep\u0159istoupili, proto p\u0159ece cel\u00fd p\u0159evrat v roce 1997 ned\u011blali.<\/p>\n<p>Proto m\u00edsto krkolomnost\u00ed ud\u011blala ODS to norm\u00e1ln\u011bj\u0161\u00ed, uznala v\u00edt\u011bze voleb a za toto uzn\u00e1n\u00ed si jako protihodnotu nechala poskytnout n\u011bkter\u00e9 kontroln\u00ed p\u00e1ky. Jako to d\u011bl\u00e1 ka\u017ed\u00e1 strana na sv\u011bt\u011b, kter\u00e1 nech\u00e1 \u017e\u00edt men\u0161inovou vl\u00e1du. A \u017ee \u0161lo o jev nikoli v\u00fdjime\u010dn\u00fd, dokazuje i na\u0161e ned\u00e1vn\u00e1 historie. Opozi\u010dn\u00ed smlouva tu existovala ji\u017e o dva roky d\u0159\u00edve.<\/p>\n<p>Ji\u017e v roce 1996 p\u0159ece vznikla men\u0161inov\u00e1 vl\u00e1da, kdy\u017e hlavn\u00ed jej\u00ed oponent (tehdy \u010cSSD) tak\u00e9 ode\u0161el p\u0159i hlasov\u00e1n\u00ed o d\u016fv\u011b\u0159e z jednac\u00edho s\u00e1lu. Ji\u017e v tomto roce 1996 dostal oponent jako protiv\u00e1hu sv\u00e9 tolerance v\u00fdznamn\u00e9 kontroln\u00ed funkce v\u010detn\u011b \u0161\u00e9fa doln\u00ed komory parlamentu. Tedy v\u0161e zrcadlov\u011b stejn\u00e9. Pro\u010d potom toto uspo\u0159\u00e1d\u00e1n\u00ed v roce 1996 nikdo tak zu\u0159iv\u011b nenapadal tak, jako o dva roky pozd\u011bji? Inu proto, \u017ee v roce 1996 byla smlouva upe\u010dena u V\u00e1clava Havla, nem\u011bla otev\u0159enou p\u00edsemnou formu a dostala do vl\u00e1dy spr\u00e1vn\u00e9 kluky a holky z mal\u00fdch stran (KDU-\u010cSL a ODA), obl\u00edben\u00e9 v m\u00e9di\u00edch.<\/p>\n<p>M\u00fdtem je, \u017ee ODS ke spolupr\u00e1ci s \u010cSSD s\u00e1hla, zat\u00edmco t\u0159eba US to v duchu p\u0159edvolebn\u00ed r\u00e9toriky principi\u00e1ln\u011b odm\u00edtla. Nikoli. V ODS nikdo ani na vte\u0159inu neuva\u017eoval o koalici s \u010cSSD a tak\u00e9 se o tom v ODS nikdy nehlasovalo. Tzv. principi\u00e1ln\u00ed postoj US byl naopak d\u016fsledkem t\u011bsn\u00e9ho v\u00fdsledku hlasov\u00e1n\u00ed o koalici s \u010cSSD, kter\u00e9 v klubu US dopadlo v neprosp\u011bch t\u00e9to koalice o pouh\u00e9 dva hlasy.<\/p>\n<p>Heslo Doleva nebo s Klausem nebylo pop\u0159eno Opozi\u010dn\u00ed smlouvou a voli\u010di to tak\u00e9 jako pop\u0159en\u00ed nepochopili. Je zaj\u00edmav\u00e9, \u017ee nejv\u00edce o &#8222;zrad\u011b&#8220; voli\u010d\u016f ODS k\u0159i\u010deli ti, co by ODS nikdy nevolili. Voli\u010di ODS tehdy evidentn\u011b nepot\u0159ebovali, aby za jejich z\u00e1jmy bojoval n\u011bkdo jin\u00fd. Heslo se naopak potvrdilo denn\u00ed prax\u00ed v parlamentu po cel\u00e9 \u010dty\u0159i roky. Byli to n\u011bkdej\u0161\u00ed koali\u010dn\u00ed partne\u0159i ODS, kte\u0159\u00ed neust\u00e1le pom\u00e1hali vl\u00e1d\u011b schvalovat jeden levicov\u00fd z\u00e1kon za druh\u00fdm. Necht\u011bli s Klausem, museli doleva.<\/p>\n<p>T\u00edmto v\u00fdkladem se ale u\u017e dnes nikdo nezab\u00fdv\u00e1. Do krve ve\u0161ly stokr\u00e1t opakovan\u00e9 interpretace a m\u00fdty. A z nich \u010derpal i onen \u0161\u00e9fredaktor.<\/p>\n<p>Jestli jste do\u010detli a\u017e sem, pak v\u00e1m prozrad\u00edm, \u017ee a\u017e na kosmetick\u00e9 aktualizace cel\u00fd tento m\u016fj \u010dl\u00e1nek u\u017e jednou vy\u0161el. Bylo to 30. 4. roku 2002 v Hospod\u00e1\u0159sk\u00fdch novin\u00e1ch. \u0160i\u0159itel\u016fm stupidn\u00edch m\u00fdt\u016f d\u00e1v\u00e1m k dispozici dal\u0161\u00edch \u0161est a p\u016fl roku. Jen ra\u010dte.<\/p>\n<\/div>\n<p><a href=\"https:\/\/jakl.blog.idnes.cz\/blog.aspx?c=669977\">Zdroj<\/a><\/p>\n","protected":false},"excerpt":{"rendered":"<p>\u0160\u00e9fredaktor jednoho internetov\u00e9ho den\u00edku ozna\u010dil za \u201evrchol stupidity\u201c n\u011bkdej\u0161\u00ed provol\u00e1n\u00ed ODS ve volebn\u00ed kampani v roce 1998 nazvan\u00e9 \u201eMobilisace\u201c a n\u00e1slednou Opozi\u010dn\u00ed smlouvu uzav\u0159enou \u00fadajn\u011b s t\u00edm, proti komu se mobilizovalo.<\/p>\n","protected":false},"author":1,"featured_media":0,"comment_status":"open","ping_status":"open","sticky":false,"template":"","format":"standard","meta":{"ngg_post_thumbnail":0,"footnotes":""},"categories":[1],"tags":[],"class_list":["post-8750","post","type-post","status-publish","format-standard","hentry","category-publikovane-clanky"],"_links":{"self":[{"href":"https:\/\/www.ladislavjakl.cz\/index.php?rest_route=\/wp\/v2\/posts\/8750","targetHints":{"allow":["GET"]}}],"collection":[{"href":"https:\/\/www.ladislavjakl.cz\/index.php?rest_route=\/wp\/v2\/posts"}],"about":[{"href":"https:\/\/www.ladislavjakl.cz\/index.php?rest_route=\/wp\/v2\/types\/post"}],"author":[{"embeddable":true,"href":"https:\/\/www.ladislavjakl.cz\/index.php?rest_route=\/wp\/v2\/users\/1"}],"replies":[{"embeddable":true,"href":"https:\/\/www.ladislavjakl.cz\/index.php?rest_route=%2Fwp%2Fv2%2Fcomments&post=8750"}],"version-history":[{"count":1,"href":"https:\/\/www.ladislavjakl.cz\/index.php?rest_route=\/wp\/v2\/posts\/8750\/revisions"}],"predecessor-version":[{"id":8751,"href":"https:\/\/www.ladislavjakl.cz\/index.php?rest_route=\/wp\/v2\/posts\/8750\/revisions\/8751"}],"wp:attachment":[{"href":"https:\/\/www.ladislavjakl.cz\/index.php?rest_route=%2Fwp%2Fv2%2Fmedia&parent=8750"}],"wp:term":[{"taxonomy":"category","embeddable":true,"href":"https:\/\/www.ladislavjakl.cz\/index.php?rest_route=%2Fwp%2Fv2%2Fcategories&post=8750"},{"taxonomy":"post_tag","embeddable":true,"href":"https:\/\/www.ladislavjakl.cz\/index.php?rest_route=%2Fwp%2Fv2%2Ftags&post=8750"}],"curies":[{"name":"wp","href":"https:\/\/api.w.org\/{rel}","templated":true}]}}