{"id":8758,"date":"2018-07-31T11:25:55","date_gmt":"2018-07-31T09:25:55","guid":{"rendered":"http:\/\/www.ladislavjakl.cz\/?p=8758"},"modified":"2018-07-31T11:25:55","modified_gmt":"2018-07-31T09:25:55","slug":"drsna-hadka-v-ct-o-trumpa-pan-s-konskym-ohonem-lze-neustal-profesor-klausova-jakla","status":"publish","type":"post","link":"https:\/\/www.ladislavjakl.cz\/?p=8758","title":{"rendered":"Drsn\u00e1 h\u00e1dka v \u010cT o Trumpa: P\u00e1n s ko\u0148sk\u00fdm ohonem l\u017ee, neust\u00e1l profesor Klausova Jakla"},"content":{"rendered":"<p>Americk\u00fd prezident Donald Trump sv\u00fdmi vyj\u00e1d\u0159en\u00edmi kolem summitu v Helsink\u00e1ch op\u011bt vzbudil v\u00e1\u0161n\u011b. Planuly i ve vys\u00edl\u00e1n\u00ed \u010cesk\u00e9 televize, kam do Ud\u00e1lost\u00ed, koment\u00e1\u0159\u016f dostal pozv\u00e1n\u00ed b\u00fdval\u00fd Klaus\u016fv hradn\u00ed mu\u017e Ladislav Jakl a p\u0159es telemost profesor p\u016fsob\u00edc\u00ed v USA Igor Luke\u0161. Toho Jaklovy pozn\u00e1mky o Trumpovi natolik rozl\u00edtily, \u017ee se do n\u011bj pustil jako do \u201ep\u00e1na s ko\u0148sk\u00fdm ohonem\u201c, kter\u00fd l\u017ee a p\u0159eb\u00edr\u00e1 r\u00e9toriku Kremlu.<\/p>\n<p><!--more--><\/p>\n<p>V Ud\u00e1lostech, koment\u00e1\u0159\u00edch na \u010cesk\u00e9 televizi \u0159e\u0161ili ve \u010dtvrtek ve\u010der, zda vystoupen\u00ed&nbsp;<a class=\"celebrity celebwiki\" href=\"https:\/\/celebwiki.blesk.cz\/osobnost\/2051\/donald-trump\/\" target=\"_blank\" rel=\"noopener\">Donalda Trumpa<\/a>&nbsp;na summitu v Helsink\u00e1ch bylo chybou, nebo ne.&nbsp;<strong>\u201eJ\u00e1 si mysl\u00edm, \u017ee Donald Trump n\u00e1m za posledn\u00ed asi m\u011bs\u00edc p\u0159edvedl v\u016fbec nejlep\u0161\u00ed periodu sv\u00e9ho prezidentov\u00e1n\u00ed,\u201c<\/strong>&nbsp;\u0159\u00edkal mimo jin\u00e9 n\u011bkdej\u0161\u00ed Klaus\u016fv poradce Ladislav Jakl.&nbsp;<\/p>\n<p>\u201eKonkr\u00e9tn\u00ed skutky, kter\u00e9 Trump ud\u011blal za posledn\u00ed m\u011bs\u00edc, ty v\u0161echny jsou nepochybn\u011b v z\u00e1jmu Ameriky, v z\u00e1jmu americk\u00e9ho voli\u010de a ur\u010dit\u011b&nbsp;<strong>mo\u017en\u00e1 nejsou v z\u00e1jmu americk\u00e9ho medi\u00e1ln\u00edho a politick\u00e9ho mocensk\u00e9ho establishmentu, ve kter\u00e9m se Donald Trump ocitl jako kuka\u010d\u010d\u00ed ml\u00e1d\u011b,\u201c<\/strong>&nbsp;podotkl ke kritice, kter\u00e1 se na Trumpovu hlavu snesla, b\u00fdval\u00fd \u0159editel politick\u00e9ho odboru Kancel\u00e1\u0159e prezidenta republiky.<\/p>\n<p>Americk\u00e9ho prezidenta ozna\u010dil Jakl za \u201evet\u0159elce\u201c i mezi samotn\u00fdmi republik\u00e1ny, vyzdvihl jej mj. i za d\u0159\u00edv\u011bj\u0161\u00ed summit s&nbsp;<a class=\"celebrity celebwiki\" href=\"https:\/\/celebwiki.blesk.cz\/osobnost\/3177\/kim-cong-un\/\" target=\"_blank\" rel=\"noopener\">Kim \u010cong-unem<\/a>&nbsp;a za jejich&nbsp;<strong>prohl\u00e1\u0161en\u00ed chv\u00e1lil Trumpa i&nbsp;<a class=\"celebrity celebwiki\" href=\"https:\/\/celebwiki.blesk.cz\/osobnost\/2596\/vladimir-putin\/\" target=\"_blank\" rel=\"noopener\">Vladimira Putina<\/a>.<br \/>\n<\/strong><\/p>\n<h2>Luke\u0161: Jak m\u016f\u017ee Jakl v\u011bd\u011bt, co je dobr\u00e9 pro USA?<\/h2>\n<p>Jeho hodnocen\u00ed rozohnilo Igora Luke\u0161e, profesora historie a mezin\u00e1rodn\u00edch vztah\u016f z Boston University, kter\u00fd se debaty \u00fa\u010dastnil po telefonu z V\u00eddn\u011b, kde nyn\u00ed pob\u00fdv\u00e1.&nbsp;<strong>\u201eVy jste m\u011b pozval do tady toho programu a nakonec j\u00e1 tady jsem nucen poslouchat otev\u0159en\u00e9 l\u017ei, nesmysly a v\u00fdmysly,\u201c<\/strong>&nbsp;zlobil se Luke\u0161.&nbsp;<\/p>\n<p>\u201eNa jedn\u00e9 stran\u011b m\u00e1me n\u00e1zory seri\u00f3zn\u00edch americk\u00fdch profesion\u00e1l\u016f, vlastenc\u016f, kte\u0159\u00ed cel\u00fd \u017eivot pracuj\u00ed pro dobro Spojen\u00fdch st\u00e1t\u016f (&#8230;)&nbsp;<strong>a d\u00e1me hlas tady tomu p\u00e1novi, kter\u00e9ho sice nevid\u00edm, ale v\u00edm z n\u011bjak\u00e9 star\u00e9 fotografie, \u017ee m\u00e1 ko\u0148sk\u00fd ohon na hlav\u011b.<\/strong>&nbsp;A z toho snad m\u00e1m uzav\u0159\u00edt, \u017ee m\u00e1 autoritu mluvit o tom, co je dobr\u00e9 pro Spojen\u00e9 st\u00e1ty nebo co je dokonce dobr\u00e9 pro celou z\u00e1padn\u00ed aliance,\u201c navezl se do Luke\u0161 do Jakla.<\/p>\n<h2>Luke\u0161: Slovn\u00edk Kremlu a 4 minuty l\u017e\u00ed<\/h2>\n<p>\u010cesk\u00fd profesor p\u016fsob\u00edc\u00ed v USA p\u0159ipomn\u011bl i kritiku Trumpa, do kter\u00e9 se pustil b\u00fdval\u00fd \u0161\u00e9f CIA John Brennan.&nbsp;<strong>\u201eNejen\u017ee Trumpovy koment\u00e1\u0159e byly hloup\u00e9, on ho m\u00e1 Putin zcela v hrsti. Republik\u00e1n\u0161t\u00ed patrioti, kde jste?\u201c<\/strong>&nbsp;vzk\u00e1zal Brennan na Twitteru s t\u00edm, \u017ee Trumpovo vystoupen\u00ed je mo\u017en\u00e9 ozna\u010dit za zradu.<\/p>\n<p><strong>\u201eJ\u00e1 mysl\u00edm, \u017ee nez\u00e1le\u017e\u00ed na tom, jak kdo vypad\u00e1, poj\u010fme se bavit o tom, jak\u00e9 argumenty tady zazn\u00edvaj\u00ed,\u201c<\/strong>&nbsp;sna\u017eil se Luke\u0161e m\u00edrn\u011b usm\u011brnit moder\u00e1tor Ud\u00e1lost\u00ed, koment\u00e1\u0159\u016f&nbsp;<a class=\"celebrity celebwiki\" href=\"https:\/\/celebwiki.blesk.cz\/osobnost\/3950\/michal-kubal\/\" target=\"_blank\" rel=\"noopener\">Michal Kubal<\/a>.<\/p>\n<p>\u201eJ\u00e1 reaguji pr\u00e1v\u011b na ty argumenty a ten ko\u0148sk\u00fd ohon nevid\u00edm a nikdy bych ho nezm\u00ednil neb\u00fdt toho, \u017ee jsem&nbsp;<strong>pr\u00e1v\u011b sly\u0161el tyhle absurdn\u00ed l\u017ei, kter\u00e9 jsou vyp\u016fj\u010den\u00e9 ze slovn\u00edku Kremlu, kter\u00fd dezinformuje div\u00e1ky pr\u00e1v\u011b t\u00edmhle zp\u016fsobem<\/strong>, \u017ee d\u00e1me \u010dty\u0159i minuty pravd\u011b, \u010dty\u0159i minuty l\u017e\u00edm a div\u00e1k potom pokr\u010d\u00ed rameny a \u0159\u00edk\u00e1: Tak vid\u00edte, ono je to slo\u017eit\u00e9, poj\u010fme se rad\u011bji d\u00edvat na fotbal,\u201c varoval Luke\u0161.<\/p>\n<h2>Trump: Demokrat, nebo zlo?<\/h2>\n<p>Na Trumpov\u011b politice jako jedin\u00e9 pozitivn\u00ed vid\u00ed Luke\u0161 to, \u017ee nena\u0161el tak\u0159ka nikoho seri\u00f3zn\u00edho, kdo by s n\u00edm byl ochoten dlouhodob\u011b pracovat a v\u0161ichni seri\u00f3zn\u00ed lid\u00e9 ji\u017e ode\u0161li nebo brzy odejdou. \u201eA druh\u00e1 pozitivn\u00ed v\u011bc je, \u017ee<strong>&nbsp;je mnohem neschopn\u011bj\u0161\u00ed, ne\u017e jsem si myslel a proto se mu zat\u00edm nepoda\u0159ilo ud\u011blat v\u0161echno to zlo, kter\u00e9 jist\u011b pl\u00e1nuje ud\u011blat,\u201c&nbsp;<\/strong>hodnotil Trumpa r\u00e1zn\u011b profesor Luke\u0161.<\/p>\n<p>Jaklovi u Trumpa vad\u00ed tak\u00e9 n\u011bkter\u00e9 v\u011bci, je pro n\u011bj v\u0161ak&nbsp;<strong>\u201ep\u0159edstavitel Z\u00e1padu na rozd\u00edl od marxist\u016f, kte\u0159\u00ed sed\u00ed v Bruselu\u201c a \u201e\u010dlov\u011bk, kter\u00fd zasluhuje na\u0161i podporu, proto\u017ee reprezentuje demokratick\u00fd sv\u011bt na rozd\u00edl od r\u016fzn\u00fdch po\u0161t\u011bk\u00e1va\u010d\u016f\u201c.<\/strong><\/p>\n<p><a href=\"https:\/\/www.blesk.cz\/clanek\/zpravy-politika\/554964\/drsna-hadka-v-ct-o-trumpa-pan-s-konskym-ohonem-lze-neustal-profesor-klausova-jakla.html\">Zdroj<\/a><\/p>\n","protected":false},"excerpt":{"rendered":"<p>Americk\u00fd prezident Donald Trump sv\u00fdmi vyj\u00e1d\u0159en\u00edmi kolem summitu v Helsink\u00e1ch op\u011bt vzbudil v\u00e1\u0161n\u011b. Planuly i ve vys\u00edl\u00e1n\u00ed \u010cesk\u00e9 televize, kam do Ud\u00e1lost\u00ed, koment\u00e1\u0159\u016f dostal pozv\u00e1n\u00ed b\u00fdval\u00fd Klaus\u016fv hradn\u00ed mu\u017e Ladislav Jakl a p\u0159es telemost profesor p\u016fsob\u00edc\u00ed v USA Igor Luke\u0161. Toho Jaklovy pozn\u00e1mky o Trumpovi natolik rozl\u00edtily, \u017ee se do n\u011bj pustil jako do \u201ep\u00e1na [&hellip;]<\/p>\n","protected":false},"author":1,"featured_media":0,"comment_status":"open","ping_status":"open","sticky":false,"template":"","format":"standard","meta":{"ngg_post_thumbnail":0,"footnotes":""},"categories":[11],"tags":[],"class_list":["post-8758","post","type-post","status-publish","format-standard","hentry","category-ozvena"],"_links":{"self":[{"href":"https:\/\/www.ladislavjakl.cz\/index.php?rest_route=\/wp\/v2\/posts\/8758","targetHints":{"allow":["GET"]}}],"collection":[{"href":"https:\/\/www.ladislavjakl.cz\/index.php?rest_route=\/wp\/v2\/posts"}],"about":[{"href":"https:\/\/www.ladislavjakl.cz\/index.php?rest_route=\/wp\/v2\/types\/post"}],"author":[{"embeddable":true,"href":"https:\/\/www.ladislavjakl.cz\/index.php?rest_route=\/wp\/v2\/users\/1"}],"replies":[{"embeddable":true,"href":"https:\/\/www.ladislavjakl.cz\/index.php?rest_route=%2Fwp%2Fv2%2Fcomments&post=8758"}],"version-history":[{"count":1,"href":"https:\/\/www.ladislavjakl.cz\/index.php?rest_route=\/wp\/v2\/posts\/8758\/revisions"}],"predecessor-version":[{"id":8759,"href":"https:\/\/www.ladislavjakl.cz\/index.php?rest_route=\/wp\/v2\/posts\/8758\/revisions\/8759"}],"wp:attachment":[{"href":"https:\/\/www.ladislavjakl.cz\/index.php?rest_route=%2Fwp%2Fv2%2Fmedia&parent=8758"}],"wp:term":[{"taxonomy":"category","embeddable":true,"href":"https:\/\/www.ladislavjakl.cz\/index.php?rest_route=%2Fwp%2Fv2%2Fcategories&post=8758"},{"taxonomy":"post_tag","embeddable":true,"href":"https:\/\/www.ladislavjakl.cz\/index.php?rest_route=%2Fwp%2Fv2%2Ftags&post=8758"}],"curies":[{"name":"wp","href":"https:\/\/api.w.org\/{rel}","templated":true}]}}