{"id":876,"date":"2011-03-31T10:55:35","date_gmt":"2011-03-31T09:55:35","guid":{"rendered":"http:\/\/www.ladislavjakl.cz\/?p=876"},"modified":"2011-03-31T10:55:35","modified_gmt":"2011-03-31T09:55:35","slug":"obhajoba-v-kauze-batora-kdo-je-z-vetsi-casti-madar-nemuze-byt-cesky-xenofob","status":"publish","type":"post","link":"https:\/\/www.ladislavjakl.cz\/?p=876","title":{"rendered":"Obhajoba v kauze B\u00e1tora: Kdo je z v\u011bt\u0161\u00ed \u010d\u00e1sti Ma\u010far, nem\u016f\u017ee b\u00fdt \u010desk\u00fd xenofob"},"content":{"rendered":"<p>\u0158e\u010dn\u00edci, kte\u0159\u00ed se zast\u00e1vali Ladislava B\u00e1tory, tvrd\u00ed, \u017ee svobodn\u00ed ob\u010dan\u00e9  \u010del\u00ed teroru. Jde o vyvol\u00e1n\u00ed pocitu strachu, shodli se Jana Bobo\u0161\u00edkov\u00e1 a  Ladislav Jakl.<\/p>\n<p><!--more--><\/p>\n<p>Sv\u011bt je stra\u0161n\u00e9 m\u00edsto pln\u00e9 pravdol\u00e1ska\u0159\u016f a  jim pochlebuj\u00edc\u00edch hloup\u00fdch novin\u00e1\u0159\u016f, kte\u0159\u00ed v t\u00e9to spole\u010dnosti existuj\u00ed  jen s jedin\u00fdm c\u00edlem: zastra\u0161it n\u00e1s v tom \u0159\u00edkat svobodn\u011b to, co si  mysl\u00edme. Pokud se v\u0161ak dok\u00e1\u017eeme spojit, tento teror brzy oslab\u00ed.<\/p>\n<p>V tomto duchu se nesly projevy p\u0159edsedkyn\u011b  Suverenity Jany Bobo\u0161\u00edkov\u00e9, prezidentova tajemn\u00edka Ladislava Jakla,  poslance Evropsk\u00e9ho parlamentu Hynka Fajmona (ODS) \u010di p\u0159edsedy Mlad\u00fdch  k\u0159es\u0165ansk\u00fdch demokrat\u016f Petra Jur\u010d\u00edka. Ti se v pond\u011bl\u00ed ve\u010der se\u0161li p\u0159ed  zhruba 120hlav\u00fdm publikem, aby se zastali Ladislava B\u00e1tory \u2013 b\u00fdval\u00e9ho  kandid\u00e1ta N\u00e1rodn\u00ed strany, jeho\u017e cht\u011bl ministr \u0161kolstv\u00ed Josef Dobe\u0161 (VV)  u\u010dinit sv\u00fdm prvn\u00edm n\u00e1m\u011bstkem.<\/p>\n<p>Proti tomu se v\u0161ak postavil nejen premi\u00e9r  Petr Ne\u010das (ODS) a st\u00ednov\u00e1 ministryn\u011b \u0161kolstv\u00ed za \u010cSSD Vlasta Bohdalov\u00e1,  ale i n\u011bkolik vysok\u00fdch \u0161kol, mezi nimi brn\u011bnsk\u00e1 Masarykova univerzita a  Filozofick\u00e1 fakulta Univerzity Karlovy v Praze, kde B\u00e1tora p\u0159ed 41 lety  studoval anglistiku a historii D\u00e1ln\u00e9ho V\u00fdchodu. D\u011bkan fakulty Michal  Stehl\u00edk B\u00e1toru ozna\u010dil za xenofoba.<\/p>\n<p>&#8222;Ladislava B\u00e1toru zn\u00e1m 40 let. Jeho obvin\u011bn\u00ed z  xenofobie je nesmysln\u00e9. Ostatn\u011b od t\u0159\u00ed\u010dtvrtinov\u00e9ho Ma\u010fara nem\u016f\u017eete  \u010dekat, \u017ee bude \u010desk\u00fdm xenofobem. To je nemo\u017en\u00e9,&#8220; \u0159ekl ve sv\u00e9m projevu  m\u00edstop\u0159edseda st\u0159edo\u010desk\u00e9 TOP 09 Ji\u0159\u00ed Hejlek.<\/p>\n<h2>Cht\u011bj\u00ed v n\u00e1s vyvolat pocit strachu<\/h2>\n<p>&#8222;Tato kampa\u0148 vypov\u011bd\u011bla o tom, \u017ee v \u010cesk\u00e9  republice vl\u00e1dne neuv\u011b\u0159iteln\u00e9 pokrytectv\u00ed. Skute\u010dn\u00fdm d\u016fvodem nen\u00ed  vynadat B\u00e1torovi, ale potla\u010dit jin\u00fd n\u00e1zor a vyvolat v lidech pocit  strachu,&#8220; \u0159ekla p\u0159ed publikem Bobo\u0161\u00edkov\u00e1.<\/p>\n<p>Podle Bobo\u0161\u00edkov\u00e9 je cel\u00e1 spole\u010dnost, a hlavn\u011b ve\u0159ejnopr\u00e1vn\u00ed m\u00e9dia,  prosycena atmosf\u00e9rou polistopadov\u00e9 Pravdy a l\u00e1sky. &#8222;V uplynul\u00fdch letech  vzniklo mnoho iniciativ, jako je D\u011bkujeme, odejd\u011bte nebo Unie svobody,  kter\u00e9 propagovaly Pravdu a l\u00e1sku. Na rozd\u00edl od nich n\u00e1m chyb\u00ed jedin\u00fd  moment, a to je sjednocen\u00ed. Vyz\u00fdv\u00e1m v\u00e1s k tomu, proto\u017ee jedin\u011b tak  m\u016f\u017eeme Pravdu a l\u00e1sku porazit,&#8220; pronesla na z\u00e1v\u011br sv\u00e9ho projevu emotivn\u011b  Bobo\u0161\u00edkov\u00e1.<\/p>\n<div>\n<p><a href=\"http:\/\/domaci.ihned.cz\/c1-50822360-klause-nadzdvihla-kauza-batora-podle-nej-jde-o-diktaturu-politicke-korektnosti\"><span>Klause nadzdvihla kauza B\u00e1tora. Podle n\u011bj jde o diktaturu politick\u00e9 korektnosti<\/span><span> &#8211; \u010dt\u011bte ZDE<\/span><\/a><\/div>\n<p>Podobn\u011b na publikum v diskuzn\u00edm s\u00e1le \u010cesk\u00e9ho  svazu v\u011bdeckotechnick\u00fdch spole\u010dnost\u00ed apeloval i prezident\u016fv tajemn\u00edk  Ladislav Jakl: &#8222;Dnes tu jsem p\u0159edev\u0161\u00edm kv\u016fli zoufal\u00e9 pot\u0159eb\u011b obrany p\u0159ed  terorem politick\u00e9 korektnosti. Nyn\u00ed jsme v defenziv\u011b. Je t\u0159eba sebrat  s\u00edly a ob\u010dansky se nedat,&#8220; \u0159ekl Jakl. &#8222;D\u016fvodem tohoto teroru nen\u00ed jen  vylou\u010dit n\u011bkter\u00e1 t\u00e9mata nebo ostrakizovat V\u00e1clava Klause. D\u016fvodem je  opravdu vyvolat strach,&#8220; prohl\u00e1sil Jakl.<\/p>\n<h2>Jsem vlastenec, ne neonacista<\/h2>\n<p>B\u00e1tora v roce 2006 kandidoval jako nestran\u00edk  za extr\u00e9mn\u011b pravicovou N\u00e1rodn\u00ed stranu, kter\u00e1 proslula sv\u00fdmi happeningy  na m\u00edst\u011b b\u00fdval\u00e9ho romsk\u00e9ho koncentra\u010dn\u00edho t\u00e1bora v Letech nebo \u00favahami o  &#8222;kone\u010dn\u00e9m \u0159e\u0161en\u00ed cik\u00e1nsk\u00e9 ot\u00e1zky&#8220; odsunem Rom\u016f do Indie.<\/p>\n<p>B\u00e1tora se h\u00e1jil t\u00edm, \u017ee tyto postoje strana  za\u010dala zast\u00e1vat a\u017e t\u0159i roky pot\u00e9, co s n\u00ed p\u0159estal spolupracovat. B\u00e1tora  odm\u00edt\u00e1, \u017ee by byl neonacistou nebo xenofobem, ozna\u010duje se za \u010desk\u00e9ho  vlastence, kter\u00fd je proti Evropsk\u00e9 unii, Lisabonsk\u00e9 smlouv\u011b,  multikulturalismu nebo feminismu. V tom se n\u00e1zorov\u011b shoduje s  prezidentem V\u00e1clavem Klausem.<\/p>\n<p>Pod tlakem kritiky Dobe\u0161 nakonec od n\u00e1padu  B\u00e1toru jmenovat sv\u00fdm prvn\u00edm n\u00e1m\u011bstkem upustil, u\u017e v p\u00e1tek 1. dubna jej  v\u0161ak s velkou pravd\u011bpodobnost\u00ed jmenuje sv\u00fdm poradcem. Proti tomu u\u017e  premi\u00e9r Petr Ne\u010das nic nem\u00e1. Za poradce si podle n\u011bj ministr m\u016f\u017ee vybrat  koho chce. Ne\u010das s\u00e1m ostatn\u011b \u010delil podobn\u00e9 &#8222;b\u00e1torovsk\u00e9&#8220; kritice v  p\u0159\u00edpad\u011b sv\u00e9ho poradce Romana Jocha.<\/p>\n<p><a href=\"http:\/\/domaci.ihned.cz\/c1-51384890-obhajoba-v-kauze-batora-kdo-je-z-vetsi-casti-madar-nemuze-byt-cesky-xenofob\" target=\"_blank\">Zdroj<\/a><\/p>\n","protected":false},"excerpt":{"rendered":"<p>\u0158e\u010dn\u00edci, kte\u0159\u00ed se zast\u00e1vali Ladislava B\u00e1tory, tvrd\u00ed, \u017ee svobodn\u00ed ob\u010dan\u00e9 \u010del\u00ed teroru. Jde o vyvol\u00e1n\u00ed pocitu strachu, shodli se Jana Bobo\u0161\u00edkov\u00e1 a Ladislav Jakl.<\/p>\n","protected":false},"author":1,"featured_media":0,"comment_status":"open","ping_status":"open","sticky":false,"template":"","format":"standard","meta":{"ngg_post_thumbnail":0,"footnotes":""},"categories":[11],"tags":[],"class_list":["post-876","post","type-post","status-publish","format-standard","hentry","category-ozvena"],"_links":{"self":[{"href":"https:\/\/www.ladislavjakl.cz\/index.php?rest_route=\/wp\/v2\/posts\/876","targetHints":{"allow":["GET"]}}],"collection":[{"href":"https:\/\/www.ladislavjakl.cz\/index.php?rest_route=\/wp\/v2\/posts"}],"about":[{"href":"https:\/\/www.ladislavjakl.cz\/index.php?rest_route=\/wp\/v2\/types\/post"}],"author":[{"embeddable":true,"href":"https:\/\/www.ladislavjakl.cz\/index.php?rest_route=\/wp\/v2\/users\/1"}],"replies":[{"embeddable":true,"href":"https:\/\/www.ladislavjakl.cz\/index.php?rest_route=%2Fwp%2Fv2%2Fcomments&post=876"}],"version-history":[{"count":1,"href":"https:\/\/www.ladislavjakl.cz\/index.php?rest_route=\/wp\/v2\/posts\/876\/revisions"}],"predecessor-version":[{"id":877,"href":"https:\/\/www.ladislavjakl.cz\/index.php?rest_route=\/wp\/v2\/posts\/876\/revisions\/877"}],"wp:attachment":[{"href":"https:\/\/www.ladislavjakl.cz\/index.php?rest_route=%2Fwp%2Fv2%2Fmedia&parent=876"}],"wp:term":[{"taxonomy":"category","embeddable":true,"href":"https:\/\/www.ladislavjakl.cz\/index.php?rest_route=%2Fwp%2Fv2%2Fcategories&post=876"},{"taxonomy":"post_tag","embeddable":true,"href":"https:\/\/www.ladislavjakl.cz\/index.php?rest_route=%2Fwp%2Fv2%2Ftags&post=876"}],"curies":[{"name":"wp","href":"https:\/\/api.w.org\/{rel}","templated":true}]}}