{"id":8760,"date":"2018-07-31T11:49:22","date_gmt":"2018-07-31T09:49:22","guid":{"rendered":"http:\/\/www.ladislavjakl.cz\/?p=8760"},"modified":"2018-07-31T11:49:22","modified_gmt":"2018-07-31T09:49:22","slug":"proc-mam-reagovat-na-toho-pana-s-konskym-ohonem-sepsul-jakla-ve-vysilani-profesor-lukes","status":"publish","type":"post","link":"https:\/\/www.ladislavjakl.cz\/?p=8760","title":{"rendered":"Pro\u010d m\u00e1m reagovat na toho p\u00e1na s ko\u0148sk\u00fdm ohonem, sepsul Jakla ve vys\u00edl\u00e1n\u00ed profesor Luke\u0161"},"content":{"rendered":"<p>\u010ctvrte\u010dn\u00ed po\u0159ad \u010cesk\u00e9 televize Ud\u00e1losti, koment\u00e1\u0159e nab\u00eddl u&nbsp;t\u00e9matu t\u00fdkaj\u00edc\u00edho americk\u00e9ho prezidenta Donalda Trumpa netradi\u010dn\u00ed n\u00e1zorovou p\u0159est\u0159elku mezi n\u011bkdej\u0161\u00edm poradcem prezidenta V\u00e1clava Klause Ladislavem Jaklem a&nbsp;profesorem Bostonsk\u00e9 univerzity Igorem Luke\u0161em. Jakl se od Luke\u0161e do\u010dkal skrze telemost ozna\u010den\u00ed \u201ep\u00e1n s&nbsp;ko\u0148sk\u00fdm ohonem na hlav\u011b\u201c, lh\u00e1\u0159 \u010di \u010dlov\u011bk se slovn\u00edkem Kremlu.<br \/>\n<!--more--><\/p>\n<p><a title=\"https:\/\/tema.novinky.cz\/ladislav-jakl\" href=\"https:\/\/tema.novinky.cz\/ladislav-jakl\">Jakl<\/a>&nbsp;se v&nbsp;debat\u011b prob\u00edraj\u00edc\u00ed politiku Donalda Trumpa obul do geopolitick\u00e9ho vlivu USA a&nbsp;naopak vyzdvihl margin\u00e1ln\u00ed vliv&nbsp;<a title=\"https:\/\/tema.novinky.cz\/rusko\" href=\"https:\/\/tema.novinky.cz\/rusko\">Ruska<\/a>&nbsp;obvi\u0148ovan\u00e9ho ze vm\u011b\u0161ov\u00e1n\u00ed se do americk\u00fdch prezidentsk\u00fdch voleb.&nbsp;\u201eJe to americko-americk\u00e1 v\u011bc a&nbsp;naprost\u00e9 nesm\u00ed\u0159en\u00ed se establishmentu s&nbsp;Trumpem. P\u016fjdou mu po krku ka\u017ed\u00fd den a&nbsp;ka\u017edou hodinu a&nbsp;v\u017edycky si p\u0159i tom najdou n\u011bjakou jinou z\u00e1minku,\u201c \u0159ekl.<\/p>\n<p>A zat\u00edmco Jakl Trumpa za jeho \u010diny adoroval, na Luke\u0161ovi, kter\u00fd byl p\u0159ed sv\u00fdm koment\u00e1\u0159em skrze webovou kameru p\u0159en\u00e1\u0161en p\u0159\u00edmo na projek\u010dn\u00ed pl\u00e1tno ve studiu za z\u00e1dy moder\u00e1tora, bylo patrn\u00e9, \u017ee Jaklova slova mu nejsou po srsti. Debata n\u00e1sledn\u011b p\u0159\u00edm\u00fdm vstupem Luke\u0161e do vys\u00edl\u00e1n\u00ed dostala nov\u00fd rozm\u011br.<\/p>\n<div class=\"articlePhotos\">\n<div class=\"pictureBox\"><a href=\"https:\/\/media.novinky.cz\/732\/337328-original1-x2lvg.jpg\" target=\"_blank\" rel=\"noopener\"><img loading=\"lazy\" decoding=\"async\" id=\"singlePic_337328\" title=\"Prezident V\u00e1clav Klaus se sv\u00fdm tajemn\u00edkem Ladislavem Jaklem\" src=\"https:\/\/media.novinky.cz\/732\/337328-top_foto2-x2lvg.jpg\" alt=\"Prezident V\u00e1clav Klaus se sv\u00fdm tajemn\u00edkem Ladislavem Jaklem\" width=\"400\" height=\"225\"><span id=\"gallBox_singlePic_337328\" class=\"pictureZoomInButton\"><\/span><\/a><\/div>\n<\/div>\n<p class=\"acmDescription\">Prezident V\u00e1clav Klaus se sv\u00fdm tajemn\u00edkem Ladislavem Jaklem<\/p>\n<p class=\"acmAuthor\">FOTO: Stanislav Zbyn\u011bk,&nbsp;<a href=\"http:\/\/www.ctk.cz\/\">\u010cTK<\/a><\/p>\n<p>Ve chv\u00edli, kdy dostal od moder\u00e1tora Michala Kubala prostor, si tak profesor historie a&nbsp;mezin\u00e1rodn\u00edch vztah\u016f z&nbsp;Bostonsk\u00e9 univerzity neodpustil v\u00fdpad proti v\u00fdb\u011bru hosta ve studiu.&nbsp;\u201eNe\u017e v\u00e1m odpov\u00edm, tak v\u00e1m mus\u00edm \u0159\u00edct, \u017ee v\u016fbec nev\u00edm, jak na tuto situaci reagovat. (&#8230;) J\u00e1 tady jsem nucen poslouchat otev\u0159en\u00e9 l\u017ei, nesmysly a&nbsp;v\u00fdmysly,\u201c \u0159ekl.<\/p>\n<h4>Kdo je odborn\u00edk?&nbsp;<\/h4>\n<p>Vadilo mu, \u017ee vystoupen\u00ed&nbsp;<a title=\"https:\/\/tema.novinky.cz\/ladislav-jakl\" href=\"https:\/\/tema.novinky.cz\/ladislav-jakl\">Jakla<\/a>&nbsp;ve studiu p\u016fsob\u00ed, jako by snad byl n\u011bkdej\u0161\u00ed Klaus\u016fv poradce na dan\u00e9 t\u00e9ma odborn\u00edkem. \u201eNa jedn\u00e9 stran\u011b m\u00e1me n\u00e1zory seri\u00f3zn\u00edch americk\u00fdch profesion\u00e1l\u016f (&#8230;) a&nbsp;pak d\u00e1me hlas tomu p\u00e1novi, kter\u00e9ho sice nevid\u00edm, ale v\u00edm z&nbsp;n\u011bjak\u00e9 star\u00e9 fotografie, \u017ee m\u00e1 ko\u0148sk\u00fd ohon na hlav\u011b, a&nbsp;z&nbsp;toho snad m\u00e1m uzav\u0159\u00edt, \u017ee m\u00e1 autoritu mluvit o&nbsp;tom, co je dobr\u00e9 pro Spojen\u00e9 st\u00e1ty?\u201c sepsul sv\u00e9ho oponenta Luke\u0161.<\/p>\n<p>Ani pokus o&nbsp;um\u00edrn\u011bn\u00ed diskuse moder\u00e1torem nepomohl. Zat\u00edmco Jakl vzal pozn\u00e1mky profesora zjevn\u011b s&nbsp;nads\u00e1zkou, Luke\u0161 si d\u00e1l p\u0159isadil.&nbsp;\u201eTen ko\u0148sk\u00fd ohon nevid\u00edm a&nbsp;nikdy bych ho nezm\u00ednil neb\u00fdt toho, \u017ee jsem pr\u00e1v\u011b sly\u0161el tyhle absurdn\u00ed l\u017ei, kter\u00e9 jsou vyp\u016fj\u010den\u00e9 ze slovn\u00edku Kremlu, kter\u00fd dezinformuje div\u00e1ky pr\u00e1v\u011b t\u00edmhle zp\u016fsobem \u2013&nbsp;\u017ee d\u00e1me \u010dty\u0159i minuty pravd\u011b, \u010dty\u0159i minuty l\u017e\u00edm a&nbsp;div\u00e1k potom pokr\u010d\u00ed rameny a&nbsp;\u0159\u00edk\u00e1: ,Tak vid\u00edte, ono je to slo\u017eit\u00e9, poj\u010fme se rad\u011bji d\u00edvat na fotbal,\u2018,\u201c dodal.<\/p>\n<p>Trumpova politika se znovu za\u010dala \u0161iroce prob\u00edrat v&nbsp;americk\u00fdch m\u00e9di\u00edch zejm\u00e9na v&nbsp;souvislosti s&nbsp;ned\u00e1vn\u00fdm zlomov\u00fdm summitem USA a&nbsp;Ruska v&nbsp;Helsink\u00e1ch.&nbsp;<a title=\"https:\/\/tema.novinky.cz\/trump\" href=\"https:\/\/tema.novinky.cz\/trump\">Trump<\/a>byl ost\u0159e kritizov\u00e1n za sv\u00e9 serviln\u00ed chov\u00e1n\u00ed v\u016f\u010di sv\u00e9mu rusk\u00e9mu prot\u011bj\u0161ku&nbsp;<a title=\"https:\/\/tema.novinky.cz\/vladimir-putin\" href=\"https:\/\/tema.novinky.cz\/vladimir-putin\">Vladimiru Putinovi<\/a>. Na tiskov\u00e9 konferenci po spole\u010dn\u00e9m jedn\u00e1n\u00ed nav\u00edc odm\u00edtl, \u017ee by se Rusko jakkoli vm\u011b\u0161ovalo do americk\u00fdch prezidentsk\u00fdch voleb. Po n\u00e1vratu do USA ale zcela oto\u010dil s&nbsp;t\u00edm, \u017ee se p\u0159e\u0159ekl. [<a title=\"Trump zcela oto\u010dil. Rusko se do voleb vm\u011b\u0161ovalo, opravil sv\u00e1 slova z&nbsp;Helsinek\" href=\"https:\/\/www.novinky.cz\/zahranicni\/amerika\/478053-trump-zcela-otocil-rusko-se-do-voleb-vmesovalo-opravil-sva-slova-z-helsinek.html\">cel\u00e1 zpr\u00e1va<\/a>]<\/p>\n<p><a href=\"https:\/\/www.novinky.cz\/domaci\/478364-proc-mam-reagovat-na-toho-pana-s-konskym-ohonem-sepsul-jakla-ve-vysilani-profesor-lukes.html\">Zdroj<\/a><\/p>\n","protected":false},"excerpt":{"rendered":"<p>\u010ctvrte\u010dn\u00ed po\u0159ad \u010cesk\u00e9 televize Ud\u00e1losti, koment\u00e1\u0159e nab\u00eddl u&nbsp;t\u00e9matu t\u00fdkaj\u00edc\u00edho americk\u00e9ho prezidenta Donalda Trumpa netradi\u010dn\u00ed n\u00e1zorovou p\u0159est\u0159elku mezi n\u011bkdej\u0161\u00edm poradcem prezidenta V\u00e1clava Klause Ladislavem Jaklem a&nbsp;profesorem Bostonsk\u00e9 univerzity Igorem Luke\u0161em. Jakl se od Luke\u0161e do\u010dkal skrze telemost ozna\u010den\u00ed \u201ep\u00e1n s&nbsp;ko\u0148sk\u00fdm ohonem na hlav\u011b\u201c, lh\u00e1\u0159 \u010di \u010dlov\u011bk se slovn\u00edkem Kremlu.<\/p>\n","protected":false},"author":1,"featured_media":0,"comment_status":"open","ping_status":"open","sticky":false,"template":"","format":"standard","meta":{"ngg_post_thumbnail":0,"footnotes":""},"categories":[11],"tags":[],"class_list":["post-8760","post","type-post","status-publish","format-standard","hentry","category-ozvena"],"_links":{"self":[{"href":"https:\/\/www.ladislavjakl.cz\/index.php?rest_route=\/wp\/v2\/posts\/8760","targetHints":{"allow":["GET"]}}],"collection":[{"href":"https:\/\/www.ladislavjakl.cz\/index.php?rest_route=\/wp\/v2\/posts"}],"about":[{"href":"https:\/\/www.ladislavjakl.cz\/index.php?rest_route=\/wp\/v2\/types\/post"}],"author":[{"embeddable":true,"href":"https:\/\/www.ladislavjakl.cz\/index.php?rest_route=\/wp\/v2\/users\/1"}],"replies":[{"embeddable":true,"href":"https:\/\/www.ladislavjakl.cz\/index.php?rest_route=%2Fwp%2Fv2%2Fcomments&post=8760"}],"version-history":[{"count":1,"href":"https:\/\/www.ladislavjakl.cz\/index.php?rest_route=\/wp\/v2\/posts\/8760\/revisions"}],"predecessor-version":[{"id":8761,"href":"https:\/\/www.ladislavjakl.cz\/index.php?rest_route=\/wp\/v2\/posts\/8760\/revisions\/8761"}],"wp:attachment":[{"href":"https:\/\/www.ladislavjakl.cz\/index.php?rest_route=%2Fwp%2Fv2%2Fmedia&parent=8760"}],"wp:term":[{"taxonomy":"category","embeddable":true,"href":"https:\/\/www.ladislavjakl.cz\/index.php?rest_route=%2Fwp%2Fv2%2Fcategories&post=8760"},{"taxonomy":"post_tag","embeddable":true,"href":"https:\/\/www.ladislavjakl.cz\/index.php?rest_route=%2Fwp%2Fv2%2Ftags&post=8760"}],"curies":[{"name":"wp","href":"https:\/\/api.w.org\/{rel}","templated":true}]}}