{"id":8762,"date":"2018-07-31T11:50:45","date_gmt":"2018-07-31T09:50:45","guid":{"rendered":"http:\/\/www.ladislavjakl.cz\/?p=8762"},"modified":"2018-07-31T11:50:45","modified_gmt":"2018-07-31T09:50:45","slug":"lukesovi-dosla-trpelivost-s-jaklovymi-vyroky-oznacil-ho-za-pana-s-ohonem","status":"publish","type":"post","link":"https:\/\/www.ladislavjakl.cz\/?p=8762","title":{"rendered":"Luke\u0161ovi do\u0161la trp\u011blivost s Jaklov\u00fdmi v\u00fdroky. Ozna\u010dil ho za p\u00e1na s ohonem"},"content":{"rendered":"<p>Historika a profesora Bostonsk\u00e9 univerzity Igora Luke\u0161e ve \u010dtvrtek rozohnily n\u00e1zory n\u011bkdej\u0161\u00edho poradce prezidenta V\u00e1clava Klause Ladislava Jakla. V po\u0159adu \u010cesk\u00e9 televize Ud\u00e1losti, koment\u00e1\u0159e se pozastavil nad t\u00edm, pro\u010d by m\u011bl poslouchat jeho \u201el\u017ei a nesmysln\u00e1 tvrzen\u00ed\u201c. Jaklovou jedinou kvalifikac\u00ed je jeho ko\u0148sk\u00fd ohon, uvedl.<\/p>\n<p><!--more--><\/p>\n<p>Moder\u00e1tor Michal Kubal za\u017eil ve \u010dtvrte\u010dn\u00edm vys\u00edl\u00e1n\u00ed nep\u0159\u00edjemnou chvilku. Do studia si toti\u017e pozval Jakla a telemostem se spojil s Luke\u0161em. Ve chv\u00edli, kdy Klaus\u016fv exporadce za\u010dal mluvit o pozitivech americk\u00e9ho prezidenta Donalda Trumpa, bylo na Luke\u0161ovi patrn\u00e9, \u017ee s Jaklov\u00fdmi slovy evidentn\u011b nesouhlas\u00ed.<\/p>\n<p>\u201eDonald Trump n\u00e1m za posledn\u00ed m\u011bs\u00edc p\u0159edvedl nejlep\u0161\u00ed periodu sv\u00e9ho prezidentov\u00e1n\u00ed,\u201c \u0159ekl ve studiu Jakl. Trumpovy skutky jsou podle n\u011bj ve prosp\u011bch americk\u00e9ho voli\u010de a jsou nam\u00ed\u0159en\u00e9 proti americk\u00e9mu establishmentu. Vyzdvihl Trumpovo setk\u00e1n\u00ed se severokorejsk\u00fdm v\u016fdce Kim \u010cong-unem i jeho vystoupen\u00ed na summitu G7.<\/p>\n<p>Kdy\u017e Jakl ozna\u010dil pracovn\u00edka agentury Reuters za aktivistick\u00e9ho novin\u00e1\u0159e, t\u00e9m\u011b\u0159 to vypadalo, \u017ee se Luke\u0161 jeho v\u00fdrok\u016fm vysm\u00edv\u00e1. Ov\u0161em ve chv\u00edli, kdy Jakl tvrdil, \u017ee Rusko nem\u00e1 na Spojen\u00e9 st\u00e1ty \u017e\u00e1dn\u00fd vliv a cel\u00e1 kauza je pouze vnit\u0159n\u00ed z\u00e1le\u017eitost\u00ed USA, Luke\u0161ovi do\u0161la trp\u011blivost.<\/p>\n<p>\u201eMus\u00edm v\u00e1m \u0159\u00edct, \u017ee v\u016fbec nev\u00edm, jak na tuto situaci reagovat. Pozval jste m\u011b do tohoto programu a nakonec tu jsem nucen poslouchat otev\u0159en\u00e9 l\u017ei, v\u00fdmysly a nesmysly,\u201c zm\u00ednil Luke\u0161.<\/p>\n<p>Vadilo mu, \u017ee ve\u0159ejnopr\u00e1vn\u00ed televize dala prostor \u010dlov\u011bku, kter\u00fd podle n\u011bj nen\u00ed odborn\u00edkem na tuto problematiku. \u201eNa jedn\u00e9 stran\u011b m\u00e1me n\u00e1zory seri\u00f3zn\u00edch americk\u00fdch profesion\u00e1l\u016f (&#8230;) a pak d\u00e1me hlas tomu p\u00e1novi, kter\u00e9ho sice nevid\u00edm, ale v\u00edm z n\u011bjak\u00e9 star\u00e9 fotografie, \u017ee m\u00e1 ko\u0148sk\u00fd ohon na hlav\u011b, a z toho snad m\u00e1m uzav\u0159\u00edt, \u017ee m\u00e1 autoritu mluvit o tom, co je dobr\u00e9 pro Spojen\u00e9 st\u00e1ty?\u201c reagoval rozho\u0159\u010den\u011b Luke\u0161.<\/p>\n<p>Up\u0159esnil, \u017ee na Jakla by nikdy kv\u016fli jeho \u00fa\u010desu ne\u00fato\u010dil, pokud by z \u00fast nevypou\u0161t\u011bl absurdn\u00ed l\u017ei, kter\u00e9 jsou jako vyp\u016fj\u010den\u00e9 ze slovn\u00edku Kremlu. Po sd\u011blen\u00ed sv\u00fdch n\u00e1zor\u016f na exporadcovu adresu Luke\u0161 d\u00e1l odpov\u00eddal na moder\u00e1torovy ot\u00e1zky.<\/p>\n<p>Jakl se k epizod\u011b nevracel. Pouze si p\u0159i Luke\u0161ov\u00fdch slovech o ohonu prohr\u00e1bl rozpu\u0161t\u011bn\u00e9 vlasy.<\/p>\n<p><a href=\"https:\/\/zpravy.idnes.cz\/spojene-staty-trump-ceska-televize-udalosti-komentare-igor-lukes-ladislav-jakl-ohon-gn5-\/domaci.aspx?c=A180720_150546_domaci_bja\">Zdroj<\/a><\/p>\n","protected":false},"excerpt":{"rendered":"<p>Historika a profesora Bostonsk\u00e9 univerzity Igora Luke\u0161e ve \u010dtvrtek rozohnily n\u00e1zory n\u011bkdej\u0161\u00edho poradce prezidenta V\u00e1clava Klause Ladislava Jakla. V po\u0159adu \u010cesk\u00e9 televize Ud\u00e1losti, koment\u00e1\u0159e se pozastavil nad t\u00edm, pro\u010d by m\u011bl poslouchat jeho \u201el\u017ei a nesmysln\u00e1 tvrzen\u00ed\u201c. Jaklovou jedinou kvalifikac\u00ed je jeho ko\u0148sk\u00fd ohon, uvedl.<\/p>\n","protected":false},"author":1,"featured_media":0,"comment_status":"open","ping_status":"open","sticky":false,"template":"","format":"standard","meta":{"ngg_post_thumbnail":0,"footnotes":""},"categories":[11],"tags":[],"class_list":["post-8762","post","type-post","status-publish","format-standard","hentry","category-ozvena"],"_links":{"self":[{"href":"https:\/\/www.ladislavjakl.cz\/index.php?rest_route=\/wp\/v2\/posts\/8762","targetHints":{"allow":["GET"]}}],"collection":[{"href":"https:\/\/www.ladislavjakl.cz\/index.php?rest_route=\/wp\/v2\/posts"}],"about":[{"href":"https:\/\/www.ladislavjakl.cz\/index.php?rest_route=\/wp\/v2\/types\/post"}],"author":[{"embeddable":true,"href":"https:\/\/www.ladislavjakl.cz\/index.php?rest_route=\/wp\/v2\/users\/1"}],"replies":[{"embeddable":true,"href":"https:\/\/www.ladislavjakl.cz\/index.php?rest_route=%2Fwp%2Fv2%2Fcomments&post=8762"}],"version-history":[{"count":1,"href":"https:\/\/www.ladislavjakl.cz\/index.php?rest_route=\/wp\/v2\/posts\/8762\/revisions"}],"predecessor-version":[{"id":8763,"href":"https:\/\/www.ladislavjakl.cz\/index.php?rest_route=\/wp\/v2\/posts\/8762\/revisions\/8763"}],"wp:attachment":[{"href":"https:\/\/www.ladislavjakl.cz\/index.php?rest_route=%2Fwp%2Fv2%2Fmedia&parent=8762"}],"wp:term":[{"taxonomy":"category","embeddable":true,"href":"https:\/\/www.ladislavjakl.cz\/index.php?rest_route=%2Fwp%2Fv2%2Fcategories&post=8762"},{"taxonomy":"post_tag","embeddable":true,"href":"https:\/\/www.ladislavjakl.cz\/index.php?rest_route=%2Fwp%2Fv2%2Ftags&post=8762"}],"curies":[{"name":"wp","href":"https:\/\/api.w.org\/{rel}","templated":true}]}}