{"id":8764,"date":"2018-07-31T11:52:25","date_gmt":"2018-07-31T09:52:25","guid":{"rendered":"http:\/\/www.ladislavjakl.cz\/?p=8764"},"modified":"2018-07-31T11:52:25","modified_gmt":"2018-07-31T09:52:25","slug":"poboureny-majitel-pravdy","status":"publish","type":"post","link":"https:\/\/www.ladislavjakl.cz\/?p=8764","title":{"rendered":"Pobou\u0159en\u00fd majitel pravdy"},"content":{"rendered":"<p>Ideov\u00e9 utk\u00e1n\u00ed Ladislava Jakla a Igora Luke\u0161e v \u010cesk\u00e9 televizi se dostalo do p\u00e1te\u010dn\u00edch m\u00e9di\u00ed. M\u00e1lokdy je televizn\u00ed debata nikoli vedouc\u00edch politik\u016f takto prob\u00edr\u00e1na. Stalo se to proto, \u017ee profesor Bostonsk\u00e9 univerzity Igor Luke\u0161 neb\u00fdvale otev\u0159en\u011b za\u00fato\u010dil na jin\u00fd n\u00e1zor na p\u016fsoben\u00ed prezidenta Trumpa, ne\u017e m\u00e1 on a spole\u010densk\u00e1 vrstva, k n\u00ed\u017e n\u00e1le\u017e\u00ed.<\/p>\n<p><!--more--><\/p>\n<p>Ladislav Jakl hodnotil Trumpa pozitivn\u011b. Profesor Luke\u0161 jeho n\u00e1zory pozna\u010dil za nesmysly a l\u017ei nadiktovan\u00e9 Kremlem. Zpochybnil Jaklovu kompetenci k v\u011bci mluvit, podle n\u011bho je to laik s ohonem na hlav\u011b.<\/p>\n<p>P\u0159edstavitel\u00e9 n\u00e1zorov\u00e9ho sm\u011bru, jak\u00fd zast\u00e1v\u00e1 Ladislav Jakl, se do \u010cesk\u00e9 televizi \u010dasto nedost\u00e1vaj\u00ed. Z ve\u0159ejnopr\u00e1vn\u00edch m\u00e9di\u00ed sp\u00ed\u0161e plyne n\u00e1zorov\u00fd proud, v n\u011bm\u017e je profesoru Luke\u0161ovi jako ryb\u011b ve vod\u011b. Jakl p\u0159ed kamerou tedy byl sp\u00ed\u0161e v\u00fdjimkou ne\u017e pravidlem. Nav\u00edc Ladislav Jakl nen\u00ed jenom p\u00e1n, kter\u00fd n\u00e1hodou \u0161el kolem a m\u00e1 ohon na hlav\u011b. Je z okruhu prezidenta V\u00e1clava Klause, p\u0159i\u010dem\u017e exprezident dal mo\u017en\u00e1 \u017eertem, ale mo\u017en\u00e1 v\u00e1\u017en\u011b minul\u00fd t\u00fdden najevo, \u017ee po Zemanov\u011b term\u00ednu by se mohl uch\u00e1zet o znovuzvolen\u00ed. Pak ov\u0161em by Ladislav Jakl nebyl p\u00e1n, co \u0161el kolem s ohonem na hlav\u011b. On nen\u00ed ani dnes, ale to by pak nebyl na kvadr\u00e1t. Formuluje my\u0161lenky, jak\u00e9 jsou publikov\u00e1ny v Institutu V\u00e1clava Klause. Je mo\u017eno s nimi nesouhlasit, lze s nimi polemizovat, nicm\u00e9n\u011b jsou to ideje relevantn\u00ed a zaslou\u017e\u00ed si seri\u00f3zn\u00ed odezvu.<\/p>\n<p>Profesor Luke\u0161 se zachoval jako majitel pravdy, kter\u00fd je pobou\u0159en, \u017ee se do vys\u00edl\u00e1n\u00ed dostane jin\u00fd pohled. Kdyby zesm\u011b\u0161nil jenom s\u00e1m sebe, nev\u00edd\u00e1no. Bohu\u017eel, aktivismus zneva\u017euje v\u011brohodnost ve\u0159ejnopr\u00e1vn\u00edch m\u00e9di\u00ed. Kdy\u017e poslouch\u00e1m rozhlas, tak citovan\u00e1 zahrani\u010dn\u00ed m\u00e9dia jsou Guardian a Washington Post, takt\u00e9\u017e CNN a BBC. Pak p\u0159ed mikrofon nastoup\u00ed Lubo\u0161 Palata a vysv\u011btl\u00ed n\u00e1m, jak jsme v\u0161ichni mimo. Aby to do\u0161lo i natvrdl\u00e9mu, pan Daniel Vesel\u00fd dovod\u00ed, jac\u00ed jsme rasist\u00e9 ve vleku bol\u0161evick\u00e9ho my\u0161len\u00ed. Je to P\u0160M, politick\u00e9 \u0161kolen\u00ed mu\u017estva. To, \u017ee pustili na obrazovku Jakla, je osv\u011b\u017euj\u00edc\u00ed zpest\u0159en\u00ed a tu\u0161\u00edm, \u017ee po Luke\u0161ov\u011b extempore ho zase dlouho neuvid\u00edme.<\/p>\n<p>Profesoru Luke\u0161ovi z\u0159ejm\u011b nedoch\u00e1z\u00ed, jak jinak se jev\u00ed mela kolem Trumpa a rusk\u00e9ho vm\u011b\u0161ov\u00e1n\u00ed zpoza oce\u00e1nu. Pora\u017een\u00e1 strana se zoufale chyt\u00e1 \u010dehokoli, co by mohlo vystrnadit Donalda Trumpa z B\u00edl\u00e9ho domu. Mus\u00ed se hodn\u011b sna\u017eit, proto\u017ee Trumpovi se pr\u00e1ce zjevn\u011b da\u0159\u00ed, ekonomika \u0161lape, nezam\u011bstnanost kles\u00e1, Trump je aktivn\u00ed i v zahrani\u010d\u00ed, v\u00e1lky se sna\u017e\u00ed sp\u00ed\u0161 utlumit, ne\u017e aby nov\u00e9 za\u010d\u00ednal. Takhle zdaleka je af\u00e9ra kolem rusk\u00e9ho vm\u011b\u0161ov\u00e1n\u00ed dokonale absurdn\u00ed: Americko &#8211; rusk\u00e9 vztahy jsou na nejni\u017e\u0161\u00edm bodu od konce studen\u00e9 v\u00e1lky. Pro\u010d tedy Rusov\u00e9 dosadili Trumpa do prezidentsk\u00e9ho \u00fa\u0159adu? Nav\u00edc je sm\u011b\u0161n\u00e1 p\u0159edstava, \u017ee by n\u011bjac\u00ed hacke\u0159i zmanipulovali volby ve Spojen\u00fdch st\u00e1tech. Pokud tomu skute\u010dn\u011b tak bylo, m\u011bli by se p\u0159ed\u00e1ci FBI a CIA a dal\u0161\u00edch agentur rovnou ob\u011bsit. Abych do\u0161el k takov\u00e9mu z\u00e1v\u011bru, opravdu nepot\u0159ebuju \u010d\u00edst n\u011bjak\u00fd Sputnik nebo Protiproud.<\/p>\n<p>Mimochodem, ten laik s ohonem na hlav\u011b Jakl u\u017e ohon nenos\u00ed. M\u00e1 rozpu\u0161t\u011bn\u00e9 vlasy.<\/p>\n<p><a href=\"http:\/\/neviditelnypes.lidovky.cz\/poboureny-majitel-pravdy-0y3-\/p_cirkus.aspx?c=A180720_195217_p_cirkus_nef\">Zdroj<\/a><\/p>\n","protected":false},"excerpt":{"rendered":"<p>Ideov\u00e9 utk\u00e1n\u00ed Ladislava Jakla a Igora Luke\u0161e v \u010cesk\u00e9 televizi se dostalo do p\u00e1te\u010dn\u00edch m\u00e9di\u00ed. M\u00e1lokdy je televizn\u00ed debata nikoli vedouc\u00edch politik\u016f takto prob\u00edr\u00e1na. Stalo se to proto, \u017ee profesor Bostonsk\u00e9 univerzity Igor Luke\u0161 neb\u00fdvale otev\u0159en\u011b za\u00fato\u010dil na jin\u00fd n\u00e1zor na p\u016fsoben\u00ed prezidenta Trumpa, ne\u017e m\u00e1 on a spole\u010densk\u00e1 vrstva, k n\u00ed\u017e n\u00e1le\u017e\u00ed.<\/p>\n","protected":false},"author":1,"featured_media":0,"comment_status":"open","ping_status":"open","sticky":false,"template":"","format":"standard","meta":{"ngg_post_thumbnail":0,"footnotes":""},"categories":[11],"tags":[],"class_list":["post-8764","post","type-post","status-publish","format-standard","hentry","category-ozvena"],"_links":{"self":[{"href":"https:\/\/www.ladislavjakl.cz\/index.php?rest_route=\/wp\/v2\/posts\/8764","targetHints":{"allow":["GET"]}}],"collection":[{"href":"https:\/\/www.ladislavjakl.cz\/index.php?rest_route=\/wp\/v2\/posts"}],"about":[{"href":"https:\/\/www.ladislavjakl.cz\/index.php?rest_route=\/wp\/v2\/types\/post"}],"author":[{"embeddable":true,"href":"https:\/\/www.ladislavjakl.cz\/index.php?rest_route=\/wp\/v2\/users\/1"}],"replies":[{"embeddable":true,"href":"https:\/\/www.ladislavjakl.cz\/index.php?rest_route=%2Fwp%2Fv2%2Fcomments&post=8764"}],"version-history":[{"count":1,"href":"https:\/\/www.ladislavjakl.cz\/index.php?rest_route=\/wp\/v2\/posts\/8764\/revisions"}],"predecessor-version":[{"id":8765,"href":"https:\/\/www.ladislavjakl.cz\/index.php?rest_route=\/wp\/v2\/posts\/8764\/revisions\/8765"}],"wp:attachment":[{"href":"https:\/\/www.ladislavjakl.cz\/index.php?rest_route=%2Fwp%2Fv2%2Fmedia&parent=8764"}],"wp:term":[{"taxonomy":"category","embeddable":true,"href":"https:\/\/www.ladislavjakl.cz\/index.php?rest_route=%2Fwp%2Fv2%2Fcategories&post=8764"},{"taxonomy":"post_tag","embeddable":true,"href":"https:\/\/www.ladislavjakl.cz\/index.php?rest_route=%2Fwp%2Fv2%2Ftags&post=8764"}],"curies":[{"name":"wp","href":"https:\/\/api.w.org\/{rel}","templated":true}]}}