{"id":8766,"date":"2018-07-31T11:53:10","date_gmt":"2018-07-31T09:53:10","guid":{"rendered":"http:\/\/www.ladislavjakl.cz\/?p=8766"},"modified":"2018-07-31T11:53:10","modified_gmt":"2018-07-31T09:53:10","slug":"svoboda-slova-v-ohrozeni","status":"publish","type":"post","link":"https:\/\/www.ladislavjakl.cz\/?p=8766","title":{"rendered":"Svoboda slova v ohro\u017een\u00ed"},"content":{"rendered":"<p>Ve \u010dtvrtek 19.7.2018 v&nbsp;diskusn\u00edm po\u0159adu \u010cesk\u00e9 televize \u201eUd\u00e1losti, koment\u00e1\u0159e\u201c m\u011bli o Trumpov\u011b politice diskutovat Ladislav Jakl a pokrok\u00e1\u0159sk\u00fd akademik z&nbsp;Bostonu Igor Luke\u0161. Ten na Jaklovy argumenty ve prosp\u011bch Trumpovy politiky nebyl schopen v\u011bcn\u011b reagovat, na m\u00edsto polemiky jej za\u010dal osobn\u011b hrub\u011b ur\u00e1\u017eet a po\u017eadoval, aby lid\u00e9 Jaklova zjevu a n\u00e1zor\u016f&nbsp; nemohli sv\u00e9 n\u00e1zory ve\u0159ejn\u011b \u0159\u00edkat.<\/p>\n<p><!--more--><\/p>\n<p>Cel\u00fd incident vyvolal ve ve\u0159ejn\u00e9m prostoru v\u00e1\u0161nivou diskusi, kter\u00e1 v\u011bt\u0161inov\u011b odsoudila Luke\u0161ovo jedn\u00e1n\u00ed, ale zazn\u011blo v&nbsp;n\u00ed i n\u011bco velmi nebezpe\u010dn\u00e9ho. A kv\u016fli tomu protestujeme.<\/p>\n<p>&nbsp;Nejde toti\u017e ani tak o konkr\u00e9tn\u00ed arogantn\u00ed namy\u0161len\u00e9 hulv\u00e1tstv\u00ed Igora Luke\u0161e, ale o celkov\u00fd postoj hlasatel\u016f dne\u0161n\u00ed liber\u00e1ln\u00ed demokracie ke svobod\u011b slova, spole\u010densk\u00e9 diskusi a v\u016fbec k&nbsp;demokracii. Z&nbsp;\u0159ad jej\u00edch p\u0159edn\u00edch hlasatel\u016f se na internetu v&nbsp;kontextu duelu Jakl \u2013 Luke\u0161 za\u010dalo oz\u00fdvat, aby lid\u00e9 jin\u00fdch n\u00e1zor\u016f ne\u017e liber\u00e1ln\u011b mainstreamov\u00fdch nem\u011bli p\u0159\u00edstup do ve\u0159ejn\u00e9ho prostoru. T\u00fdden\u00edk Respekt to naz\u00fdv\u00e1 d\u00e1n\u00edm p\u0159ednosti kvalitn\u00ed \u017eurnalistice!!!<\/p>\n<p>Ladislav Jakl, kter\u00fd deset let zast\u00e1val funkci \u0159editele Politick\u00e9ho odboru Kancel\u00e1\u0159e prezidenta republiky, b\u00fdval poslancem a novin\u00e1\u0159em Lidov\u00fdch novin, nem\u00e1 podle pokrok\u00e1\u0159\u016f pr\u00e1vo hovo\u0159it o americk\u00e9 politice. Bez jak\u00fdchkoliv argument\u016f je nen\u00e1vistn\u011b ur\u00e1\u017een, naz\u00fdv\u00e1n lh\u00e1\u0159em a uml\u010dov\u00e1n. A to jenom proto, \u017ee se odv\u00e1\u017eil zastat se sou\u010dasn\u00e9ho americk\u00e9ho prezidenta. Tak daleko jsme se dostali za necel\u00fdch t\u0159icet let od p\u00e1du komunismu.<\/p>\n<p>N\u00e1stup totality m\u00e1 v\u017edy podobn\u00e9 rysy \u2013&nbsp; potla\u010dov\u00e1n\u00ed svobody slova, uml\u010dov\u00e1n\u00ed nepohodln\u00fdch n\u00e1zor\u016f, snaha o perzekuci jejich nositel\u016f, cenzura, n\u00e1zorov\u00fd monopol a manipulace ve\u0159ejnost\u00ed. P\u0159ed m\u011bs\u00edcem jsme uve\u0159ejnili manifest IVK \u201eObrana demokracie p\u0159ed liber\u00e1ln\u00ed demokraci\u00ed\u201c. M\u011bli jsme pravdu. Boj o svobodu slova za\u010dal, demokracie je ve v\u00e1\u017en\u00e9m ohro\u017een\u00ed.<\/p>\n<p><em>Stanovisko IVK<\/em><\/p>\n<p><a href=\"http:\/\/institutvk.cz\/clanky\/1166.html\">Zdroj<\/a><\/p>\n","protected":false},"excerpt":{"rendered":"<p>Ve \u010dtvrtek 19.7.2018 v&nbsp;diskusn\u00edm po\u0159adu \u010cesk\u00e9 televize \u201eUd\u00e1losti, koment\u00e1\u0159e\u201c m\u011bli o Trumpov\u011b politice diskutovat Ladislav Jakl a pokrok\u00e1\u0159sk\u00fd akademik z&nbsp;Bostonu Igor Luke\u0161. Ten na Jaklovy argumenty ve prosp\u011bch Trumpovy politiky nebyl schopen v\u011bcn\u011b reagovat, na m\u00edsto polemiky jej za\u010dal osobn\u011b hrub\u011b ur\u00e1\u017eet a po\u017eadoval, aby lid\u00e9 Jaklova zjevu a n\u00e1zor\u016f&nbsp; nemohli sv\u00e9 n\u00e1zory ve\u0159ejn\u011b \u0159\u00edkat.<\/p>\n","protected":false},"author":1,"featured_media":0,"comment_status":"open","ping_status":"open","sticky":false,"template":"","format":"standard","meta":{"ngg_post_thumbnail":0,"footnotes":""},"categories":[11],"tags":[],"class_list":["post-8766","post","type-post","status-publish","format-standard","hentry","category-ozvena"],"_links":{"self":[{"href":"https:\/\/www.ladislavjakl.cz\/index.php?rest_route=\/wp\/v2\/posts\/8766","targetHints":{"allow":["GET"]}}],"collection":[{"href":"https:\/\/www.ladislavjakl.cz\/index.php?rest_route=\/wp\/v2\/posts"}],"about":[{"href":"https:\/\/www.ladislavjakl.cz\/index.php?rest_route=\/wp\/v2\/types\/post"}],"author":[{"embeddable":true,"href":"https:\/\/www.ladislavjakl.cz\/index.php?rest_route=\/wp\/v2\/users\/1"}],"replies":[{"embeddable":true,"href":"https:\/\/www.ladislavjakl.cz\/index.php?rest_route=%2Fwp%2Fv2%2Fcomments&post=8766"}],"version-history":[{"count":1,"href":"https:\/\/www.ladislavjakl.cz\/index.php?rest_route=\/wp\/v2\/posts\/8766\/revisions"}],"predecessor-version":[{"id":8767,"href":"https:\/\/www.ladislavjakl.cz\/index.php?rest_route=\/wp\/v2\/posts\/8766\/revisions\/8767"}],"wp:attachment":[{"href":"https:\/\/www.ladislavjakl.cz\/index.php?rest_route=%2Fwp%2Fv2%2Fmedia&parent=8766"}],"wp:term":[{"taxonomy":"category","embeddable":true,"href":"https:\/\/www.ladislavjakl.cz\/index.php?rest_route=%2Fwp%2Fv2%2Fcategories&post=8766"},{"taxonomy":"post_tag","embeddable":true,"href":"https:\/\/www.ladislavjakl.cz\/index.php?rest_route=%2Fwp%2Fv2%2Ftags&post=8766"}],"curies":[{"name":"wp","href":"https:\/\/api.w.org\/{rel}","templated":true}]}}