{"id":8768,"date":"2018-08-01T08:52:16","date_gmt":"2018-08-01T06:52:16","guid":{"rendered":"http:\/\/www.ladislavjakl.cz\/?p=8768"},"modified":"2018-08-31T12:10:37","modified_gmt":"2018-08-31T10:10:37","slug":"ladislav-jakl-elitari-taji-b","status":"publish","type":"post","link":"https:\/\/www.ladislavjakl.cz\/?p=8768","title":{"rendered":"Ladislav Jakl: \u201eElit\u00e1\u0159i taj\u00ed B\u201c"},"content":{"rendered":"<div class=\"organism--contents-area--article-detail-content-area--inner--description\">Jedna z aktu\u00e1ln\u011b nejsledovan\u011bj\u0161\u00edch medi\u00e1ln\u00edch p\u0159est\u0159elek se odehr\u00e1la na sklonku minul\u00e9ho t\u00fddne v po\u0159adu Ud\u00e1losti a koment\u00e1\u0159e na \u010cT24. V jeho pr\u016fb\u011bhu profesor bostonsk\u00e9 univerzity Igor Luke\u0161 zpochybnil schopnost Ladislava Jakla, poradce exprezidenta V\u00e1clava Klause, debatovat o USA, nebo\u0165 \u201em\u00e1 ohon\u201c. Rozum\u011bj dlouh\u00e9 vlasy. P\u00e1dn\u00fd d\u016fvod pro rozhovor s jejich hrd\u00fdm majitelem.<\/div>\n<p><!--more--><\/p>\n<div class=\"organism--contents-area--article-detail-content-area--inner--content main-content-block\">\n<p><strong>Nelze \u0159\u00edci, \u017ee volba Donalda Trumpa a zejm\u00e9na prohra Hillary Clinton v&nbsp;posledn\u00edch prezidentsk\u00fdch volb\u00e1ch znamenaj\u00ed historick\u00fd mezn\u00edk. Na hlavu pora\u017een\u00e1 Demokratick\u00e1 strana vt\u00e1hla USA, pota\u017emo sv\u011bt, do n\u011b\u010deho, co bych nazval politickou ob\u010danskou v\u00e1lkou.<\/strong><br \/>\nAno, jev\u00ed se to tak a dost mo\u017en\u00e1 dal\u0161\u00ed p\u0159itvrzov\u00e1n\u00ed \u00fatok\u016f proti Trumpovi v&nbsp;n\u011bjak\u00e9 n\u00e1siln\u00e9 st\u0159ety vy\u00fast\u00ed. Ale situace p\u0159ed posledn\u00edmi americk\u00fdmi prezidentsk\u00fdmi volbami a i po nich p\u0159ece nespadla z&nbsp;nebe. Rozd\u011blen\u00ed americk\u00e9 spole\u010dnosti je autentick\u00e9, je realitou a boj o Trumpa je jen jeho personalizovan\u00fdm a symbolick\u00fdm projevem. Americk\u00e1 spole\u010dnost u\u017e od konce \u0161edes\u00e1t\u00fdch let za\u010dala ztr\u00e1cet sv\u016fj mravn\u00ed, hodnotov\u00fd, starom\u00f3dn\u011b usedl\u00fd charakter, kde se slova jako vlast, rodina a n\u00e1rod vyslovovala s&nbsp;pat\u0159i\u010dn\u00fdm patosem. Tahle spole\u010densk\u00e1 konstrukce nevydr\u017eela n\u00e1por pokrok\u00e1\u0159\u016f, jejich\u017e v\u00fdhrady byly zpo\u010d\u00e1tku mo\u017en\u00e1 i v&nbsp;n\u011b\u010dem opr\u00e1vn\u011bn\u00e9. Ale poda\u0159ilo se jim vyl\u00edt s&nbsp;vani\u010dkou i d\u00edt\u011b a Amerika u\u017e nen\u00ed tou Amerikou \u010destn\u00fdch chlap\u00e1ck\u00fdch hrdin\u016f, ale hyperkorektn\u00edch metrosexu\u00e1l\u016f, kte\u0159\u00ed si nemysl\u00ed, co si mysl\u00ed, ale to, co si podle nov\u00fdch spole\u010densk\u00fdch model\u016f maj\u00ed myslet. Star\u00e1 Amerika ale je\u0161t\u011b \u00fapln\u011b nevym\u0159ela a vzchopila se k&nbsp;mo\u017en\u00e1 posledn\u00edmu pokusu zastavit cel\u00fd ten ohromn\u00fd experiment soci\u00e1ln\u00edho in\u017een\u00fdrstv\u00ed. Chci t\u00edm \u0159\u00edci, \u017ee ten st\u0159et by tu byl i bez Clinton\u016f a Trumpa a odehr\u00e1v\u00e1 se p\u0159\u00edmo ve spole\u010dnosti. A tak\u00e9 tam se s&nbsp;n\u00edm m\u016f\u017ee n\u011bco ud\u011blat, politika k&nbsp;tomu m\u016f\u017ee jen p\u0159isp\u011bt nebo to kazit, ale sama nic nedohraje, proto\u017ee to sama nespustila.<\/p>\n<p><strong>Dost dob\u0159e mi nen\u00ed jasn\u00e9, pro\u010d Demokratick\u00e1 strana prahne natolik po tom, aby vy\u0161lo najevo, \u017ee Rusko dok\u00e1zalo ovlivnit volby. Nen\u00ed to p\u0159izn\u00e1n\u00ed vlastn\u00ed slabosti a neschopnosti?<\/strong><br \/>\nTo je cel\u00e9 nejlegra\u010dn\u011bj\u0161\u00ed. Trump byl v&nbsp;tu dobu mimo st\u00e1tn\u00ed struktury a nenese za bezpe\u010dnost st\u00e1tu v&nbsp;tehdej\u0161\u00ed dob\u011b \u017e\u00e1dnou zodpov\u011bdnost. Pokud ciz\u00ed slu\u017eby tehdy v&nbsp;Americe \u0159\u00e1dily a n\u011bjak v\u00fdznamn\u011bji ovliv\u0148ovaly americk\u00e9 volby, m\u011bli by ti \u010dinitel\u00e9 americk\u00fdch bezpe\u010dnostn\u00edch slo\u017eek m\u00edsto pok\u0159iku a vin\u011bn\u00ed Trumpa otev\u0159\u00edt z\u00e1suvku sv\u00e9ho pracovn\u00edho stolu, vyndat pistoli a st\u0159elit se do hlavy. A je\u0161t\u011b n\u011bco. \u017de pr\u00fd Rusko ovlivnilo americk\u00e9 volby, to sly\u0161\u00edme ka\u017ed\u00fd den ze v\u0161ech stran, ale jak se to m\u011blo konkr\u00e9tn\u011b realizovat, o tom u\u017e se moc nemluv\u00ed. Tak si zjist\u00edme, \u017ee t\u00edm hlavn\u00edm z\u00e1sahem pr\u00fd m\u011blo b\u00fdt zve\u0159ejn\u011bn\u00ed skand\u00e1ln\u00ed korespondence z prost\u0159ed\u00ed Demokratick\u00e9 strany, usv\u011bd\u010duj\u00edc\u00ed veden\u00ed strany ze zneu\u017e\u00edv\u00e1n\u00ed stranick\u00e9ho apar\u00e1tu proti konkurent\u016fm Hillary Clinton v&nbsp;prim\u00e1rk\u00e1ch, p\u0159itom apar\u00e1t strany mus\u00ed b\u00fdt v&nbsp;prim\u00e1rk\u00e1ch p\u0159\u00edsn\u011b neutr\u00e1ln\u00ed. Tak si \u0159\u00edk\u00e1m, \u017ee jestli tuto korespondenci vynesl Putin, nem\u011blo by se mu vyhro\u017eovat v\u00e1lkou, ale m\u011bl by dostat Pulitzerovu cenu za odhalen\u00ed velk\u00e9 politick\u00e9 \u0161p\u00edny. Za takovou pr\u00e1ci, za vynesen\u00ed takov\u00fdch lump\u00e1ren na sv\u011btlo b\u00fdvaj\u00ed p\u0159ece novin\u00e1\u0159i oce\u0148ov\u00e1ni.<\/p>\n<p><strong>Pan profesor Luke\u0161 d\u011bl\u00ed lidi, tedy voli\u010de, na seri\u00f3zn\u00ed a neseri\u00f3zn\u00ed. Podle jeho slov 65 procent republik\u00e1n\u016f nevid\u00ed d\u016fvod prezidenta Trumpa za jeho v\u00fdkon kritizovat. To jsou ti neseri\u00f3zn\u00ed\u2026<\/strong><br \/>\nAno, toho jsem si v\u0161iml, to \u0159ekl snad v&nbsp;prvn\u00ed v\u011bt\u011b v&nbsp;onom po\u0159adu se mnou. Z&nbsp;jeho slov plynulo, \u017ee Ameri\u010dan\u00e9 se d\u011bl\u00ed na dv\u011b skupiny: na voli\u010de republik\u00e1n\u016f a na ty seri\u00f3zn\u00ed. Asi na to m\u011bl moder\u00e1tor zareagovat. J\u00e1 jsem necht\u011bl, proto\u017ee s&nbsp;t\u011bmihle fr\u00e1zemi nem\u00e1 cenu bojovat, jejich auto\u0159i se odkopou sami, zat\u00edmco pokud by se kolem toho mezi n\u00e1mi o tom byla odehr\u00e1la n\u011bjak\u00e1 p\u0159est\u0159elka, div\u00e1k by post\u0159ehl jen to, \u017ee se tam n\u011bjac\u00ed dva lidi h\u00e1daj\u00ed, a ostatn\u00ed by mu v&nbsp;\u0161umu uniklo. Tak jsem rad\u011bji nechal Luke\u0161ovy skvostn\u00e9 v\u011bty v&nbsp;jejich nahot\u011b.<\/p>\n<div class=\"node-embed type-image\">\n<div class=\"embed node-type-image template--image-embed-template landscape\">\n<div class=\"template--image-embed-template__picture iPrima-image-loaded\"><picture><source srcset=\"https:\/\/c1.primacdn.cz\/sites\/default\/files\/styles\/scale_mobile\/public\/a\/9e\/4373225-profimedia-0213743451.jpg?itok=gx8wQ_xc&amp;timestamp=1532360396 1x\" media=\"(max-width: 414px)\" data-srcset=\"https:\/\/c1.primacdn.cz\/sites\/default\/files\/styles\/scale_mobile\/public\/a\/9e\/4373225-profimedia-0213743451.jpg?itok=gx8wQ_xc&amp;timestamp=1532360396 1x\"><source srcset=\"https:\/\/c1.primacdn.cz\/sites\/default\/files\/styles\/scale_desktop\/public\/a\/9e\/4373225-profimedia-0213743451.jpg?itok=odocVL2l&amp;timestamp=1532360396 1x\" media=\"(min-width: 1440px)\" data-srcset=\"https:\/\/c1.primacdn.cz\/sites\/default\/files\/styles\/scale_desktop\/public\/a\/9e\/4373225-profimedia-0213743451.jpg?itok=odocVL2l&amp;timestamp=1532360396 1x\"><img class=\" lazyloaded\" title=\"\" srcset=\"https:\/\/c1.primacdn.cz\/sites\/default\/files\/styles\/scale_desktop\/public\/a\/9e\/4373225-profimedia-0213743451.jpg?itok=odocVL2l&amp;timestamp=1532360396 960w\" alt=\"Ladislav Jakl: \u201eRad\u011bji jsem nechal Luke\u0161ovy skvostn\u00e9 v\u011bty v jejich nahot\u011b.\u201c\" width=\"555\" height=\"368\" data-srcset=\"https:\/\/c1.primacdn.cz\/sites\/default\/files\/styles\/scale_desktop\/public\/a\/9e\/4373225-profimedia-0213743451.jpg?itok=odocVL2l&amp;timestamp=1532360396 960w\"><\/picture><\/div>\n<div class=\"template--image-embed-template__meta\">\n<div class=\"template--image-embed-template__meta--caption-title\">Ladislav Jakl: \u201eRad\u011bji jsem nechal Luke\u0161ovy skvostn\u00e9 v\u011bty v jejich nahot\u011b.\u201c<\/div>\n<div class=\"template--image-embed-template__meta--source-author\">profimedia.cz<\/div>\n<\/div>\n<\/div>\n<\/div>\n<p><strong>Asi nen\u00ed jen americk\u00e9 specifikum, \u017ee voli\u010di v\u00edt\u011bz\u016f b\u00fdvaj\u00ed charakterizov\u00e1ni jako ti m\u00e9n\u011b rozumov\u011b zdatn\u00ed, kte\u0159\u00ed m\u00edsto toho, aby se sna\u017eili pochopit genialitu pora\u017een\u00fdch, vol\u00ed ty \u201enespr\u00e1vn\u00e9\u201c lidi a strany.<\/strong><br \/>\nAsi p\u0159ed dvaceti \u010di p\u011btadvaceti lety jsem n\u011bkde napsal, \u017ee n\u011bkte\u0159\u00ed lid\u00e9 vyzn\u00e1vaj\u00ed demokracii jen potud, pokud ta nese takov\u00e9 plody, kter\u00e9 jim chutnaj\u00ed. M\u011b na tom nemrz\u00ed jen to, \u017ee tihle zvl\u00e1\u0161tn\u00ed lid\u00e9 tup\u00ed volebn\u00ed v\u00edt\u011bze a up\u00edraj\u00ed jim jejich v\u00edt\u011bzstv\u00ed. Daleko hor\u0161\u00ed je to, \u017ee plivou na v\u00fdznamnou \u010d\u00e1st spole\u010dnosti, m\u00edsto aby pochopili, \u017ee ti, kdo volili jinak, pro to m\u011bli n\u011bjak\u00fd ze sv\u00e9ho hlediska racion\u00e1ln\u00ed d\u016fvod. Souvis\u00ed s&nbsp;t\u00edm je\u0161t\u011b jedna obvykl\u00e1 vlastnost t\u011bchto \u201eliber\u00e1l\u016f\u201c. Kdy\u017e se potkaj\u00ed s&nbsp;jin\u00fdm n\u00e1zorem, okam\u017eit\u011b p\u0159edpokl\u00e1daj\u00ed, \u017ee jejich nositel m\u00e1 pro jejich sd\u00edlen\u00ed n\u011bjak\u00fd zl\u00fd motiv. Nedovedou p\u0159iznat jin\u00e9mu pohledu jeho vlastn\u00ed legitimitu.<\/p>\n<p><strong>P\u0159edseda hnut\u00ed Starostov\u00e9 a nez\u00e1visl\u00ed pan Gazd\u00edk pravil cosi ve smyslu, \u017ee volba Donalda Trumpa dokazuje, \u017ee i demokratick\u00e9 volby mohou vyn\u00e9st na piedestal podle jeho n\u00e1zoru nespr\u00e1vnou osobu\u2026<\/strong><br \/>\nAno, t\u0159eba Hitlera. I toto srovn\u00e1n\u00ed jsem dnes \u010detl. Kdy\u017e tihle elit\u00e1\u0159i \u0159\u00edkaj\u00ed toto sv\u00e9 A, m\u011bli by \u0159\u00edct i B: co n\u00e1m to chystaj\u00ed lep\u0161\u00edho, ne\u017e jsou demokratick\u00e9 volby. Nebo snad variantu B taj\u00ed? J\u00e1 u\u017e des\u00edtky let \u0159\u00edk\u00e1m dv\u011b v\u011bci, kter\u00e9 jsou asi p\u0159esn\u00fdm opakem. \u201eLep\u0161\u00ed ne\u017e aby byly v\u011bci dob\u0159e, je, kdy\u017e jsou tak, jak maj\u00ed b\u00fdt.\u201c A ta druh\u00e1: \u201ePolitick\u00e9 d\u011bjiny jsou d\u011bjinami souboje dobra a svobody. V&nbsp;tomto boji stoj\u00edm na stran\u011b svobody.\u201c<\/p>\n<p><strong>Hodl\u00e1te se ost\u0159\u00edhat?<\/strong><br \/>\nJist\u00fd typ lid\u00ed m\u00e1 s&nbsp;m\u00fdmi vlasy probl\u00e9m u\u017e tak 45 let. Pro takov\u00e9 m\u00e1m bezva zpr\u00e1vu: v\u00e1\u0161 probl\u00e9m u\u017e \u00fasp\u011b\u0161n\u011b \u0159e\u0161\u00ed \u010das a gravitace. A asi brzo vy\u0159e\u0161\u00ed.<\/p>\n<p><a href=\"https:\/\/www.playboy.cz\/arena\/ladislav-jakl-elitari-taji-b\">Zdroj<\/a><\/p>\n<\/div>\n","protected":false},"excerpt":{"rendered":"<p>Jedna z aktu\u00e1ln\u011b nejsledovan\u011bj\u0161\u00edch medi\u00e1ln\u00edch p\u0159est\u0159elek se odehr\u00e1la na sklonku minul\u00e9ho t\u00fddne v po\u0159adu Ud\u00e1losti a koment\u00e1\u0159e na \u010cT24. V jeho pr\u016fb\u011bhu profesor bostonsk\u00e9 univerzity Igor Luke\u0161 zpochybnil schopnost Ladislava Jakla, poradce exprezidenta V\u00e1clava Klause, debatovat o USA, nebo\u0165 \u201em\u00e1 ohon\u201c. Rozum\u011bj dlouh\u00e9 vlasy. P\u00e1dn\u00fd d\u016fvod pro rozhovor s jejich hrd\u00fdm majitelem.<\/p>\n","protected":false},"author":1,"featured_media":0,"comment_status":"open","ping_status":"open","sticky":false,"template":"","format":"standard","meta":{"ngg_post_thumbnail":0,"footnotes":""},"categories":[22,13],"tags":[],"class_list":["post-8768","post","type-post","status-publish","format-standard","hentry","category-jakl-senator","category-rozhovory"],"_links":{"self":[{"href":"https:\/\/www.ladislavjakl.cz\/index.php?rest_route=\/wp\/v2\/posts\/8768","targetHints":{"allow":["GET"]}}],"collection":[{"href":"https:\/\/www.ladislavjakl.cz\/index.php?rest_route=\/wp\/v2\/posts"}],"about":[{"href":"https:\/\/www.ladislavjakl.cz\/index.php?rest_route=\/wp\/v2\/types\/post"}],"author":[{"embeddable":true,"href":"https:\/\/www.ladislavjakl.cz\/index.php?rest_route=\/wp\/v2\/users\/1"}],"replies":[{"embeddable":true,"href":"https:\/\/www.ladislavjakl.cz\/index.php?rest_route=%2Fwp%2Fv2%2Fcomments&post=8768"}],"version-history":[{"count":2,"href":"https:\/\/www.ladislavjakl.cz\/index.php?rest_route=\/wp\/v2\/posts\/8768\/revisions"}],"predecessor-version":[{"id":8770,"href":"https:\/\/www.ladislavjakl.cz\/index.php?rest_route=\/wp\/v2\/posts\/8768\/revisions\/8770"}],"wp:attachment":[{"href":"https:\/\/www.ladislavjakl.cz\/index.php?rest_route=%2Fwp%2Fv2%2Fmedia&parent=8768"}],"wp:term":[{"taxonomy":"category","embeddable":true,"href":"https:\/\/www.ladislavjakl.cz\/index.php?rest_route=%2Fwp%2Fv2%2Fcategories&post=8768"},{"taxonomy":"post_tag","embeddable":true,"href":"https:\/\/www.ladislavjakl.cz\/index.php?rest_route=%2Fwp%2Fv2%2Ftags&post=8768"}],"curies":[{"name":"wp","href":"https:\/\/api.w.org\/{rel}","templated":true}]}}