{"id":8771,"date":"2018-08-01T08:54:34","date_gmt":"2018-08-01T06:54:34","guid":{"rendered":"http:\/\/www.ladislavjakl.cz\/?p=8771"},"modified":"2018-08-01T08:54:34","modified_gmt":"2018-08-01T06:54:34","slug":"profesor-lukes-z-bostonske-university-dostal-v-udalostech-zachvat-zloby-z-pana-jakla","status":"publish","type":"post","link":"https:\/\/www.ladislavjakl.cz\/?p=8771","title":{"rendered":"Profesor Luke\u0161 z Bostonsk\u00e9 university dostal v Ud\u00e1lostech z\u00e1chvat zloby z pana Jakla"},"content":{"rendered":"<div class=\"opener\">Kritik \u010cech\u016f a mu\u017e s t\u00edm nejameri\u010dt\u011bj\u0161\u00edm p\u0159\u00edzvukem na sv\u011bt\u011b byl op\u011bt na d\u00e1lku v \u010cT. Pan Jakl v n\u011bm probudil stra\u0161idelnou zlobu. Pro\u010d? Pan Jakl m\u011bl prost\u011b jin\u00fd n\u00e1zor a on to neunesl. Jsou pan Kubal a mu\u017e s ko\u0148sk\u00fdm ohonem z Kremlu?<\/div>\n<p><!--more--><\/p>\n<div id=\"art-text\" class=\"text\">\n<p>Ani zdaleka netu\u0161\u00edm pokolik\u00e1t\u00e9 jsem ji\u017e v\u010dera mohl sly\u0161et a vid\u011bt v \u010cesk\u00e9 televizi pana profesora historie a mezin\u00e1rodn\u00edch vztah\u016f z Bostonsk\u00e9 university Igora Luke\u0161e, ale ihned se mi vybavil krom\u011b profesorovi anglick\u00e9 v\u00fdslovnosti i pro m\u011b ten nejv\u011bt\u0161\u00ed dar tohoto odborn\u00edka zpoza oce\u00e1nu.<\/p>\n<p><strong>Za tento dar pova\u017euji to, \u017ee t\u00e9m\u011b\u0159 v\u0161e, co kdy pan profesor Luke\u0161 p\u0159edpov\u00eddal a komentoval dopadlo t\u00e9m\u011b\u0159 v\u017edy p\u0159esn\u011b opa\u010dn\u011b, viz nap\u0159\u00edklad ji\u017e legend\u00e1rn\u00ed americk\u00e1 volebn\u00ed noc na \u010cT, ale b\u011bda ka\u017ed\u00e9mu, kdo m\u00e1 t\u0159eba jen trochu jin\u00fd n\u00e1zor ne\u017e tento velk\u00fd kritik Donalda Trumpa a \u010cech\u016f za odm\u00edt\u00e1n\u00ed migrant\u016f a tak moc oddan\u00fd milovn\u00edk multikulturalismu a Hillary Clinton.<\/strong><\/p>\n<p><strong>Aneb Rusko se st\u00e1le je\u0161t\u011b ekonomicky nezhroutilo a ani hladomor ho zat\u00edm nese\u017eral pane profesore.<\/strong><\/p>\n<p>Pan moder\u00e1tor Kubal si v\u010dera pozval do ve\u010dern\u00edch Ud\u00e1lost\u00ed, koment\u00e1\u0159\u016f pana Ladislava Jakla a na d\u00e1lku tak\u00e9 ji\u017e tradi\u010dn\u00edho hosta profesora Igora Luke\u0161e z Bostonu, aby se vyj\u00e1d\u0159ili k Trumpovi a americk\u00e9 politice.<\/p>\n<p><strong>Prvn\u00ed dostal slovo pan profesor a mluvil o Trumpovi stejn\u011b jako v\u017edy a tedy jako v\u017edy stejn\u011b zcela zaujat\u011b.<\/strong>A proto\u017ee pr\u00fd mluvil jm\u00e9nem v\u0161ech t\u011bch seri\u00f3zn\u00edch lid\u00ed, tak v souvislosti s Trumpem a jeho setk\u00e1n\u00ed s Putinem u\u017e\u00edval slova jako zr\u00e1dcovsk\u00e9, chov\u00e1 se jako Putin\u016fv agent, nebo, \u017ee Ameri\u010dany Trump jako prezident d\u011bs\u00ed.<\/p>\n<p><strong>&#8222;Za t\u00e9hle situace se nelze divit, \u017ee jsou v\u0161ichni lid\u00e9 na nohou a sna\u017e\u00ed se n\u011bjak orientovat v situaci, kdy nen\u00ed jasno, zda je prezident jen nezku\u0161en\u00fd a nep\u0159ipraven\u00fd, nebo zda d\u011bl\u00e1 to, co d\u011bl\u00e1, pod n\u011bjak\u00fdm rusk\u00fdm tlakem.&#8220;<\/strong><\/p>\n<p>Jestli jsou v Americe v\u0161ichni lid\u00e9 na nohou nev\u00edm, ale v\u00edm, \u017ee v\u010dera na\u0161t\u011bst\u00ed pozvali do vys\u00edl\u00e1n\u00ed \u010cT i \u010dlov\u011bka s jin\u00fdm n\u00e1zorem ne\u017e m\u011bl pan Luke\u0161.&nbsp;<strong>Bylo to osv\u011b\u017euj\u00edc\u00ed.<\/strong><\/p>\n<p>Pot\u00e9 tedy promluvil pan Jakl a narozd\u00edl od pana Luke\u0161e m\u011bl pro americk\u00e9ho prezidenta i slova uzn\u00e1n\u00ed.&nbsp;<strong>&#8222;Mysl\u00edm, \u017ee Donald Trump n\u00e1m za posledn\u00ed asi m\u011bs\u00edc p\u0159edvedl v\u016fbec nejlep\u0161\u00ed periodu sv\u00e9ho prezidentov\u00e1n\u00ed.&#8220; &#8222;Konkr\u00e9tn\u00ed skutky, kter\u00e9 Trump ud\u011blal za posledn\u00ed m\u011bs\u00edc, ty v\u0161echny jsou nepochybn\u011b v z\u00e1jmu Ameriky, v z\u00e1jmu americk\u00e9ho voli\u010de a ur\u010dit\u011b mo\u017en\u00e1 nejsou v z\u00e1jmu americk\u00e9ho medi\u00e1ln\u00edho a politick\u00e9ho establishmentu, ve kter\u00e9m se Donald Trump ocitl jako kuka\u010d\u010d\u00ed ml\u00e1d\u011b.&#8220;<\/strong><\/p>\n<p>Pan b\u00fdval\u00fd poradce pana prezidenta Klause d\u00e1le vyzdvihl setk\u00e1n\u00ed Trumpa s Kim \u010cong- unem i s rusk\u00fdm prezidentem Putinem. &#8222;To v\u0161e se po\u010d\u00edt\u00e1.&#8220; &#8222;Trumpovi p\u016fjdou po krku, ka\u017ed\u00fd den, ka\u017edou hodinu a v\u017edycky si p\u0159i tom najdou n\u011bjakou jinou z\u00e1minku.&#8220;&nbsp;<strong>&#8222;Je to naprost\u00e9 nesm\u00ed\u0159en\u00ed se establishmentu s Trumpem.&#8220;<\/strong><\/p>\n<p>U\u017e v z\u00e1b\u011brech pan Luke\u0161 p\u0159i slovech pana Jakla a\u017e vzdychal, tv\u00e1\u0159il se kysele a arogantn\u011b, kroutil hlavou, ale tu svou zmi\u0148ovanou seri\u00f3znost a nedotknutelnou pravdu prok\u00e1zal ihned, kdy\u017e dostal op\u011bt slovo. Oproti klidn\u00e9mu, v\u011bcn\u00e9mu a uvoln\u011bn\u011b argumentuj\u00edc\u00edmu panu Jaklovi byl evidentn\u011b rozru\u0161en a vypadal jak v afektu.<\/p>\n<p><strong>&#8222;V\u016fbec nev\u00edm jak na tuhle situaci reagovat, proto\u017ee vy jste m\u011b pozval tady do toho programu a nakonec j\u00e1 tady jsem nucen poslouchat otev\u0159en\u00e9 l\u017ei, nesmysly a v\u00fdmysly, kdy na jedn\u00e9 stran\u011b m\u00e1me n\u00e1zory seri\u00f3zn\u00edch americk\u00fdch profesion\u00e1l\u016f a vlastenc\u016f, kte\u0159\u00ed cel\u00fd \u017eivot pracuj\u00ed pro dobro Spojen\u00fdch st\u00e1t\u016f a d\u00e1me hlas tady tomu p\u00e1novi, kter\u00e9ho sice nevid\u00edm, ale v\u00edm z n\u011bjak\u00e9 star\u00e9 fotografie, \u017ee m\u00e1 ko\u0148sk\u00fd ohon na hlav\u011b a z toho snad m\u00e1m uzav\u0159\u00edt, \u017ee m\u00e1 autoritu mluvit o tom, co je dobr\u00e9 pro Spojen\u00e9 st\u00e1ty, nebo, co je dokonce dobr\u00e9 pro celou z\u00e1padn\u00ed alianci.<\/strong>&#8220;<\/p>\n<p>Vypadal, \u017ee se dokonce zlob\u00ed i na pana moder\u00e1tora Kubala, kter\u00fd v\u0161ak pro \u010cT v USA pracoval, tak\u017ee by mysl\u00edm pan profesor mohl v\u011bd\u011bt, \u017ee zrovna na pana Kubala se zlobit nemus\u00ed.<\/p>\n<p>Pan Kubal vyzval pana Luke\u0161e, aby se od ko\u0148sk\u00e9ho ohonu a toho, kdo jak vypad\u00e1 vr\u00e1til k v\u011bcn\u00fdm argument\u016fm.&nbsp;<strong>&#8222;J\u00e1 reaguji pr\u00e1v\u011b na ty argumenty a ten ko\u0148sk\u00fd ohon nevid\u00edm a nikdy bych ho nezm\u00ednil neb\u00fdt toho, \u017ee jsem pr\u00e1v\u011b sly\u0161el tyhle absurdn\u00ed l\u017ei, kter\u00e9 jsou vyp\u016fj\u010den\u00e9 ze slovn\u00edku Kremlu, kter\u00fd dezinformuje div\u00e1ky pr\u00e1v\u011b t\u00edmto zp\u016fsobem, \u017ee d\u00e1me \u010dty\u0159i minuty pravd\u011b a \u010dty\u0159i minuty l\u017e\u00edm.&#8220; &#8222;Div\u00e1k potom pokr\u010d\u00ed rameny a \u0159ekne, tak vid\u00edte, ono je to slo\u017eit\u00e9, poj\u010fme se rad\u011bji d\u00edvat na fotbal.&#8220;<\/strong><\/p>\n<p>Dezinformovala v\u010dera \u010cT s panem Kubalem jako Kreml, kdy\u017e pozvali i pana Jakla? Kdy\u017e jsem v\u010dera pana Luke\u0161e op\u011bt vid\u011bl, tak jsem si po dal\u0161\u00edm sledov\u00e1n\u00ed fotbalu skute\u010dn\u011b posteskl. Co m\u011bli b\u00fdt ty minuty pravdy vysv\u011btlil sv\u00fdm hysterick\u00fdm, ura\u017een\u00fdm a a\u017e hanebn\u00fdm chov\u00e1n\u00edm pan Luke\u0161 jasn\u011b.&nbsp;<strong>To m\u011bli b\u00fdt ty jeho minuty a svou zaslepenost prok\u00e1zal i v z\u00e1v\u011bru, kdy\u017e m\u011bl od pana moder\u00e1tora Kubala za \u00fakol pokusit se naj\u00edt na Donaldu Trumpovi alespo\u0148 n\u011bco pozitivn\u00edho.<\/strong><\/p>\n<p>&#8222;Zat\u00edm to jedin\u00e9 pozitivn\u00ed vid\u00edm to, \u017ee nena\u0161el nikoho seri\u00f3zn\u00edho, kdo by byl ochoten s n\u00edm dlouhodob\u011b pracovat.&#8220; &#8222;V\u0161ichni seri\u00f3zn\u00ed lid\u00e9 u\u017e ode\u0161li, nebo brzo odejdou.&#8220; &#8222;<strong>To je prvn\u00ed pozitivn\u00ed v\u011bc a ta druh\u00e1 je, \u017ee je mnohem neschopn\u011bj\u0161\u00ed, ne\u017e jsem si myslel a proto se mu zat\u00edm nepoda\u0159ilo ud\u011blat v\u0161echno to zlo, kter\u00e9 jist\u011b pl\u00e1nuje ud\u011blat.&#8220;<\/strong><\/p>\n<p>Jist\u011b pane Luke\u0161i. To jsem r\u00e1d, \u017ee to sly\u0161\u00edm. To vlastn\u011b znamen\u00e1, \u017ee je Donald Trump tedy dost mo\u017en\u00e1 obklopen velmi schopn\u00fdmi lidmi a jako politik je je\u0161t\u011b schopn\u011bj\u0161\u00ed, ne\u017e si mohlo mnoho lid\u00ed myslet, kdy\u017e pominu &#8222;nadlidi&#8220; typu pana Luke\u0161e, kte\u0159\u00ed s panem Hal\u00edkem asi sn\u011bdli v\u0161echnu moudrost a sv\u011bdom\u00ed sv\u011bta.<\/p>\n<p>Tak u\u017e se na n\u00e1s pane profesore z t\u00e9 Ameriky nezlobte, \u017ee tady doma nejsme v\u0161ichni tak multikulturn\u00ed nad\u0161enci a seri\u00f3zn\u00ed myslitel\u00e9 a moralist\u00e9 jako vy.<\/p>\n<\/div>\n<p><a href=\"https:\/\/juda.blog.idnes.cz\/blog.aspx?c=671415\">Zdroj<\/a><\/p>\n","protected":false},"excerpt":{"rendered":"<p>Kritik \u010cech\u016f a mu\u017e s t\u00edm nejameri\u010dt\u011bj\u0161\u00edm p\u0159\u00edzvukem na sv\u011bt\u011b byl op\u011bt na d\u00e1lku v \u010cT. Pan Jakl v n\u011bm probudil stra\u0161idelnou zlobu. Pro\u010d? Pan Jakl m\u011bl prost\u011b jin\u00fd n\u00e1zor a on to neunesl. Jsou pan Kubal a mu\u017e s ko\u0148sk\u00fdm ohonem z Kremlu?<\/p>\n","protected":false},"author":1,"featured_media":0,"comment_status":"open","ping_status":"open","sticky":false,"template":"","format":"standard","meta":{"ngg_post_thumbnail":0,"footnotes":""},"categories":[11],"tags":[],"class_list":["post-8771","post","type-post","status-publish","format-standard","hentry","category-ozvena"],"_links":{"self":[{"href":"https:\/\/www.ladislavjakl.cz\/index.php?rest_route=\/wp\/v2\/posts\/8771","targetHints":{"allow":["GET"]}}],"collection":[{"href":"https:\/\/www.ladislavjakl.cz\/index.php?rest_route=\/wp\/v2\/posts"}],"about":[{"href":"https:\/\/www.ladislavjakl.cz\/index.php?rest_route=\/wp\/v2\/types\/post"}],"author":[{"embeddable":true,"href":"https:\/\/www.ladislavjakl.cz\/index.php?rest_route=\/wp\/v2\/users\/1"}],"replies":[{"embeddable":true,"href":"https:\/\/www.ladislavjakl.cz\/index.php?rest_route=%2Fwp%2Fv2%2Fcomments&post=8771"}],"version-history":[{"count":1,"href":"https:\/\/www.ladislavjakl.cz\/index.php?rest_route=\/wp\/v2\/posts\/8771\/revisions"}],"predecessor-version":[{"id":8772,"href":"https:\/\/www.ladislavjakl.cz\/index.php?rest_route=\/wp\/v2\/posts\/8771\/revisions\/8772"}],"wp:attachment":[{"href":"https:\/\/www.ladislavjakl.cz\/index.php?rest_route=%2Fwp%2Fv2%2Fmedia&parent=8771"}],"wp:term":[{"taxonomy":"category","embeddable":true,"href":"https:\/\/www.ladislavjakl.cz\/index.php?rest_route=%2Fwp%2Fv2%2Fcategories&post=8771"},{"taxonomy":"post_tag","embeddable":true,"href":"https:\/\/www.ladislavjakl.cz\/index.php?rest_route=%2Fwp%2Fv2%2Ftags&post=8771"}],"curies":[{"name":"wp","href":"https:\/\/api.w.org\/{rel}","templated":true}]}}