{"id":8773,"date":"2018-08-01T08:56:21","date_gmt":"2018-08-01T06:56:21","guid":{"rendered":"http:\/\/www.ladislavjakl.cz\/?p=8773"},"modified":"2018-08-01T08:56:21","modified_gmt":"2018-08-01T06:56:21","slug":"jan-schneider-kdyz-akademik-ztrati-glanc","status":"publish","type":"post","link":"https:\/\/www.ladislavjakl.cz\/?p=8773","title":{"rendered":"Jan Schneider: Kdy\u017e akademik ztrat\u00ed glanc"},"content":{"rendered":"<p>Ud\u00e1losti a koment\u00e1\u0159e (\u010ct24) nab\u00eddly neobvykl\u00fd z\u00e1\u017eitek. Moder\u00e1tor si k oblig\u00e1tn\u00edmu t\u00e9matu ozv\u011bn helsinsk\u00e9ho setk\u00e1n\u00ed Trumpa s Putinem pozval bostonsk\u00e9ho profesora Igora Luke\u0161e a Ladislava Jakla, b\u00fdval\u00e9ho \u0159editele politick\u00e9ho odboru Kancel\u00e1\u0159e prezidenta republiky z dob V\u00e1clava Klause.<\/p>\n<p><!--more--><\/p>\n<div align=\"justify\"><b>Podle Jakla byl posledn\u00ed m\u011bs\u00edc Trumpov\u00fdm nejlep\u0161\u00edm. U Jakla, kter\u00fd m\u00e1 k Trumpovi \u0159adu v\u00fdhrad, si to tak trochu \u201evy\u017eehlil\u201c, proto\u017ee konal v z\u00e1jmu Spojen\u00fdch st\u00e1t\u016f \u2013 nikoliv ov\u0161em v z\u00e1jmu americk\u00e9ho medi\u00e1ln\u00edho mainstreamu. Ten, kdyby (podle Jakla) volil americk\u00e9ho prezidenta, nikdy by nebyl zvolen republik\u00e1n \u2013 a kdyby ho volili Evropan\u00e9, dopadlo by to (podle Jakla) stejn\u011b, p\u00ed\u0161e v koment\u00e1\u0159i pro Prvnizpravy.cz Jan Schneider..<\/b><\/div>\n<div align=\"justify\">&nbsp;<\/div>\n<div align=\"justify\">Jakl zm\u00ednil jako pozitivn\u00ed Trumpovy aktivity v r\u00e1mci summit\u016f korejsk\u00e9ho, G7, NATO i jeho v\u00fdhrady k pr\u016fb\u011bhu brexitu. Zejm\u00e9na pochv\u00e1lil Trumpovu schopnost se sej\u00edt s Putinem a \u0159e\u0161it d\u016fle\u017eitou agendu. Na moder\u00e1torovu ot\u00e1zku, zda je v z\u00e1jmu Spojen\u00fdch st\u00e1t\u016f, aby prezident st\u00e1l vedle n\u011bkoho, koho st\u0159\u00eddav\u011b ozna\u010duje za konkurenta \u010di nep\u0159\u00edtele, odpov\u011bd\u011bl Jakl zcela jasn\u011b, \u017ee \u201eza v\u0161ech okolnost\u00ed je dob\u0159e, kdy\u017e d\u016fle\u017eit\u00ed lid\u00e9 spolu mluv\u00ed\u201c, co\u017e se ostatn\u011b d\u011blo za studen\u00e9 v\u00e1lky a v\u017edy to znamenalo krok dobr\u00fdm sm\u011brem.<\/div>\n<div align=\"justify\">&nbsp;<\/div>\n<div align=\"justify\">A moder\u00e1tor spont\u00e1nn\u011b p\u0159izvukoval. Pak se optal, zda Trumpovi kritici z \u0159ad zpravodajsk\u00e9 komunity jsou sou\u010d\u00e1st\u00ed onoho \u201edeep state\u201c, kter\u00fd jde Trumpovi po krku? Jakl odpov\u011bd\u011bl, \u017ee nev\u00ed, i kdy\u017e o \u010dinnosti proti zvolen\u00ed Trumpa prezidentem sv\u011bd\u010d\u00ed unikl\u00e9 maily p\u0159\u00edslu\u0161n\u00edk\u016f FBI, kde se o tom v\u00fdslovn\u011b a nezast\u0159en\u011b p\u00ed\u0161e. Jakl z toho soud\u00ed, \u017ee v podstat\u011b jde o vnitroamerick\u00fd boj o moc, a Rusko \u2013 sv\u00fdm zbrojn\u00edm rozpo\u010dtem i ekonomick\u00fdm v\u00fdkonem margin\u00e1ln\u00ed \u2013 slou\u017e\u00ed pouze jako z\u00e1minka.<\/div>\n<div align=\"justify\">&nbsp;<\/div>\n<div align=\"justify\"><b>Na to ost\u0159e zareagoval americk\u00fd akademik Luke\u0161. Pr\u00fd byl pozv\u00e1n do po\u0159adu, kde je nucen poslouchat \u201el\u017ei, nesmysly a v\u00fdmysly\u201c. Naproti tomu on uvedl vyj\u00e1d\u0159en\u00ed americk\u00fdch vlastenc\u016f z \u0159ad americk\u00e9 zpravodajsk\u00e9 komunity, naz\u00fdvaj\u00edc\u00ed Trumpa zr\u00e1dcem a Putinov\u00fdm agentem.<\/b><\/div>\n<div align=\"justify\">&nbsp;<\/div>\n<div align=\"justify\">(Luke\u0161 ov\u0161em jaksi pozapomn\u011bl na jin\u00e1 vyj\u00e1d\u0159en\u00ed jin\u00fdch americk\u00fdch vlastenc\u016f, nap\u0159\u00edklad p\u0159ed agres\u00ed do Ir\u00e1ku, kter\u00e1 byla pozd\u011bji s hanbou jimi sam\u00fdmi p\u0159izn\u00e1na jako zgruntu nepravdiv\u00e1, proto\u017ee byli podvedeni americkou zpravodajskou komunitou!)<\/div>\n<div align=\"justify\">&nbsp;<\/div>\n<div align=\"justify\"><b>Moder\u00e1tor Luke\u0161e vyzval, aby tedy proti t\u011bm \u201el\u017e\u00edm, nesmysl\u016fm a v\u00fdmysl\u016fm\u201c argumentoval. Do\u010dkal se dosti neuv\u011b\u0159iteln\u00e9ho, neomalen\u00e9ho \u00fatoku ad hominem: Luke\u0161 za\u010dal hovo\u0159it o tom, \u017ee Jakl nos\u00ed \u201eko\u0148sk\u00fd ohon\u201c, z \u010deho\u017e by snad se m\u011bla odvodit Jaklova autorita mluvit o tom, co je dobr\u00e9 pro Spojen\u00e9 st\u00e1ty a pro celou Z\u00e1padn\u00ed alianci \u2013 ?<\/b><\/div>\n<div align=\"justify\">&nbsp;<\/div>\n<div align=\"justify\">To bylo siln\u00e9 kafe i pro moder\u00e1tora, kter\u00fd ho napomenul, a op\u011bt vyzval k argumentaci. Na to americk\u00fd akademik Luke\u0161 nazval Jaklovu konzistentn\u00ed \u0159e\u010d absurdn\u00ed l\u017e\u00ed, vyp\u016fj\u010denou ze slovn\u00edku Kremlu, podle principu \u201ed\u00e1me 4 minuty pravd\u011b a 4 minuty l\u017ei\u201c a znechucen\u00fd div\u00e1k se rad\u0161i p\u016fjde d\u00edvat na fotbal.<\/div>\n<div align=\"justify\">&nbsp;<\/div>\n<div align=\"justify\">To pravil demokrat Luke\u0161, z \u010deho\u017e se m\u016f\u017eeme dohadovat, \u017ee podle jeho gusta by bylo, kdyby mluvil pouze on, proto\u017ee hovo\u0159\u00ed pravdu. Jedin\u00fd argument proti Jaklovi v\u0161ak Luke\u0161 neuvedl.<\/div>\n<div align=\"justify\">&nbsp;<\/div>\n<div align=\"center\"><img loading=\"lazy\" decoding=\"async\" class=\"aligncenter\" src=\"http:\/\/www.prvnizpravy.cz\/repository\/svs\/leden_17\/jakl_lukes_ct24.jpg\" alt=\"\" width=\"531\" height=\"320\"><\/div>\n<div align=\"center\"><i>Z po\u0159adu<\/i><\/div>\n<div align=\"justify\">&nbsp;<\/div>\n<div align=\"justify\"><b>Na z\u00e1v\u011br, byv po\u017e\u00e1d\u00e1n o n\u011bjak\u00fd pozitivn\u00ed Trump\u016fv rys, Luke\u0161 \u0159ekl dva. Prvn\u00edm je pr\u00fd to, \u017ee a\u017e na jednu v\u00fdjimku z Trumpova t\u00fdmu ode\u0161li v\u0161ichni seri\u00f3zn\u00ed lid\u00e9. Druh\u00fdm je Trumpova neschopnost, tak\u017ee se mu nepoda\u0159ilo ud\u011blat \u201ev\u0161echno to zlo, kter\u00e9 jist\u011b pl\u00e1nuje ud\u011blat\u201c!<\/b><\/div>\n<div align=\"justify\">&nbsp;<\/div>\n<div align=\"justify\">Cel\u00e1 tato divo\u010dina, p\u0159i n\u00ed\u017e m\u011bl Luke\u0161 co kontrolovat sv\u00e9 emoce, a s rozz\u00e1\u0159en\u00fdma o\u010dima citoval \u201eamerick\u00e9 vlastence\u201c, jim\u017e projevoval d\u016fv\u011bru a\u017e d\u011btinskou (rozhodn\u011b v\u0161ak histori\u00ed naprosto nepou\u010denou), m\u011bla zcela nekomponovanou dohru. V Ud\u00e1lostech a koment\u00e1\u0159\u00edch toti\u017e n\u00e1sledoval rozhovor se sov\u011btsk\u00fdm \/ rusk\u00fdm kosmonautem, kter\u00fd ve vesm\u00edru str\u00e1vil dobu, po\u010d\u00edtaj\u00edc\u00ed se na roky. Pointou byla vzpom\u00ednka na to, \u017ee u\u017e od dob nejstuden\u011bj\u0161\u00ed v\u00e1lky prob\u00edh\u00e1 \u2013 a\u017e do sou\u010dasnosti! \u2013 rusko-americk\u00e1 vesm\u00edrn\u00e1 spolupr\u00e1ce!<\/div>\n<div align=\"justify\">&nbsp;<\/div>\n<div align=\"justify\"><b>A na tomto pozad\u00ed se najednou ta p\u0159edchoz\u00ed p\u016ftka dostala do jasn\u00fdch sou\u0159adnic. Pro Luke\u0161e je dobr\u00e9 pouze cokoliv, co je nesmi\u0159iteln\u011b kritick\u00e9 a\u017e nen\u00e1vistn\u00e9 k Rusku, zat\u00edmco Jakl mluvil jakoby studoval u Miroslava Polreicha.&nbsp;<\/b><\/div>\n<div align=\"justify\">&nbsp;<\/div>\n<div align=\"justify\">\u017divotn\u00edm t\u00e9matem tohoto veter\u00e1na diplomatick\u00fdch a zpravodajsk\u00fdch slu\u017eeb je sni\u017eov\u00e1n\u00ed nap\u011bt\u00ed, ukon\u010dov\u00e1n\u00ed konflikt\u016f a navazov\u00e1n\u00ed d\u016fv\u011bry, a jeho d\u00edlem je p\u0159\u00edsp\u011bvek ke zlep\u0161en\u00ed americko-sov\u011btsk\u00fdch vztah\u016f. M\u011bl toti\u017e prsty v tom, \u017ee se v roce 1967 v Glassboro se\u0161el americk\u00fd prezident Lyndon Johnson se sov\u011btsk\u00fdm premi\u00e9rem Alexejem Kosyginem. Od t\u00e9 doby se na \u201eSpirit of Glassboro se odvol\u00e1vaj\u00ed ameri\u010dt\u00ed prezidenti ve sv\u00fdch nejosv\u00edcen\u011bj\u0161\u00edch chvilk\u00e1ch, kdy\u017e se chlapsky setk\u00e1vaj\u00ed s p\u0159edstaviteli sov\u011btsk\u00fdmi a rusk\u00fdmi.<\/div>\n<div align=\"justify\">&nbsp;<\/div>\n<div align=\"justify\"><b>Akademik Igor Luke\u0161 tak sv\u00fdm vystoupen\u00edm necht\u011bn\u011b, ale naprosto dokonale ilustroval star\u00fd bonmot Gilberta Keitha Chestertona o tom, \u017ee akademick\u00e1 mysl odr\u00e1\u017e\u00ed nekone\u010dno a jest plna sv\u011btla z toho prost\u00e9ho d\u016fvodu, proto\u017ee se podob\u00e1 kalu\u017ei: jest m\u011blk\u00e1 a stojat\u00e1.&nbsp;<\/b>Kon\u010d\u00ed koment\u00e1\u0159 Jan Schneider.<\/div>\n<div align=\"justify\">&nbsp;<\/div>\n<div align=\"justify\"><a href=\"http:\/\/www.prvnizpravy.cz\/zpravy\/politika\/jan-schneider-kdyz-akademik-ztrati-glanc\/\">Zdroj<\/a><\/div>\n","protected":false},"excerpt":{"rendered":"<p>Ud\u00e1losti a koment\u00e1\u0159e (\u010ct24) nab\u00eddly neobvykl\u00fd z\u00e1\u017eitek. Moder\u00e1tor si k oblig\u00e1tn\u00edmu t\u00e9matu ozv\u011bn helsinsk\u00e9ho setk\u00e1n\u00ed Trumpa s Putinem pozval bostonsk\u00e9ho profesora Igora Luke\u0161e a Ladislava Jakla, b\u00fdval\u00e9ho \u0159editele politick\u00e9ho odboru Kancel\u00e1\u0159e prezidenta republiky z dob V\u00e1clava Klause.<\/p>\n","protected":false},"author":1,"featured_media":0,"comment_status":"open","ping_status":"open","sticky":false,"template":"","format":"standard","meta":{"ngg_post_thumbnail":0,"footnotes":""},"categories":[11],"tags":[],"class_list":["post-8773","post","type-post","status-publish","format-standard","hentry","category-ozvena"],"_links":{"self":[{"href":"https:\/\/www.ladislavjakl.cz\/index.php?rest_route=\/wp\/v2\/posts\/8773","targetHints":{"allow":["GET"]}}],"collection":[{"href":"https:\/\/www.ladislavjakl.cz\/index.php?rest_route=\/wp\/v2\/posts"}],"about":[{"href":"https:\/\/www.ladislavjakl.cz\/index.php?rest_route=\/wp\/v2\/types\/post"}],"author":[{"embeddable":true,"href":"https:\/\/www.ladislavjakl.cz\/index.php?rest_route=\/wp\/v2\/users\/1"}],"replies":[{"embeddable":true,"href":"https:\/\/www.ladislavjakl.cz\/index.php?rest_route=%2Fwp%2Fv2%2Fcomments&post=8773"}],"version-history":[{"count":1,"href":"https:\/\/www.ladislavjakl.cz\/index.php?rest_route=\/wp\/v2\/posts\/8773\/revisions"}],"predecessor-version":[{"id":8774,"href":"https:\/\/www.ladislavjakl.cz\/index.php?rest_route=\/wp\/v2\/posts\/8773\/revisions\/8774"}],"wp:attachment":[{"href":"https:\/\/www.ladislavjakl.cz\/index.php?rest_route=%2Fwp%2Fv2%2Fmedia&parent=8773"}],"wp:term":[{"taxonomy":"category","embeddable":true,"href":"https:\/\/www.ladislavjakl.cz\/index.php?rest_route=%2Fwp%2Fv2%2Fcategories&post=8773"},{"taxonomy":"post_tag","embeddable":true,"href":"https:\/\/www.ladislavjakl.cz\/index.php?rest_route=%2Fwp%2Fv2%2Ftags&post=8773"}],"curies":[{"name":"wp","href":"https:\/\/api.w.org\/{rel}","templated":true}]}}