{"id":8777,"date":"2018-08-01T08:59:57","date_gmt":"2018-08-01T06:59:57","guid":{"rendered":"http:\/\/www.ladislavjakl.cz\/?p=8777"},"modified":"2018-08-01T08:59:57","modified_gmt":"2018-08-01T06:59:57","slug":"jirsa-mas-li-dlouhy-vlas-nechod-mezi-nas","status":"publish","type":"post","link":"https:\/\/www.ladislavjakl.cz\/?p=8777","title":{"rendered":"Jirsa: M\u00e1\u0161-li dlouh\u00fd vlas, necho\u010f mezi n\u00e1s!"},"content":{"rendered":"<p>\u010cesk\u00e1 televize to&nbsp;schytala za&nbsp;to, \u017ee&nbsp;pozvala do&nbsp;diskuse Ladislava Jakla, kter\u00e9ho nav\u00edc jeho oponent Igor Luke\u0161 urazil kv\u016fli jeho vzhledu. Co&nbsp;se&nbsp;vlastn\u011b stalo?<\/p>\n<p><!--more--><\/p>\n<p>Ladislav Jakl je&nbsp;b\u00fdval\u00fd \u0159editel politick\u00e9ho odboru na&nbsp;Hrad\u011b, spolupracovn\u00edk exprezidenta Klause, dlouhodob\u011b ve\u0159ejn\u011b \u010dinn\u00e1 osoba, \u010dlov\u011bk osobnostn\u011b nekonven\u010dn\u00ed, ale n\u00e1zorov\u011b zapadaj\u00edc\u00ed do&nbsp;pravicov\u00e9ho sv\u011bta. Jeho n\u00e1zory jsou dlouhodob\u011b konzistentn\u00ed a&nbsp;zn\u00e1m\u00e9. Je&nbsp;euroskeptikem, podporovatelem politiky Donalda Trumpa a&nbsp;odp\u016frcem eskalace vztah\u016f s&nbsp;Ruskem.<\/p>\n<div class=\"clearboth\">&nbsp;<img loading=\"lazy\" decoding=\"async\" class=\"\" src=\"http:\/\/zdroj.cz\/libs\/obrazky.php?sekce=files&amp;id=profimedia-0162423536.jpg&amp;sirka=800&amp;rand=172\" alt=\"\" width=\"610\" height=\"379\"><\/div>\n<div class=\"nopadding detail-fotogalerie\">\n<div class=\"clearboth\">&nbsp;Igor Luke\u0161 je&nbsp;profesorem historie a&nbsp;mezin\u00e1rodn\u00edch vztah\u016f na&nbsp;Boston University, deklarovan\u00fd podporovatel Demokratick\u00e9 strany, tvrd\u00fd kritik prezidenta Trumpa, \u010dlov\u011bk kter\u00fd pevn\u011b zapad\u00e1 do&nbsp;sv\u011bta americk\u00e9 liber\u00e1ln\u00ed levice. Otev\u0159en\u011b kritizoval \u010cR za&nbsp;postoj k&nbsp;migra\u010dn\u00ed krizi a&nbsp;naopak se&nbsp;postavil za&nbsp;hodnoty multikulturalismu. Rusko pova\u017euje za&nbsp;hrozbu. Jeho postoje jsou dle v\u0161eho tak\u00e9 zn\u00e1m\u00e9 a&nbsp;konzistentn\u00ed.<\/div>\n<\/div>\n<div>&nbsp;<\/div>\n<div class=\"clearboth\">Oba dva tedy reprezentuj\u00ed protikladn\u00e9 p\u0159\u00edstupy k&nbsp;\u017eivotu, opa\u010dn\u00e9 politick\u00e9 preference, opa\u010dn\u00e9 pohledy na&nbsp;mezin\u00e1rodn\u00ed uspo\u0159\u00e1d\u00e1n\u00ed i&nbsp;dom\u00e1c\u00ed politiku. Oba dva maj\u00ed po\u010detn\u00e9 z\u00e1stupy p\u0159\u00edznivc\u016f a&nbsp;odp\u016frc\u016f. Jsou tedy naprosto ide\u00e1ln\u00edmi kandid\u00e1ty pro&nbsp;diskusi o&nbsp;tom, co&nbsp;se&nbsp;ve sv\u011bt\u011b d\u011bje a&nbsp;\u010cesk\u00e1 televize ud\u011blala naprosto dob\u0159e, \u017ee&nbsp;je&nbsp;oba dva pozvala. Div\u00e1k tak m\u016f\u017ee srovnat oba pohledy na&nbsp;sv\u011bt, argumenty a&nbsp;rozhodnout se, co&nbsp;pova\u017euje za&nbsp;hodnotn\u011bj\u0161\u00ed, podlo\u017een\u011bj\u0161\u00ed.&nbsp;<\/div>\n<p>Jejich st\u0159et p\u0159inesl oboustrann\u011b o\u010dek\u00e1vateln\u00e9 argumenty a&nbsp;byl by&nbsp;skoro nudn\u00fd, kdyby \u00farove\u0148 hluboko pod bod mrazu nedostal Igor Luke\u0161 sv\u00fdm pov\u00fd\u0161eneck\u00fdm p\u0159\u00edstupem a&nbsp;ultim\u00e1tn\u00edm argumentem, \u017ee&nbsp;Jakl nepat\u0159\u00ed do&nbsp;diskuse, proto\u017ee m\u00e1 divn\u00fd \u00fa\u010des.<\/p>\n<p>Ano, Jakl m\u00e1 nepochybn\u011b divn\u00fd \u00fa\u010des, ale nepochybn\u011b do&nbsp;diskuse pat\u0159\u00ed. Stejn\u011b jako Karel Schwarzenberg divn\u011b mluv\u00ed a&nbsp;taky pat\u0159\u00ed do&nbsp;diskuse. A&nbsp;Bohuslav Sobotka m\u011bl rovn\u00e1tka a&nbsp;taky jeho n\u00e1zory maj\u00ed pr\u00e1vo na&nbsp;\u017eivot.&nbsp;<\/p>\n<p>N\u00e1sledn\u00e1 vlna, kter\u00e1 se&nbsp;strhla na&nbsp;soci\u00e1ln\u00edch s\u00edt\u00edch, byla neuv\u011b\u0159iteln\u00e1. St\u00e1dovit\u00e9 tlesk\u00e1n\u00ed tomu, jak Luke\u0161 &#8222;set\u0159el&#8220; Jakla doprov\u00e1zen\u00e9 v\u00fdk\u0159iky, \u017ee&nbsp;Jakl nem\u00e1 pr\u00e1vo sv\u00e9 n\u00e1zory v&nbsp;m\u00e9di\u00edch vyjad\u0159ovat, uk\u00e1zalo na&nbsp;tu nejhor\u0161\u00ed nesn\u00e1\u0161enlivost lid\u00ed, kte\u0159\u00ed jinak hl\u00e1saj\u00ed toleranci a&nbsp;svobodu slova jako z\u00e1kladn\u00ed hodnoty. Z\u00e1kladn\u00ed intelektu\u00e1ln\u00ed selh\u00e1n\u00ed pak p\u0159edvedli ti z&nbsp;nich, kte\u0159\u00ed p\u0159ed&nbsp;ned\u00e1vnem kritizovali V\u00e1clava Klause mlad\u0161\u00edho za&nbsp;vtip o&nbsp;&#8222;m\u00e1ni\u010dce&#8220; na&nbsp;adresu pir\u00e1tsk\u00e9ho poslance Ferjen\u010d\u00edka, aby dnes slzeli nad\u0161en\u00edm nad osv\u00edcen\u00fdm Luke\u0161em.<\/p>\n<p>Bude zaj\u00edmav\u00e9 pozorovat, jestli \u010desk\u00e9 medi\u00e1ln\u00ed prost\u0159ed\u00ed tahle kauza posune k&nbsp;v\u011bt\u0161\u00ed n\u00e1zorov\u00e9 pluralit\u011b, nebo v&nbsp;nads\u00e1zce p\u0159ev\u00e1\u017e\u00ed p\u0159\u00edstup &#8222;M\u00e1\u0161-li dlouh\u00fd vlas, necho\u010f mezi n\u00e1s&#8220; po&nbsp;vzoru Socialistick\u00e9ho svazu ml\u00e1de\u017ee a&nbsp;kampan\u011b, kterou vedl proti &#8222;m\u00e1ni\u010dk\u00e1m&#8220;.<\/p>\n<p><a href=\"http:\/\/zdroj.cz\/jirsa-mas-li-dlouhy-vlas-nechod-mezi-nas\">Zdroj<\/a><\/p>\n","protected":false},"excerpt":{"rendered":"<p>\u010cesk\u00e1 televize to&nbsp;schytala za&nbsp;to, \u017ee&nbsp;pozvala do&nbsp;diskuse Ladislava Jakla, kter\u00e9ho nav\u00edc jeho oponent Igor Luke\u0161 urazil kv\u016fli jeho vzhledu. Co&nbsp;se&nbsp;vlastn\u011b stalo?<\/p>\n","protected":false},"author":1,"featured_media":0,"comment_status":"open","ping_status":"open","sticky":false,"template":"","format":"standard","meta":{"ngg_post_thumbnail":0,"footnotes":""},"categories":[11],"tags":[],"class_list":["post-8777","post","type-post","status-publish","format-standard","hentry","category-ozvena"],"_links":{"self":[{"href":"https:\/\/www.ladislavjakl.cz\/index.php?rest_route=\/wp\/v2\/posts\/8777","targetHints":{"allow":["GET"]}}],"collection":[{"href":"https:\/\/www.ladislavjakl.cz\/index.php?rest_route=\/wp\/v2\/posts"}],"about":[{"href":"https:\/\/www.ladislavjakl.cz\/index.php?rest_route=\/wp\/v2\/types\/post"}],"author":[{"embeddable":true,"href":"https:\/\/www.ladislavjakl.cz\/index.php?rest_route=\/wp\/v2\/users\/1"}],"replies":[{"embeddable":true,"href":"https:\/\/www.ladislavjakl.cz\/index.php?rest_route=%2Fwp%2Fv2%2Fcomments&post=8777"}],"version-history":[{"count":1,"href":"https:\/\/www.ladislavjakl.cz\/index.php?rest_route=\/wp\/v2\/posts\/8777\/revisions"}],"predecessor-version":[{"id":8778,"href":"https:\/\/www.ladislavjakl.cz\/index.php?rest_route=\/wp\/v2\/posts\/8777\/revisions\/8778"}],"wp:attachment":[{"href":"https:\/\/www.ladislavjakl.cz\/index.php?rest_route=%2Fwp%2Fv2%2Fmedia&parent=8777"}],"wp:term":[{"taxonomy":"category","embeddable":true,"href":"https:\/\/www.ladislavjakl.cz\/index.php?rest_route=%2Fwp%2Fv2%2Fcategories&post=8777"},{"taxonomy":"post_tag","embeddable":true,"href":"https:\/\/www.ladislavjakl.cz\/index.php?rest_route=%2Fwp%2Fv2%2Ftags&post=8777"}],"curies":[{"name":"wp","href":"https:\/\/api.w.org\/{rel}","templated":true}]}}