{"id":8779,"date":"2018-08-01T09:00:55","date_gmt":"2018-08-01T07:00:55","guid":{"rendered":"http:\/\/www.ladislavjakl.cz\/?p=8779"},"modified":"2018-08-01T09:00:55","modified_gmt":"2018-08-01T07:00:55","slug":"vzkaz-ladislavu-jaklovi-tentokrat-z-bostonu-mas-li-dlouhy-vlas-nechod-mezi-nas","status":"publish","type":"post","link":"https:\/\/www.ladislavjakl.cz\/?p=8779","title":{"rendered":"Vzkaz Ladislavu Jaklovi, tentokr\u00e1t z Bostonu: M\u00e1\u0161 li dlouh\u00fd vlas, necho\u010f mezi n\u00e1s!"},"content":{"rendered":"<div class=\"opener\">Uveden\u00fd retro vzkaz jsem opsal z jedn\u00e9 diskuse pod \u010dl\u00e1nkem komentuj\u00edc\u00ed mimo\u0159\u00e1dn\u011b z\u00e1bavnou televizn\u00ed diskuzi mezi b\u00fdval\u00fdm tajemn\u00edkem prezidenta Jaklem a profesorem Bostonsk\u00e9 univerzity Luke\u0161em.<\/div>\n<p><!--more--><\/p>\n<div id=\"art-text\" class=\"text\">\n<p>Tak\u00e9 jsem koukal jak bl\u00e1zen, kterak jindy tolik suver\u00e9nn\u00edmu profesorovi Luke\u0161ovi &#8211; pravidelnou ozdobou zpravodajsk\u00fdch po\u0159ad\u016f \u010cT, tekly nervy, jak se p\u0159estal ovl\u00e1dat.<\/p>\n<p>V prvn\u00ed \u0159ad\u011b se nab\u00edz\u00ed vysv\u011btlen\u00ed, \u017ee jde z\u0159ejm\u011b o nezvyk. S panem profesorem se v \u010cT zach\u00e1z\u00ed jako s celebritou. Moder\u00e1to\u0159i mu norm\u00e1ln\u011b podku\u0159uj\u00ed a najednou Jakl s ko\u0148sk\u00fdm ohonem!, kter\u00fd m\u00e1 vlastn\u00ed hlavu, ka\u0161le na n\u00e1zory zaslou\u017eil\u00e9ho profesora, posedl\u00e9ho nen\u00e1vist\u00ed k Trumpovi a mluv\u00ed a mluv\u00ed.<\/p>\n<p>B\u011bhem \u0159e\u010dn\u011bn\u00ed Ladislava Jakla bylo zaj\u00edmav\u00e9 pozorovat grimasy pana profesora. Za\u010dalo to pobaven\u00fdmi v\u00fdrazy, n\u00e1sledovaly ironick\u00e9, \u010d\u00edm d\u00e1l k\u0159e\u010dovit\u011bj\u0161\u00ed \u00fasm\u011bvy a nakonec ten trapn\u00fd v\u00fdbuch d\u00e1vaj\u00edc\u00ed nahl\u00e9dnout do hlavy bostonsk\u00e9ho profesora s vyt\u0159\u00edben\u00fdm vkusem. On, zaslou\u017eil\u00fd, p\u0159ece nem\u00e1 zapot\u0159eb\u00ed poslouchat ty kecy m\u00e1ni\u010dky, co si v\u00e1\u017ee \u0159\u00eddnouc\u00ed vlasy vlasy do cul\u00edku!<\/p>\n<p>Ano, pan Luke\u0161 nen\u00ed jedin\u00fd, kdo zdrhnul z komunistick\u00e9 totality&#8230; a p\u0159inesl si sebou totalitn\u00ed, komunistick\u00e9 my\u0161len\u00ed&#8230; : &#8211; )<\/p>\n<\/div>\n<p><a href=\"https:\/\/josefhavranek.blog.idnes.cz\/blog.aspx?c=671495\">Zdroj<\/a><\/p>\n","protected":false},"excerpt":{"rendered":"<p>Uveden\u00fd retro vzkaz jsem opsal z jedn\u00e9 diskuse pod \u010dl\u00e1nkem komentuj\u00edc\u00ed mimo\u0159\u00e1dn\u011b z\u00e1bavnou televizn\u00ed diskuzi mezi b\u00fdval\u00fdm tajemn\u00edkem prezidenta Jaklem a profesorem Bostonsk\u00e9 univerzity Luke\u0161em.<\/p>\n","protected":false},"author":1,"featured_media":0,"comment_status":"open","ping_status":"open","sticky":false,"template":"","format":"standard","meta":{"ngg_post_thumbnail":0,"footnotes":""},"categories":[11],"tags":[],"class_list":["post-8779","post","type-post","status-publish","format-standard","hentry","category-ozvena"],"_links":{"self":[{"href":"https:\/\/www.ladislavjakl.cz\/index.php?rest_route=\/wp\/v2\/posts\/8779","targetHints":{"allow":["GET"]}}],"collection":[{"href":"https:\/\/www.ladislavjakl.cz\/index.php?rest_route=\/wp\/v2\/posts"}],"about":[{"href":"https:\/\/www.ladislavjakl.cz\/index.php?rest_route=\/wp\/v2\/types\/post"}],"author":[{"embeddable":true,"href":"https:\/\/www.ladislavjakl.cz\/index.php?rest_route=\/wp\/v2\/users\/1"}],"replies":[{"embeddable":true,"href":"https:\/\/www.ladislavjakl.cz\/index.php?rest_route=%2Fwp%2Fv2%2Fcomments&post=8779"}],"version-history":[{"count":1,"href":"https:\/\/www.ladislavjakl.cz\/index.php?rest_route=\/wp\/v2\/posts\/8779\/revisions"}],"predecessor-version":[{"id":8780,"href":"https:\/\/www.ladislavjakl.cz\/index.php?rest_route=\/wp\/v2\/posts\/8779\/revisions\/8780"}],"wp:attachment":[{"href":"https:\/\/www.ladislavjakl.cz\/index.php?rest_route=%2Fwp%2Fv2%2Fmedia&parent=8779"}],"wp:term":[{"taxonomy":"category","embeddable":true,"href":"https:\/\/www.ladislavjakl.cz\/index.php?rest_route=%2Fwp%2Fv2%2Fcategories&post=8779"},{"taxonomy":"post_tag","embeddable":true,"href":"https:\/\/www.ladislavjakl.cz\/index.php?rest_route=%2Fwp%2Fv2%2Ftags&post=8779"}],"curies":[{"name":"wp","href":"https:\/\/api.w.org\/{rel}","templated":true}]}}