{"id":878,"date":"2011-03-31T10:57:11","date_gmt":"2011-03-31T09:57:11","guid":{"rendered":"http:\/\/www.ladislavjakl.cz\/?p=878"},"modified":"2011-03-31T10:57:11","modified_gmt":"2011-03-31T09:57:11","slug":"konflikt-na-mitinku-klausuv-jakl-se-pohadal-s-novinarem","status":"publish","type":"post","link":"https:\/\/www.ladislavjakl.cz\/?p=878","title":{"rendered":"Konflikt na m\u00edtinku: Klaus\u016fv Jakl se poh\u00e1dal s novin\u00e1\u0159em"},"content":{"rendered":"<p><strong>V pond\u011bl\u00ed se  uskute\u010dnily Hovory na pravici II. po\u0159\u00e1dan\u00e9 konzervativn\u00ed Akc\u00ed D.O.S.T.  tentokr\u00e1te na t\u00e9ma, o \u010dem v\u0161em vypov\u011bd\u011bla medi\u00e1ln\u00ed kampa\u0148 proti  Ladislavu B\u00e1torovi. Nej\u010dast\u011bji se zde sklo\u0148ovala slova jako politick\u00e1  korektnost, pravdol\u00e1ska \u010di medi\u00e1ln\u00ed manipulace. Prezident\u016fv tajemn\u00edk  Ladislav Jakl si zde v\u016fbec nebral serv\u00edtky.<\/strong><\/p>\n<p><!--more--><\/p>\n<p><strong> <\/strong> Hovo\u0159ili zde tajemn\u00edk prezidenta republiky Ladislav  Jakl, poslanec Evropsk\u00e9ho parlamentu za ODS Hynek Fajmon, p\u0159edsedkyn\u011b  Suverenity Jana Bobo\u0161\u00edkov\u00e1, \u010dlen st\u0159edo\u010desk\u00e9ho krajsk\u00e9ho v\u00fdboru TOP 09  Ji\u0159\u00ed Hejlek a p\u0159edseda Mlad\u00fdch k\u0159es\u0165ansk\u00fdch demokrat\u016f Petr Jur\u010d\u00edk.  Diskusn\u00ed ve\u010der moderoval \u0159editel Institutu sv. Josefa Michal Sem\u00edn a ke  sv\u00e9 kauze se vyj\u00e1d\u0159il i Ladislav B\u00e1tora. P\u016fvodn\u011b avizovan\u00fd ministr  \u0161kolstv\u00ed Josef Dobe\u0161 nedorazil a vzk\u00e1zal sv\u016fj pozdrav \u00fa\u010dastn\u00edk\u016fm  setk\u00e1n\u00ed.<strong><\/strong><\/p>\n<p><strong>Teror politick\u00e9 korektnosti a pravda a l\u00e1ska<\/strong><\/p>\n<p>Ladislav Jakl zde \u0159ekl, \u017ee je nutn\u00e1 obrana proti teroru politick\u00e9  korektnosti. \u201eTeror politick\u00e9 korektnosti nen\u00ed jenom v\u00a0tom vylou\u010dit  n\u011bkter\u00e1 konkr\u00e9tn\u00ed t\u00e9mata, ale vyvolat strach, aby lid\u00e9 v\u016fbec promluvili.  To je smyslem exempl\u00e1rn\u00edch p\u0159\u00edpad\u016f typu b\u00e1tori\u00e1dy. P\u0159\u00ed\u0161t\u011b bys mohl b\u00fdt  na \u0159ad\u011b ty, kdy\u017e si ned\u00e1\u0161 pozor,&#8220; \u0159ekl Jakl.<\/p>\n<p>\u201eJ\u00e1, ani nikdo v\u00a0tomto s\u00e1le nechce por\u00e1\u017eet pravdu a nikdo z\u00a0n\u00e1s nechce  por\u00e1\u017eet l\u00e1sku. My chceme por\u00e1\u017eet elit\u00e1\u0159e a manipul\u00e1tory, kte\u0159\u00ed si tyto  pojmy ukradli a monopolizovali. Cht\u011bj\u00ed toti\u017e dok\u00e1zat, \u017ee ten, kdo s\u00a0nimi  nesouhlas\u00ed a je proti nim kritick\u00fd, \u017ee je proti pravd\u011b a \u017ee je proti  l\u00e1sce. A\u017e si tito manipul\u00e1to\u0159i vezmou do sv\u00e9ho jm\u00e9na Vltavu, budeme  \u0159\u00edkat v\u00a0nads\u00e1zce, \u017ee je pot\u0159eba porazit Vltavu, ale nikdo t\u00edm nebude  myslet tu kr\u00e1snou \u0159eku, kter\u00e1 n\u00e1m \u0161um\u00ed pod oknem. Medi\u00e1ln\u011b-spole\u010densk\u00e1  levi\u010d\u00e1cko-intelektu\u00e1ln\u011b kav\u00e1rensk\u00e1 fronta pova\u017euje na\u0161e n\u00e1zory za n\u011bco  nep\u0159ijateln\u00e9ho. Oni n\u00e1s cht\u011bj\u00ed u\u017e na za\u010d\u00e1tku hry diskvalifikovat, to  nen\u00ed polemika s\u00a0n\u00e1mi, ale vylou\u010dit na\u0161e n\u00e1zory z\u00a0diskuse. To si nesm\u00edme  nechat l\u00edbit,&#8220; \u0159ekl Jakl.<\/p>\n<p><strong>P\u0159ipom\u00ednka komunistick\u00e9ho n\u00e1m\u011bstka<\/strong><\/p>\n<p>Nejv\u011bt\u0161\u00ed rozruch zde asi vyvolalo, kdy\u017e se novin\u00e1\u0159 Ond\u0159ej \u0160\u0165astn\u00fd, kter\u00fd  s\u00a0oblibou p\u00ed\u0161e o Hradu, nechal strhnout do diskuse a zeptal  prezidentova tajemn\u00edka Ladislava Jakla, zda je akceptovateln\u00e9, aby se  n\u00e1m\u011bstkem ministra \u0161kolstv\u00ed stal \u010dlov\u011bk, kter\u00fd kandidoval za N\u00e1rodn\u00ed  stranu.<\/p>\n<p>Od Jakla dostal \u0160\u0165astn\u00fd p\u011bknou \u201est\u011brku&#8220;. Jakl se ho zeptal, zda by n\u011bco  napsal proti tomu, kdyby se n\u00e1m\u011bstkem ministra \u0161kolstv\u00ed stal \u010dlov\u011bk  kandiduj\u00edc\u00ed \u00fasp\u011b\u0161n\u011b za nep\u0159ijatelnou stranu. \u0160\u0165astn\u00fd odpov\u011bd\u011bl, \u017ee ano.  \u201ePro\u010d jste to neud\u011blal?&#8220; ptal se \u0160\u0165astn\u00e9ho Jakl. \u201eJ\u00e1 se ptal v\u00e1s,&#8220;  odpov\u011bd\u011bl nerv\u00f3zn\u011b \u0160\u0165astn\u00fd. Jakl uvedl p\u0159\u00edklad, \u017ee v\u00a0roce 1990  kandidoval za komunisty v\u00a0severomoravsk\u00e9m kraji Jaroslav Soural, kter\u00fd  se stal pozd\u011bji n\u00e1m\u011bstkem ministra \u0161kolstv\u00ed.<\/p>\n<p>\u201eKandidoval za stranu, kter\u00e1 schvalovala gulagy, pod jej\u00edm\u017e veden\u00ed  um\u0159ely u n\u00e1s stovky politick\u00fdch v\u011bz\u0148\u016f a za stranu, kter\u00e1 m\u011bla v\u00a0programu  t\u0159\u00eddn\u00ed nesn\u00e1\u0161enlivost. Co jste proti tomu ud\u011blal? J\u00e1 se pt\u00e1m na t\u00e9  symetrii, kolik jste napsal \u010dl\u00e1nk\u016f, \u0159\u00e1dk\u016f a p\u00edsmenek o kandidatu\u0159e pana  B\u00e1tory a kolik jste napsal p\u00edsmenek v\u00a0p\u0159\u00edpad\u011b Jaroslava Sourala?&#8220; ptal  se Jakl \u0160\u0165astn\u00e9ho a sklidil velk\u00fd potlesk.<\/p>\n<p><strong>V\u00a0Letech nebyl vyhlazovac\u00ed t\u00e1bor<\/strong><\/p>\n<p>Na \u0160tastn\u00e9ho tak\u00e9 reagoval b\u00fdval\u00fd \u010dlen N\u00e1rodn\u00ed strany Jan Sk\u00e1cel, kter\u00fd  p\u0159ipomn\u011bl, \u017ee odborn\u00edk na extremismus Miroslav Mare\u0161 ozna\u010dil N\u00e1rodn\u00ed  stranu za protinacistickou. D\u00e1le \u0159ekl, \u017ee v\u00a0roce 2006, kdy za ni  kandidoval Ladislav B\u00e1tora, N\u00e1rodn\u00ed strana nic t\u00fdkaj\u00edc\u00ed se \u201ekone\u010dn\u00e9ho  \u0159e\u0161en\u00ed cik\u00e1nsk\u00e9 ot\u00e1zky&#8220; neformulovala a \u017ee to bylo a\u017e v\u00a0roce 2009 a  nebyl to ofici\u00e1ln\u00ed materi\u00e1l strany.<\/p>\n<p>\u201eV Letech jsme byli ozna\u010deni za extremisty, proto\u017ee jsme tam h\u00e1jili \u010dest  sv\u00fdch p\u0159edk\u016f. Cht\u011blo se dok\u00e1zat, \u017ee zat\u00edmco N\u011bmci d\u011blali Osv\u011btim, \u010ce\u0161i  d\u011blali Lety, a to bez ohledu na to, \u017ee ji\u017e bylo dok\u00e1z\u00e1no, \u017ee se \u017e\u00e1dn\u00e1  genocida v\u00a0Letech nekonala. Vych\u00e1zel jsem z\u00a0\u00fadaj\u016f \u00da\u0159adu dokumentace a  vy\u0161et\u0159ov\u00e1n\u00ed zlo\u010din\u016f komunismu, studie Akademie v\u011bd a kdy\u017e jsem \u0159ekl, \u017ee  ne\u0161lo o genocidu, tak na m\u011b pan sen\u00e1tor \u0160t\u011btina podal trestn\u00ed ozn\u00e1men\u00ed,&#8220;  \u0159ekl Sk\u00e1cel. Proti tvrzen\u00ed, \u017ee by v\u00a0Letech byl vyhlazovac\u00ed t\u00e1bor se  postavil nap\u0159\u00edklad i prezident V\u00e1clav Klaus \u010di europoslanec KS\u010cM  Miloslav Ransdorf.<\/p>\n<p><strong>Novin\u00e1\u0159sk\u00e9 hyeny<\/strong><\/p>\n<p>Ladislav B\u00e1tora \u0159ekl, \u017ee si na vlastn\u00ed k\u016f\u017ei za\u017eil t\u00fdden lyn\u010de, kdy z\u00a0n\u011bj  &#8222;novin\u00e1\u0159sk\u00e9 hyeny trhaly maso za\u017eiva&#8220;. Bylo to pro n\u011bj nejhor\u0161\u00ed obdob\u00ed  \u017eivota, ale p\u0159esto by do toho \u0161el znovu.<\/p>\n<p>M\u00edstop\u0159edseda Akce D.O.S.T. Petr Bahn\u00edk si posteskl nad \u00fato\u010dnou a  pomlouva\u010dnou kampan\u00ed m\u00e9di\u00ed. Konkr\u00e9tn\u011b se pozastavil nad my\u0161lenkou  Martina Kom\u00e1rka z\u00a0MF Dnes, podle n\u011bho by \u010dlov\u011bk kv\u016fli ur\u010dit\u00fdm n\u00e1zor\u016fm  nem\u011bl vykon\u00e1vat ur\u010dit\u00e9 zam\u011bstn\u00e1n\u00ed. Bahn\u00edkovi to p\u0159ipomn\u011blo sedmdes\u00e1t\u00e1  l\u00e9ta, kdy nebyli lid\u00e9 za sv\u00e9 n\u00e1zory popravov\u00e1ni jako v\u00a0letech  pades\u00e1t\u00fdch, ale byli vyhazov\u00e1ni z\u00a0pr\u00e1ce.<\/p>\n<p><strong>Diktatura politick\u00e9 koreknosti<\/strong><\/p>\n<p>Michal Sem\u00edn p\u0159ipomenul my\u0161lenku V\u00e1clava Klause, \u017ee za\u010d\u00edn\u00e1 vl\u00e1dnou  diktatura politick\u00e9 korektnosti a b\u00e1tori\u00e1da je jej\u00edm p\u0159\u00edkladem. Rovn\u011b\u017e  \u0159ekl, \u017ee na akci pozval Tom\u00e1\u0161e Hal\u00edka, kter\u00fd \u00fa\u010dast odm\u00edtl podobn\u011b jako  d\u011bkan Filozofick\u00e9 fakulty Univerzity Karlovy Stehl\u00edk, kter\u00fd jm\u00e9nem  fakulty vyzval ministra Dobe\u0161e, aby B\u00e1toru nejmenoval, co\u017e je o to  pikantn\u011bj\u0161\u00ed, \u017ee leto\u0161n\u00ed rok vyhl\u00e1sila fakulta Rokem svobody slova.<\/p>\n<p>Jana Bobo\u0161\u00edkov\u00e1 hovo\u0159ila o tom, \u017ee tato kampa\u0148 m\u011bla vytvo\u0159it atmosf\u00e9ru  strachu a zav\u0159\u00edt lidem \u00fasta a zastra\u0161it ty, kte\u0159\u00ed h\u00e1j\u00ed tradi\u010dn\u00ed hodnoty a  necht\u011bj\u00ed, aby v\u00a0Evropsk\u00e9 unii zanikly n\u00e1rodn\u00ed st\u00e1ty. \u201eBudeme-li  sjednocen\u00ed, m\u016f\u017eeme porazit pravdu a l\u00e1sku,&#8220; vyzvala nakonec.<\/p>\n<p>Hynek Fajmon hovo\u0159il o fenom\u00e9nu politick\u00e9 korektnosti, kter\u00fd k\u00a0n\u00e1m  p\u0159i\u0161el ze z\u00e1padu. Politick\u00e1 korektnost ur\u010duje, jak se m\u00e1 o v\u011bcech  hovo\u0159it a manipuluje realitou ve prosp\u011bch levicov\u00e9ho sv\u011bton\u00e1zoru, co\u017e  velmi r\u00e1di d\u011blaj\u00ed i zap\u00e1len\u00ed novin\u00e1\u0159i. P\u0159edepisuje, jak se m\u00e1 spr\u00e1vn\u011b  t\u0159eba hovo\u0159it o homosexu\u00e1lech a \u010derno\u0161\u00edch. Ocenil Akci D.O.S.T., \u017ee h\u00e1j\u00ed  svobodu slova proti jej\u00edmu omezov\u00e1n\u00ed politickou korektnost\u00ed.<\/p>\n<p><strong>Norm\u00e1ln\u00ed lid\u00e9 jsou dnes extremisty<\/strong><\/p>\n<p>Ji\u0159\u00ed Hejlek pojal sv\u016fj p\u0159\u00edsp\u011bvek v\u00edce filozoficky. \u201eZn\u00e1m L\u00e1\u010fu B\u00e1toru 40  let, ale jestli n\u011bkdo nen\u00ed xenofobem, tak je to on. Jako t\u0159\u00ed\u010dtvrte\u010dn\u00ed  Ma\u010far ani nem\u016f\u017ee,&#8220; sm\u00e1l se na \u00favod Hejlek. Ten hovo\u0159il o tom, \u017ee  postmodern\u00ed \u201ehumanistick\u00e1&#8220; levice p\u0159ekroutila hodnoty a co bylo d\u0159\u00edve  extr\u00e9mn\u00ed nep\u0159ijateln\u00e9 se dnes st\u00e1v\u00e1 normou a co bylo d\u0159\u00edve norm\u00e1ln\u00ed a  tradi\u010dn\u00ed se po t\u00e9to nemarxistick\u00e9 revoluci st\u00e1v\u00e1 extr\u00e9mistick\u00fdm.<\/p>\n<p>P\u0159edseda Mlad\u00fdch k\u0159es\u0165ansk\u00fdch demokrat\u016f Petr Jur\u010d\u00edk \u0159ekl, \u017ee B\u00e1tora nen\u00ed  \u017e\u00e1dn\u00fd xenofob a neonacista a \u017ee si MKD podobnou medi\u00e1ln\u00ed manipulaci  za\u017eili, kdy\u017e spolupo\u0159\u00e1dali Pochod pro rodinu a byli p\u0159i\u0159azeni  k\u00a0neonacist\u016fm. \u201eNev\u00edm, zda jsou n\u00e1zory Ladislava B\u00e1tory levicov\u00e9, nebo  pravicov\u00e9, ale ka\u017edop\u00e1dn\u011b jsou pravdiv\u00e9,&#8220; \u0159ekl Jur\u010d\u00edk, kter\u00e9mu b\u00e1tori\u00e1da  p\u0159ipomn\u011bla kampa\u0148 vedenou proti poradci premi\u00e9ra Romanu Jochovi. \u0158ekl,  \u017ee kandidaturu B\u00e1tory za N\u00e1rodn\u00ed stranu nepova\u017eoval za \u0161\u0165astnou, ale \u017ee  odborn\u00edk na extremismus Miroslav Mare\u0161 o n\u00ed napsal, \u017ee nen\u00ed  extremistick\u00e1 a \u017ee je protinacistick\u00e1.<\/p>\n<p><a href=\"http:\/\/www.parlamentnilisty.cz\/zpravy\/192705.aspx\" target=\"_blank\">Zdroj<\/a><\/p>\n","protected":false},"excerpt":{"rendered":"<p>V pond\u011bl\u00ed se uskute\u010dnily Hovory na pravici II. po\u0159\u00e1dan\u00e9 konzervativn\u00ed Akc\u00ed D.O.S.T. tentokr\u00e1te na t\u00e9ma, o \u010dem v\u0161em vypov\u011bd\u011bla medi\u00e1ln\u00ed kampa\u0148 proti Ladislavu B\u00e1torovi. Nej\u010dast\u011bji se zde sklo\u0148ovala slova jako politick\u00e1 korektnost, pravdol\u00e1ska \u010di medi\u00e1ln\u00ed manipulace. Prezident\u016fv tajemn\u00edk Ladislav Jakl si zde v\u016fbec nebral serv\u00edtky.<\/p>\n","protected":false},"author":1,"featured_media":0,"comment_status":"open","ping_status":"open","sticky":false,"template":"","format":"standard","meta":{"ngg_post_thumbnail":0,"footnotes":""},"categories":[11],"tags":[],"class_list":["post-878","post","type-post","status-publish","format-standard","hentry","category-ozvena"],"_links":{"self":[{"href":"https:\/\/www.ladislavjakl.cz\/index.php?rest_route=\/wp\/v2\/posts\/878","targetHints":{"allow":["GET"]}}],"collection":[{"href":"https:\/\/www.ladislavjakl.cz\/index.php?rest_route=\/wp\/v2\/posts"}],"about":[{"href":"https:\/\/www.ladislavjakl.cz\/index.php?rest_route=\/wp\/v2\/types\/post"}],"author":[{"embeddable":true,"href":"https:\/\/www.ladislavjakl.cz\/index.php?rest_route=\/wp\/v2\/users\/1"}],"replies":[{"embeddable":true,"href":"https:\/\/www.ladislavjakl.cz\/index.php?rest_route=%2Fwp%2Fv2%2Fcomments&post=878"}],"version-history":[{"count":1,"href":"https:\/\/www.ladislavjakl.cz\/index.php?rest_route=\/wp\/v2\/posts\/878\/revisions"}],"predecessor-version":[{"id":879,"href":"https:\/\/www.ladislavjakl.cz\/index.php?rest_route=\/wp\/v2\/posts\/878\/revisions\/879"}],"wp:attachment":[{"href":"https:\/\/www.ladislavjakl.cz\/index.php?rest_route=%2Fwp%2Fv2%2Fmedia&parent=878"}],"wp:term":[{"taxonomy":"category","embeddable":true,"href":"https:\/\/www.ladislavjakl.cz\/index.php?rest_route=%2Fwp%2Fv2%2Fcategories&post=878"},{"taxonomy":"post_tag","embeddable":true,"href":"https:\/\/www.ladislavjakl.cz\/index.php?rest_route=%2Fwp%2Fv2%2Ftags&post=878"}],"curies":[{"name":"wp","href":"https:\/\/api.w.org\/{rel}","templated":true}]}}