{"id":8795,"date":"2018-08-01T11:57:29","date_gmt":"2018-08-01T09:57:29","guid":{"rendered":"http:\/\/www.ladislavjakl.cz\/?p=8795"},"modified":"2018-08-31T12:10:23","modified_gmt":"2018-08-31T10:10:23","slug":"video-ladislav-jakl-na-ct24","status":"publish","type":"post","link":"https:\/\/www.ladislavjakl.cz\/?p=8795","title":{"rendered":"Video: Ladislav Jakl na \u010cT24"},"content":{"rendered":"<p>Trump je legitimn\u00edm p\u0159edstavitelem svobodn\u00e9ho sv\u011bta, jeho kritici se neum\u011bj\u00ed sm\u00ed\u0159it s v\u00fdsledkem voleb.<\/p>\n<p><!--more--><\/p>\n<p>Ladislav Jakl byl ve \u010dtvrtek dne 19. \u010dervence 2018 hostem v po\u0159adu \u010cesk\u00e9 televize &#8211; Ud\u00e1losti, koment\u00e1\u0159e. Z\u00e1znam rozhovoru naleznete&nbsp;<a href=\"https:\/\/www.ceskatelevize.cz\/porady\/1096898594-udalosti-komentare\/218411000370719\/\">zde.<\/a><\/p>\n<p><a href=\"https:\/\/www.ceskatelevize.cz\/porady\/1096898594-udalosti-komentare\/218411000370719\/&amp;sirka=1000\"><img loading=\"lazy\" decoding=\"async\" class=\"\" src=\"http:\/\/institutvk.cz\/libs\/obrazky.php?id=jakl_t.JPG&amp;sirka=634\" width=\"701\" height=\"335\"><\/a><\/p>\n<p><a href=\"http:\/\/institutvk.cz\/clanky\/1168.html\">Zdroj<\/a><\/p>\n","protected":false},"excerpt":{"rendered":"<p>Trump je legitimn\u00edm p\u0159edstavitelem svobodn\u00e9ho sv\u011bta, jeho kritici se neum\u011bj\u00ed sm\u00ed\u0159it s v\u00fdsledkem voleb.<\/p>\n","protected":false},"author":1,"featured_media":0,"comment_status":"open","ping_status":"open","sticky":false,"template":"","format":"standard","meta":{"ngg_post_thumbnail":0,"footnotes":""},"categories":[22,13,12],"tags":[],"class_list":["post-8795","post","type-post","status-publish","format-standard","hentry","category-jakl-senator","category-rozhovory","category-video"],"_links":{"self":[{"href":"https:\/\/www.ladislavjakl.cz\/index.php?rest_route=\/wp\/v2\/posts\/8795","targetHints":{"allow":["GET"]}}],"collection":[{"href":"https:\/\/www.ladislavjakl.cz\/index.php?rest_route=\/wp\/v2\/posts"}],"about":[{"href":"https:\/\/www.ladislavjakl.cz\/index.php?rest_route=\/wp\/v2\/types\/post"}],"author":[{"embeddable":true,"href":"https:\/\/www.ladislavjakl.cz\/index.php?rest_route=\/wp\/v2\/users\/1"}],"replies":[{"embeddable":true,"href":"https:\/\/www.ladislavjakl.cz\/index.php?rest_route=%2Fwp%2Fv2%2Fcomments&post=8795"}],"version-history":[{"count":1,"href":"https:\/\/www.ladislavjakl.cz\/index.php?rest_route=\/wp\/v2\/posts\/8795\/revisions"}],"predecessor-version":[{"id":8796,"href":"https:\/\/www.ladislavjakl.cz\/index.php?rest_route=\/wp\/v2\/posts\/8795\/revisions\/8796"}],"wp:attachment":[{"href":"https:\/\/www.ladislavjakl.cz\/index.php?rest_route=%2Fwp%2Fv2%2Fmedia&parent=8795"}],"wp:term":[{"taxonomy":"category","embeddable":true,"href":"https:\/\/www.ladislavjakl.cz\/index.php?rest_route=%2Fwp%2Fv2%2Fcategories&post=8795"},{"taxonomy":"post_tag","embeddable":true,"href":"https:\/\/www.ladislavjakl.cz\/index.php?rest_route=%2Fwp%2Fv2%2Ftags&post=8795"}],"curies":[{"name":"wp","href":"https:\/\/api.w.org\/{rel}","templated":true}]}}