{"id":8797,"date":"2018-08-01T13:03:59","date_gmt":"2018-08-01T11:03:59","guid":{"rendered":"http:\/\/www.ladislavjakl.cz\/?p=8797"},"modified":"2018-08-08T13:53:33","modified_gmt":"2018-08-08T11:53:33","slug":"jakl-do-senatu","status":"publish","type":"post","link":"https:\/\/www.ladislavjakl.cz\/?p=8797","title":{"rendered":"JAKL DO SEN\u00c1TU!"},"content":{"rendered":"<p>Ladislav Jakl bude v nadch\u00e1zej\u00edc\u00edch sen\u00e1tn\u00edch volb\u00e1ch kandidovat ve volebn\u00edm obvod\u011b \u010d. 26 (Praha 2). Navrhovatelem je SPD. Podporu p\u0159isl\u00edbila i Akce D. O. S. T. a Strana svobodn\u00fdch ob\u010dan\u016f, k jejich\u017e programu se L. Jakl nad\u00e1le hl\u00e1s\u00ed.<\/p>\n<p><!--more--><\/p>\n<p>Nab\u00eddku SPD p\u0159ijal L. Jakl zejm\u00e9na proto, \u017ee tato strana je na \u010desk\u00e9 politick\u00e9 sc\u00e9n\u011b zdaleka nejd\u016fsledn\u011bj\u0161\u00edm kritikem Evropskou uni\u00ed organizovan\u00e9 masov\u00e9 imigrace a bruselsk\u00e9ho centralismu, co\u017e jsou podle Jakla aktu\u00e1ln\u00ed hlavn\u00ed hrozby pro na\u0161i svobodu a existenci. Jako dosud v\u017edy hodl\u00e1 L. Jakl i nad\u00e1le h\u00e1jit svobodu jednotlivce proti rozp\u00ednav\u00e9mu st\u00e1tu, proti \u0161ikan\u011b lid\u00ed st\u00e1le nov\u00fdmi z\u00e1kazy a p\u0159\u00edkazy a proti soci\u00e1ln\u00edmu in\u017een\u00fdrstv\u00ed v\u0161eho druhu. St\u00e1t nem\u00e1 lidem vnucovat silou jakkoli pozitivn\u00ed hodnoty, ale nesm\u00ed je ani aktivn\u011b ni\u010dit, jak to \u010din\u00ed dnes.<\/p>\n<p>Milan Kabrna, mana\u017eer Ladislava Jakla<\/p>\n","protected":false},"excerpt":{"rendered":"<p>Ladislav Jakl bude v nadch\u00e1zej\u00edc\u00edch sen\u00e1tn\u00edch volb\u00e1ch kandidovat ve volebn\u00edm obvod\u011b \u010d. 26 (Praha 2). Navrhovatelem je SPD. Podporu p\u0159isl\u00edbila i Akce D. O. S. T. a Strana svobodn\u00fdch ob\u010dan\u016f, k jejich\u017e programu se L. Jakl nad\u00e1le hl\u00e1s\u00ed.<\/p>\n","protected":false},"author":1,"featured_media":0,"comment_status":"open","ping_status":"open","sticky":false,"template":"","format":"standard","meta":{"ngg_post_thumbnail":0,"footnotes":""},"categories":[22],"tags":[],"class_list":["post-8797","post","type-post","status-publish","format-standard","hentry","category-jakl-senator"],"_links":{"self":[{"href":"https:\/\/www.ladislavjakl.cz\/index.php?rest_route=\/wp\/v2\/posts\/8797","targetHints":{"allow":["GET"]}}],"collection":[{"href":"https:\/\/www.ladislavjakl.cz\/index.php?rest_route=\/wp\/v2\/posts"}],"about":[{"href":"https:\/\/www.ladislavjakl.cz\/index.php?rest_route=\/wp\/v2\/types\/post"}],"author":[{"embeddable":true,"href":"https:\/\/www.ladislavjakl.cz\/index.php?rest_route=\/wp\/v2\/users\/1"}],"replies":[{"embeddable":true,"href":"https:\/\/www.ladislavjakl.cz\/index.php?rest_route=%2Fwp%2Fv2%2Fcomments&post=8797"}],"version-history":[{"count":1,"href":"https:\/\/www.ladislavjakl.cz\/index.php?rest_route=\/wp\/v2\/posts\/8797\/revisions"}],"predecessor-version":[{"id":8798,"href":"https:\/\/www.ladislavjakl.cz\/index.php?rest_route=\/wp\/v2\/posts\/8797\/revisions\/8798"}],"wp:attachment":[{"href":"https:\/\/www.ladislavjakl.cz\/index.php?rest_route=%2Fwp%2Fv2%2Fmedia&parent=8797"}],"wp:term":[{"taxonomy":"category","embeddable":true,"href":"https:\/\/www.ladislavjakl.cz\/index.php?rest_route=%2Fwp%2Fv2%2Fcategories&post=8797"},{"taxonomy":"post_tag","embeddable":true,"href":"https:\/\/www.ladislavjakl.cz\/index.php?rest_route=%2Fwp%2Fv2%2Ftags&post=8797"}],"curies":[{"name":"wp","href":"https:\/\/api.w.org\/{rel}","templated":true}]}}